{"id":1173180,"date":"2026-07-17T10:50:19","date_gmt":"2026-07-17T10:50:19","guid":{"rendered":"https:\/\/www.europesays.com\/de\/1173180\/"},"modified":"2026-07-17T10:50:19","modified_gmt":"2026-07-17T10:50:19","slug":"a8-bei-karlsruhe-schwertransport-legt-autobahn-ueberleitung-lahm","status":"publish","type":"post","link":"https:\/\/www.europesays.com\/de\/1173180\/","title":{"rendered":"A8 bei Karlsruhe: Schwertransport legt Autobahn-\u00dcberleitung lahm"},"content":{"rendered":"<p>90-Meter-Schwertransport <\/p>\n<p>Windradfl\u00fcgel legt Autobahn\u00fcberleitung lahm<\/p>\n<p>17.07.2026 &#8211; 12:46 UhrLesedauer: 1 Min.<\/p>\n<p><a href=\"#focus-0\" class=\"transition-colors block text-current relative\" data-sctrack=\"FocusGalleryImage.Reference\"><img fetchpriority=\"high\" data-testid=\"Opener.Image\"   loading=\"eager\" src=\"https:\/\/www.europesays.com\/de\/wp-content\/uploads\/2026\/07\/1784285418_294_image.jpg\" alt=\"urn:newsml:dpa.com:20090101:260717-935-1486455\" title=\"urn:newsml:dpa.com:20090101:260717-935-1486455\" width=\"800\" height=\"450\" class=\"bg-[url:var(--lqipURL)] bg-cover bg-center flex h-full w-full max-w-full\" style=\"--lqipURL:url('https:\/\/images.t-online.de\/2026\/07\/Cti3-qUQ-uIN\/0x75:800x450\/fit-in\/150x0\/filters:blur(25)\/image.jpg')\" decoding=\"async\"\/><img loading=\"lazy\" src=\"https:\/\/www.t-online.de\/s\/paper\/_next\/static\/media\/zoom-in.f7dae02f.svg\" alt=\"Vergr\u00f6\u00dfern des Bildes\" title=\"Vergr\u00f6\u00dfern des Bildes\" class=\"block h-[calc(var(--height)_\/_16_*_1rem)] w-[calc(var(--width)_\/_16_*_1rem)] max-w-none absolute right-8 bottom-8 rounded-4 bg-snow p-8\" style=\"--width:32;--height:32\" decoding=\"async\"\/><\/a><\/p>\n<p>Ein defekter Schwertransport mit einem Windradfl\u00fcgel legt derzeit eine Verbindung am Autobahnkreuz Stuttgart lahm. (Quelle: Andreas Rosar\/dpa)<\/p>\n<p><img loading=\"lazy\" src=\"https:\/\/www.t-online.de\/s\/paper\/_next\/static\/media\/audio-volume.6689034c.svg\" alt=\"\" title=\"\" class=\"block h-[calc(var(--height)_\/_16_*_1rem)] w-[calc(var(--width)_\/_16_*_1rem)] max-w-none group-hover:brightness-0 group-hover:invert\" style=\"--width:16;--height:16\" decoding=\"async\"\/>Vorlesen<\/p>\n<p>Aktuelle Zeit:0:00Gesamtdauer:0:00<\/p>\n<p>1x<\/p>\n<p class=\"text-center\">Jetzt neu bei t-online:<\/p>\n<p class=\"text-center\">Schriftgr\u00f6\u00dfe anpassen!<\/p>\n<p><img loading=\"lazy\" src=\"https:\/\/www.t-online.de\/s\/paper\/_next\/static\/media\/font-sizes.32942e33.svg\" alt=\"\" title=\"\" class=\"block h-[calc(var(--height)_\/_16_*_1rem)] w-[calc(var(--width)_\/_16_*_1rem)] max-w-none group-hover:hidden group-aria-expanded:hidden\" style=\"--width:16;--height:16\" decoding=\"async\"\/><img loading=\"lazy\" src=\"https:\/\/www.t-online.de\/s\/paper\/_next\/static\/media\/font-sizes-dark-mode.e382645c.svg\" alt=\"\" title=\"\" class=\"block h-[calc(var(--height)_\/_16_*_1rem)] w-[calc(var(--width)_\/_16_*_1rem)] max-w-none hidden group-hover:block group-aria-expanded:block\" style=\"--width:16;--height:16\" decoding=\"async\"\/><img loading=\"lazy\" src=\"https:\/\/www.t-online.de\/s\/paper\/_next\/static\/media\/sharing-menu-icon.1eb71368.svg\" alt=\"\" title=\"\" class=\"block h-[calc(var(--height)_\/_16_*_1rem)] w-[calc(var(--width)_\/_16_*_1rem)] max-w-none group-hover:brightness-0 group-hover:invert\" style=\"--width:16;--height:16\" decoding=\"async\"\/>Artikel teilen<\/p>\n<p class=\"font-bold text-18 leading-17 user-text-lg:text-22 user-text-xl:text-24\">Ein 90 Meter langer Schwertransport bleibt auf der Autobahn liegen. Ein Windradfl\u00fcgel blockiert die \u00dcberleitung von der A8 auf die A81.<\/p>\n<p class=\"text-18 leading-17 user-text-lg:text-22 user-text-xl:text-24\">Ein technischer Defekt an einem rund 90 Meter langen Schwertransport hat die \u00dcberleitung von der A8 auf die A81 in Richtung Singen lahmgelegt. Das Gespann ist mit einem Windradfl\u00fcgel beladen und blockiert die gesamte Fahrbahn.<\/p>\n<p class=\"text-18 leading-17 user-text-lg:text-22 user-text-xl:text-24\">Betroffen ist die \u00dcberleitung f\u00fcr Autofahrer, die auf der A8 aus Karlsruhe kommen und auf die A81 in Richtung Singen wechseln wollen, teilt die Polizei in Ludwigsburg mit.<\/p>\n<p>Spezialanh\u00e4nger l\u00e4sst sich nur schwer reparieren<\/p>\n<p class=\"text-18 leading-17 user-text-lg:text-22 user-text-xl:text-24\">Der Defekt trat am sogenannten Nachl\u00e4ufer auf. Dabei handelt es sich um einen Spezialanh\u00e4nger f\u00fcr besonders gro\u00dfe Ladungen. Weil sich die Reparatur schwierig gestaltet, bleibt die \u00dcberleitung voraussichtlich bis in die Nacht auf Samstag gesperrt.<\/p>\n<p class=\"text-18 leading-17 user-text-lg:text-22 user-text-xl:text-24\">F\u00fcr den Verkehr gelten \u00f6rtliche Umleitungen. Autofahrer sollten au\u00dferdem die Hinweise im Verkehrswarnfunk beachten.<\/p>\n","protected":false},"excerpt":{"rendered":"90-Meter-Schwertransport Windradfl\u00fcgel legt Autobahn\u00fcberleitung lahm 17.07.2026 &#8211; 12:46 UhrLesedauer: 1 Min. Ein defekter Schwertransport mit einem Windradfl\u00fcgel legt&hellip;\n","protected":false},"author":2,"featured_media":1173181,"comment_status":"","ping_status":"","sticky":false,"template":"","format":"standard","meta":{"footnotes":"","_share_on_mastodon":"0"},"categories":[1844],"tags":[722,1434,522,6243,245663,1634,3364,29,30,8903,44424,1441,63483,245553],"class_list":["post-1173180","post","type-post","status-publish","format-standard","has-post-thumbnail","category-karlsruhe","tag-722","tag-1434","tag-522","tag-autobahnkreuz","tag-autobahnueberleitung","tag-baden-wuerttemberg","tag-de","tag-deutschland","tag-germany","tag-karlsruhe","tag-schwertransport","tag-stuttgart","tag-ueberleitung","tag-windradfluegel"],"share_on_mastodon":{"url":"https:\/\/pubeurope.com\/@de\/116934936672053735","error":""},"_links":{"self":[{"href":"https:\/\/www.europesays.com\/de\/wp-json\/wp\/v2\/posts\/1173180","targetHints":{"allow":["GET"]}}],"collection":[{"href":"https:\/\/www.europesays.com\/de\/wp-json\/wp\/v2\/posts"}],"about":[{"href":"https:\/\/www.europesays.com\/de\/wp-json\/wp\/v2\/types\/post"}],"author":[{"embeddable":true,"href":"https:\/\/www.europesays.com\/de\/wp-json\/wp\/v2\/users\/2"}],"replies":[{"embeddable":true,"href":"https:\/\/www.europesays.com\/de\/wp-json\/wp\/v2\/comments?post=1173180"}],"version-history":[{"count":0,"href":"https:\/\/www.europesays.com\/de\/wp-json\/wp\/v2\/posts\/1173180\/revisions"}],"wp:featuredmedia":[{"embeddable":true,"href":"https:\/\/www.europesays.com\/de\/wp-json\/wp\/v2\/media\/1173181"}],"wp:attachment":[{"href":"https:\/\/www.europesays.com\/de\/wp-json\/wp\/v2\/media?parent=1173180"}],"wp:term":[{"taxonomy":"category","embeddable":true,"href":"https:\/\/www.europesays.com\/de\/wp-json\/wp\/v2\/categories?post=1173180"},{"taxonomy":"post_tag","embeddable":true,"href":"https:\/\/www.europesays.com\/de\/wp-json\/wp\/v2\/tags?post=1173180"}],"curies":[{"name":"wp","href":"https:\/\/api.w.org\/{rel}","templated":true}]}}