{"id":1173304,"date":"2026-07-17T12:06:17","date_gmt":"2026-07-17T12:06:17","guid":{"rendered":"https:\/\/www.europesays.com\/de\/1173304\/"},"modified":"2026-07-17T12:06:17","modified_gmt":"2026-07-17T12:06:17","slug":"ab-montag-premier-andy-burnham-ist-neuer-vorsitzender-der-labour-partei","status":"publish","type":"post","link":"https:\/\/www.europesays.com\/de\/1173304\/","title":{"rendered":"Ab Montag Premier: Andy Burnham ist neuer Vorsitzender der Labour-Partei"},"content":{"rendered":"<p>Ab Montag PremierAndy Burnham ist neuer Vorsitzender der Labour-Partei<\/p>\n<p>17.07.2026, 13:22 Uhr <\/p>\n<p>Artikel anh\u00f6ren(03:17 min)<\/p>\n<p><img decoding=\"async\" class=\"Image_img__fQCi0 Image_Img_16_9__4BLfH widget-picture-inline_maximizable__t_E7h\" loading=\"eager\" fetchpriority=\"high\" src=\"https:\/\/www.europesays.com\/de\/wp-content\/uploads\/2026\/07\/July-17-2026-London-London-UK-LONDON-UK-Andy-Burnham-MP-for-Makerfield-arrives-at-Congress-House-hea.webp\" alt=\"July-17-2026-London-London-UK-LONDON-UK-Andy-Burnham-MP-for-Makerfield-arrives-at-Congress-House-headquarters-of-the-Trades-Union-Congress-TUC-to-attend-a-special-conference-where-he-will-be-confirmed-as-Leader-of-the-Labour-Party-Mr-Burnham-will-replace-Sir-Keir-Starmer-as-Prime-Minister-on-20-July\"\/>Burnham war der einzige Kandidat. (Foto: picture alliance \/ ZUMAPRESS.com)TeilenFolgen auf:<a href=\"https:\/\/www.whatsapp.com\/channel\/0029Va5cdVJD8SDp5YZgYF01\" title=\"Auf WhatsApp folgen\" target=\"_blank\" rel=\"nofollow noopener\"><img decoding=\"async\" src=\"https:\/\/www.n-tv.de\/socialIcons\/whatsapp.svg\" alt=\"whatsapp\" class=\"ArticleShare_icon__FsrC2\"\/><\/a><a href=\"https:\/\/www.google.com\/preferences\/source?q=n-tv.de\" title=\"ntv als bevorzugte Quelle auf Google hinzuf\u00fcgen\" target=\"_blank\" rel=\"nofollow noopener\"><img decoding=\"async\" src=\"https:\/\/www.n-tv.de\/socialIcons\/google.svg\" alt=\"whatsapp\" class=\"ArticleShare_icon__FsrC2\"\/><\/a><\/p>\n<p class=\"Typography_text-m__XI0da Typography_weight-bold__uT6mq storyline_lead_text_leadtext__q_wg8\">Er ist der gro\u00dfe Hoffnungstr\u00e4ger der Partei: Andy Burnham ist neuer Labour-Chef. Er tritt die Nachfolge von Keir Starmer an und soll als neuer Premierminister Gro\u00dfbritannien aus der Krise f\u00fchren. Sein Hauptziel: Die Zentralisierung Englands zur\u00fcckzudrehen. <\/p>\n<p class=\"Typography_text-default__P3otY Typography_weight-normal__pqUbH storyline_paragraph_p__qSR5N\">Andy Burnham ist zum neuen Vorsitzenden der britischen Regierungspartei Labour ernannt worden. Der fr\u00fchere B\u00fcrgermeister von Greater Manchester, der am Montag neuer Premierminister werden soll, tritt die Nachfolge von Keir Starmer an, der im Juni seinen R\u00fccktritt erkl\u00e4rt hatte. Burnham war der einzige Kandidat &#8211; und ist der gro\u00dfe Hoffnungstr\u00e4ger der Partei, der die tiefe Regierungskrise beenden soll.<\/p>\n<p class=\"Typography_text-default__P3otY Typography_weight-normal__pqUbH storyline_paragraph_p__qSR5N\">Er werde eine Regierung bilden, die &#8222;den Mut hat, die gro\u00dfen Dinge in Ordnung zu bringen, die die Politik vernachl\u00e4ssigt hat&#8220;, wurde Burnham im vorab kommunizierten Redemanuskript zitiert. Labour m\u00fcsse den Menschen in ganz Gro\u00dfbritannien &#8222;die Hoffnung geben, dass wir dieses Land zum Besten machen werden, das es sein kann&#8220;.<\/p>\n<p class=\"Typography_text-default__P3otY Typography_weight-normal__pqUbH storyline_paragraph_p__qSR5N\">Die Ernennung zum Premier erfolgt am Montag durch K\u00f6nig Charles III., der Burnham offiziell mit der Regierungsbildung beauftragen wird. Dann werden auch die Ministerposten vergeben. Burnham wird der siebte Regierungschef binnen zehn Jahren. Sein Vorg\u00e4nger Starmer war gut zwei Jahre nach seinem gro\u00dfen Wahlsieg mit Labour im Sommer 2024 dramatisch gescheitert.<\/p>\n<p class=\"Typography_text-default__P3otY Typography_weight-normal__pqUbH storyline_paragraph_p__qSR5N\">Gro\u00dfbritannien habe in den 1980er Jahren &#8222;eine Reihe falscher Abzweigungen genommen&#8220;, als die politische Macht zentralisiert und die wirtschaftliche Macht privatisiert worden sei, wurde Burnham zitiert. Er werde einen neuen Weg einschlagen, der ein anderer sein werde als der in den vergangenen 40 Jahren. Er werde die sozialdemokratische Partei zu ihren Wurzeln f\u00fchren.<\/p>\n<p class=\"Typography_text-default__P3otY Typography_weight-normal__pqUbH storyline_paragraph_p__qSR5N\">Burnham verspreche, dass die Partei unter seiner F\u00fchrung &#8222;unverhohlen Labour in unseren Priorit\u00e4ten und in den von uns getroffenen Entscheidungen sein wird, indem wir Menschen und Orte in den Mittelpunkt von allem stellen, was wir tun&#8220;. Unter dem Kostendruck der Kriege in der Ukraine und in Nahost sowie unter dem Druck der Rechtspopulisten hatte Starmer etliche Entscheidungen getroffen, die dem eigentlich sozialen Labour-Kern widersprachen.<\/p>\n<p class=\"Typography_text-default__P3otY Typography_weight-normal__pqUbH storyline_paragraph_p__qSR5N\">Mitentscheidend f\u00fcr das Scheitern der Starmer-Regierung war die dramatische Niederlage bei den Regional- und Kommunalwahlen im Mai zugunsten der rechtspopulistischen Partei Reform UK, die in Umfragen landesweit teils deutlich f\u00fchrt. Burnham soll nun f\u00fcr Labour die Wende herbeif\u00fchren. Der fr\u00fchere Minister, der bereits von 2001 bis 2017 im Parlament gesessen hatte, gilt als charismatischer als sein Vorg\u00e4nger.<\/p>\n<p class=\"Typography_text-default__P3otY Typography_weight-normal__pqUbH storyline_paragraph_p__qSR5N\">Er werde daf\u00fcr sorgen, dass Labour unter seiner F\u00fchrung geeinter sein, sich auf praktische L\u00f6sungen statt auf interne Spaltungen konzentrieren und offener f\u00fcr die Zusammenarbeit mit anderen Parteien sein werde, wurde Burnham zitiert. Er werde sich verpflichten, ein Premier &#8222;f\u00fcr den Norden und den S\u00fcden, f\u00fcr Schottland, f\u00fcr Wales und f\u00fcr Nordirland sowie f\u00fcr jede Kleinstadt und jede Gro\u00dfstadt in jeder Nation und Region dieses gro\u00dfen Landes&#8220; zu sein.<\/p>\n<p class=\"Typography_text-s__wu_cm Typography_weight-normal__pqUbH Typography_color-darkgrey__sZEnP article-detail-footer_source__KslPc\">Quelle: ntv.de, are\/dpa<\/p>\n","protected":false},"excerpt":{"rendered":"Ab Montag PremierAndy Burnham ist neuer Vorsitzender der Labour-Partei 17.07.2026, 13:22 Uhr Artikel anh\u00f6ren(03:17 min) Burnham war der&hellip;\n","protected":false},"author":2,"featured_media":1173305,"comment_status":"","ping_status":"","sticky":false,"template":"","format":"standard","meta":{"footnotes":"","_share_on_mastodon":"0"},"categories":[5],"tags":[551,13,29537,14,15,16,12,10,8,9,11],"class_list":["post-1173304","post","type-post","status-publish","format-standard","has-post-thumbnail","category-nachrichten","tag-grossbritannien","tag-headlines","tag-labour-partei","tag-nachrichten","tag-news","tag-politik","tag-schlagzeilen","tag-top-news","tag-top-meldungen","tag-topmeldungen","tag-topnews"],"share_on_mastodon":{"url":"https:\/\/pubeurope.com\/@de\/116935235515582731","error":""},"_links":{"self":[{"href":"https:\/\/www.europesays.com\/de\/wp-json\/wp\/v2\/posts\/1173304","targetHints":{"allow":["GET"]}}],"collection":[{"href":"https:\/\/www.europesays.com\/de\/wp-json\/wp\/v2\/posts"}],"about":[{"href":"https:\/\/www.europesays.com\/de\/wp-json\/wp\/v2\/types\/post"}],"author":[{"embeddable":true,"href":"https:\/\/www.europesays.com\/de\/wp-json\/wp\/v2\/users\/2"}],"replies":[{"embeddable":true,"href":"https:\/\/www.europesays.com\/de\/wp-json\/wp\/v2\/comments?post=1173304"}],"version-history":[{"count":0,"href":"https:\/\/www.europesays.com\/de\/wp-json\/wp\/v2\/posts\/1173304\/revisions"}],"wp:featuredmedia":[{"embeddable":true,"href":"https:\/\/www.europesays.com\/de\/wp-json\/wp\/v2\/media\/1173305"}],"wp:attachment":[{"href":"https:\/\/www.europesays.com\/de\/wp-json\/wp\/v2\/media?parent=1173304"}],"wp:term":[{"taxonomy":"category","embeddable":true,"href":"https:\/\/www.europesays.com\/de\/wp-json\/wp\/v2\/categories?post=1173304"},{"taxonomy":"post_tag","embeddable":true,"href":"https:\/\/www.europesays.com\/de\/wp-json\/wp\/v2\/tags?post=1173304"}],"curies":[{"name":"wp","href":"https:\/\/api.w.org\/{rel}","templated":true}]}}