{"id":1173643,"date":"2026-07-17T15:28:17","date_gmt":"2026-07-17T15:28:17","guid":{"rendered":"https:\/\/www.europesays.com\/de\/1173643\/"},"modified":"2026-07-17T15:28:17","modified_gmt":"2026-07-17T15:28:17","slug":"europa-debatte-im-landratsamt-pforzheim-warum-ausgerechnet-eine-gurke-zum-gespraechsstart-wurde-pforzheim","status":"publish","type":"post","link":"https:\/\/www.europesays.com\/de\/1173643\/","title":{"rendered":"Europa-Debatte im Landratsamt Pforzheim: Warum ausgerechnet eine Gurke zum Gespr\u00e4chsstart wurde &#8211; Pforzheim"},"content":{"rendered":"<p>Pforzheim. Wehrpflicht, K\u00fcnstliche Intelligenz, Fake News und die Zukunft der Demokratie: Themen, die auch Menschen in der Region besch\u00e4ftigen, standen im Mittelpunkt einer Europa-Diskussion im Landratsamt. Staatsminister Gunther Krichbaum erkl\u00e4rt, welche Herausforderungen er f\u00fcr Europa sieht \u2013 und warum er dennoch optimistisch bleibt.<\/p>\n<p>Diese Gurke, sagt Katja Kreeb, habe EU-Geschichte geschrieben. Und es simmt: Die<\/p>\n","protected":false},"excerpt":{"rendered":"Pforzheim. Wehrpflicht, K\u00fcnstliche Intelligenz, Fake News und die Zukunft der Demokratie: Themen, die auch Menschen in der Region&hellip;\n","protected":false},"author":2,"featured_media":1173644,"comment_status":"","ping_status":"","sticky":false,"template":"","format":"standard","meta":{"footnotes":"","_share_on_mastodon":"0"},"categories":[3933],"tags":[331,332,31,146,548,663,158,3934,3935,20933,13,671,14,15,10469,16,12,690],"class_list":["post-1173643","post","type-post","status-publish","format-standard","has-post-thumbnail","category-eu","tag-aktuelle-nachrichten","tag-aktuelle-news","tag-cdu","tag-demokratie","tag-eu","tag-europa","tag-europaeische-union","tag-europe","tag-european-union","tag-fake-news","tag-headlines","tag-ki","tag-nachrichten","tag-news","tag-pforzheim","tag-politik","tag-schlagzeilen","tag-wehrpflicht"],"share_on_mastodon":{"url":"https:\/\/pubeurope.com\/@de\/116936029405803062","error":""},"_links":{"self":[{"href":"https:\/\/www.europesays.com\/de\/wp-json\/wp\/v2\/posts\/1173643","targetHints":{"allow":["GET"]}}],"collection":[{"href":"https:\/\/www.europesays.com\/de\/wp-json\/wp\/v2\/posts"}],"about":[{"href":"https:\/\/www.europesays.com\/de\/wp-json\/wp\/v2\/types\/post"}],"author":[{"embeddable":true,"href":"https:\/\/www.europesays.com\/de\/wp-json\/wp\/v2\/users\/2"}],"replies":[{"embeddable":true,"href":"https:\/\/www.europesays.com\/de\/wp-json\/wp\/v2\/comments?post=1173643"}],"version-history":[{"count":0,"href":"https:\/\/www.europesays.com\/de\/wp-json\/wp\/v2\/posts\/1173643\/revisions"}],"wp:featuredmedia":[{"embeddable":true,"href":"https:\/\/www.europesays.com\/de\/wp-json\/wp\/v2\/media\/1173644"}],"wp:attachment":[{"href":"https:\/\/www.europesays.com\/de\/wp-json\/wp\/v2\/media?parent=1173643"}],"wp:term":[{"taxonomy":"category","embeddable":true,"href":"https:\/\/www.europesays.com\/de\/wp-json\/wp\/v2\/categories?post=1173643"},{"taxonomy":"post_tag","embeddable":true,"href":"https:\/\/www.europesays.com\/de\/wp-json\/wp\/v2\/tags?post=1173643"}],"curies":[{"name":"wp","href":"https:\/\/api.w.org\/{rel}","templated":true}]}}