{"id":117373,"date":"2025-05-17T09:24:17","date_gmt":"2025-05-17T09:24:17","guid":{"rendered":"https:\/\/www.europesays.com\/de\/117373\/"},"modified":"2025-05-17T09:24:17","modified_gmt":"2025-05-17T09:24:17","slug":"streit-um-ein-schmuckstueck-haller-diering-villa-vor-ungewisser-zukunft-haller-kreisblatt","status":"publish","type":"post","link":"https:\/\/www.europesays.com\/de\/117373\/","title":{"rendered":"Streit um ein Schmuckst\u00fcck \u2013 Haller Diering-Villa vor ungewisser Zukunft | Haller Kreisblatt"},"content":{"rendered":"<p id=\"absatz1\" class=\"em_text\">Es war \u00fcber Monate eines der wichtigsten st\u00e4dtebaulichen Themen Halles. Der geplante Abriss der au\u00dfergew\u00f6hnlichen Diering-Villa, 1939 vom gleichnamigen Chefarzt des Haller Krankenhauses mit dem f\u00fcr die damalige Zeit angemessenen Luxus erbaut. Ein Denkmal f\u00fcr Halle, sagen viele B\u00fcrgerinnen und B\u00fcrger. Ein in die Jahre gekommenes Investitionsobjekt, mit dem etwas passieren muss, sagt die Meller Eigent\u00fcmer-Familie Upmeyer.<\/p>\n<p id=\"absatz2\" class=\"em_text\">Sie wollte das Haus abrei\u00dfen und einen dreigeschossigen Neubau mit zehn Eigentumswohnungen errichten. Das rief zun\u00e4chst die Mieter auf den Plan, die eine Bindung zu dem au\u00dfergew\u00f6hnlichen Haus aufgebaut und nach eigenem Bekunden dort auch investiert hatten. Und dann wurde in der gesamten Stadtgesellschaft diskutiert, ob dieses Haus nicht unter Denkmalschutz gestellt geh\u00f6rt. Was der Landschaftsverband Westfalen-Lippe (LWL) schlie\u00dflich auch tat.<\/p>\n<p id=\"absatz4\" class=\"em_text\">Mit ein wenig Abstand zu den juristischen Auseinandersetzungen, gespickt mit Gutachten und Gegengutachten, l\u00e4sst sich festhalten: Fraglos ist die Diering-Villa eine au\u00dfergew\u00f6hnliche Immobilie. Doch der Frust der Familie Upmeyer zugleich nachvollziehbar: Denn schlie\u00dflich hatten sie bereits im Oktober 2022 eine Baugenehmigung f\u00fcr Abriss und Neubau erhalten.<\/p>\n<p>Eigent\u00fcmer der Haller Chefarzt-Villa m\u00fcssen wirtschaftlich handeln<\/p>\n<p class=\"em_text\">Ein solches Objekt \u00fcber Jahrzehnte wirtschaftlich zu erhalten, bedeutet auch f\u00fcr die Eigent\u00fcmer eine gro\u00dfe wirtschaftliche Herausforderung. Sicherlich l\u00e4sst sich \u00fcber die Pl\u00e4ne, ein altehrw\u00fcrdiges Haus f\u00fcr den n\u00e4chsten Rendite-Komplex zu opfern, \u00e4stethisch streiten. Doch mit den wirtschaftlichen Aspekten solcher Entscheidungen sind nun einmal nur die Besitzer konfrontiert. Nicht die Mieter und auch nicht die beobachtende Stadtgesellschaft.<\/p>\n<p id=\"absatz6\"><b class=\"bold\">Die Vorgeschichte:<\/b> <a href=\"https:\/\/www.haller-kreisblatt.de\/lokal\/halle\/23512244_Diering-Villa-in-Halle-soll-fuer-Luxus-Wohnungen-abgerissen-werden.html\" rel=\"nofollow noopener\" target=\"_blank\">Markante Villa in Halle soll f\u00fcr Luxus-Wohnungen abgerissen werden <\/a><\/p>\n<p id=\"absatz7\" class=\"em_text\">Blickt man heute auf den Streit, d\u00fcrfte Ern\u00fcchterung einkehren. Dass die Mieter nach Recherchen meines Kollegen Uwe Pollmeier mittlerweile aufgrund des<a href=\"https:\/\/www.haller-kreisblatt.de\/lokal\/halle\/24100560_Rechtsstreit-um-eindrucksvolle-Haller-Arzt-Villa-So-geht-es-jetzt-weiter.html\" rel=\"nofollow noopener\" target=\"_blank\"> \u201egest\u00f6rten Verh\u00e4ltnisses\u201c <\/a>ausgezogen sind, \u00fcberrascht aufgrund ihrer gro\u00dfen Bindung zum Haus nur auf den ersten Blick. Auf den zweiten d\u00fcrfte es wohl keine harmonische Basis f\u00fcr ein Mietverh\u00e4ltnis mehr gegeben haben.<\/p>\n<p id=\"absatz8\" class=\"em_text\">Unterm Strich bedeutet das aber, dass dieses so gesch\u00e4tzte Haus nun zwar ein Denkmal ist, aber leer steht. Und die Stadt regelm\u00e4\u00dfig Kontrollen durchf\u00fchren l\u00e4sst, um sicherzustellen, dass dieses Geb\u00e4ude nicht verf\u00e4llt. Doch selbst wenn sich die Eigent\u00fcmer an diese Auflagen nach bestem Wissen und Gewissen halten \u2013 ohne Leben im Inneren ist diese Villa dem langsamen Sterben preisgegeben. Auch in Denkm\u00e4ler muss investiert werden, daran ist auch dem LWL gelegen.<\/p>\n<p>Halle Denkmal darf nicht zur Ruine werden<\/p>\n<p id=\"absatz9\" class=\"em_text\">Irgendwie mutet das gesamte Szenario paradox an. Wer die Geschichte dieses Streits verfolgt hat, wird in jedem Schritt der Konfliktparteien einen Sinn erkennen und auch ihre jeweiligen Argumente nachvollziehen k\u00f6nnen. Mit dem Ergebnis ist allerdings niemandem geholfen.<\/p>\n<p id=\"absatz10\"><b class=\"bold\">Der Streit: <\/b><a href=\"https:\/\/www.haller-kreisblatt.de\/lokal\/halle\/23775072_Diskussion-um-Denkmalschutz-Zukunft-der-Diering-Villa-steht-fest.html\" rel=\"nofollow noopener\" target=\"_blank\">Zukunft der Haller Arzt-Villa steht fest <\/a><\/p>\n<p id=\"absatz11\" class=\"em_text\">Die Mieter weg, das Haus leer \u2013 und Familie Upmeyer hat angek\u00fcndigt, weiter klagen zu wollen. Nicht gerade die besten Aussichten f\u00fcr das doch von allen Seiten so gesch\u00e4tzte Denkmal. Sollte sein Schutz auch in der m\u00f6glichen n\u00e4chsten Instanz best\u00e4tigt werden, sind darum nicht nur die Eigent\u00fcmer gefordert, der historischen Chefarzt-Villa eine Zukunft zu bauen. Hier ist dann die gesamte Stadtgesellschaft gefragt. Mit Ideen, mit Konzepten, mit Unterst\u00fctzung beim Anzapfen von F\u00f6rdert\u00f6pfen. Damit aus dem hei\u00df diskutierten Denkmal nicht irgendwann eine vergessene Ruine wird.<\/p>\n<p id=\"absatz12\"><b class=\"bold\">Aktuelle News bekommen Sie t\u00e4glich \u00fcber den<\/b> <a data-auth=\"NotApplicable\" data-linkindex=\"0\" href=\"https:\/\/whatsapp.com\/channel\/0029VagU0FW1SWsxhmHz2v0q\" rel=\"noreferrer noopener nofollow\" target=\"_blank\" title=\"https:\/\/whatsapp.com\/channel\/0029VagU0FW1SWsxhmHz2v0q\">WhatsApp-Kanal des HK<\/a> <\/p>\n","protected":false},"excerpt":{"rendered":"Es war \u00fcber Monate eines der wichtigsten st\u00e4dtebaulichen Themen Halles. Der geplante Abriss der au\u00dfergew\u00f6hnlichen Diering-Villa, 1939 vom&hellip;\n","protected":false},"author":2,"featured_media":117374,"comment_status":"","ping_status":"","sticky":false,"template":"","format":"standard","meta":{"footnotes":""},"categories":[1841],"tags":[1605,3364,3536,29,553,30,10125,732,4280,16402,16383,45161,16403,19081,19080,16405,1209,45160,22870],"class_list":{"0":"post-117373","1":"post","2":"type-post","3":"status-publish","4":"format-standard","5":"has-post-thumbnail","7":"category-bielefeld","8":"tag-bielefeld","9":"tag-de","10":"tag-denkmalschutz","11":"tag-deutschland","12":"tag-familie","13":"tag-germany","14":"tag-label_bauen","15":"tag-label_frei","16":"tag-label_l-120","17":"tag-label_ordne-fr-mich-ein","18":"tag-label_print-platziert","19":"tag-landschaftsverband-westfalen-lippe","20":"tag-meta_artikelklasse_kommentar","21":"tag-meta_copyrights_hk","22":"tag-meta_themen_stadtentwicklung","23":"tag-meta_userneeds_ordneein","24":"tag-nordrhein-westfalen","25":"tag-schmuckstck","26":"tag-wochenkommentar"},"share_on_mastodon":{"url":"https:\/\/pubeurope.com\/@de\/114522453719078502","error":""},"_links":{"self":[{"href":"https:\/\/www.europesays.com\/de\/wp-json\/wp\/v2\/posts\/117373","targetHints":{"allow":["GET"]}}],"collection":[{"href":"https:\/\/www.europesays.com\/de\/wp-json\/wp\/v2\/posts"}],"about":[{"href":"https:\/\/www.europesays.com\/de\/wp-json\/wp\/v2\/types\/post"}],"author":[{"embeddable":true,"href":"https:\/\/www.europesays.com\/de\/wp-json\/wp\/v2\/users\/2"}],"replies":[{"embeddable":true,"href":"https:\/\/www.europesays.com\/de\/wp-json\/wp\/v2\/comments?post=117373"}],"version-history":[{"count":0,"href":"https:\/\/www.europesays.com\/de\/wp-json\/wp\/v2\/posts\/117373\/revisions"}],"wp:featuredmedia":[{"embeddable":true,"href":"https:\/\/www.europesays.com\/de\/wp-json\/wp\/v2\/media\/117374"}],"wp:attachment":[{"href":"https:\/\/www.europesays.com\/de\/wp-json\/wp\/v2\/media?parent=117373"}],"wp:term":[{"taxonomy":"category","embeddable":true,"href":"https:\/\/www.europesays.com\/de\/wp-json\/wp\/v2\/categories?post=117373"},{"taxonomy":"post_tag","embeddable":true,"href":"https:\/\/www.europesays.com\/de\/wp-json\/wp\/v2\/tags?post=117373"}],"curies":[{"name":"wp","href":"https:\/\/api.w.org\/{rel}","templated":true}]}}