{"id":1173811,"date":"2026-07-17T17:09:20","date_gmt":"2026-07-17T17:09:20","guid":{"rendered":"https:\/\/www.europesays.com\/de\/1173811\/"},"modified":"2026-07-17T17:09:20","modified_gmt":"2026-07-17T17:09:20","slug":"donnerstag-runter-freitag-wieder-rauf-wahlplakat-irrsinn-in-hannover","status":"publish","type":"post","link":"https:\/\/www.europesays.com\/de\/1173811\/","title":{"rendered":"Donnerstag runter, Freitag wieder rauf: Wahlplakat-Irrsinn in Hannover"},"content":{"rendered":"<p>\n                Stand: 17.07.2026 17:58 Uhr<\/p>\n<p>                    <a href=\"https:\/\/www.europesays.com\/de\/wp-content\/uploads\/2026\/07\/wahlplakat284.webp\" class=\"zoomimage\" title=\"Bild vergr\u00f6\u00dfern\"><\/p>\n<p>        <img decoding=\"async\" src=\"https:\/\/www.europesays.com\/de\/wp-content\/uploads\/2026\/07\/wahlplakat284.webp\" alt=\"gro\u00dffl\u00e4chige Wahlplakate (hier: R\u00fcckseite)\" title=\"Die Parteien h\u00e4tten im Rat miteinander den 17. Juli als Starttermin f\u00fcr die Werbung vereinbart, so die Stadt. (Themenbild) | Imago, Frank Hormann\" class=\"responsive\" loading=\"lazy\"\/><\/p>\n<p>                    <\/a><\/p>\n<p>                    Die Parteien h\u00e4tten im Rat miteinander den 17. Juli als Starttermin f\u00fcr die Werbung vereinbart, so die Stadt. (Themenbild)<\/p>\n<p class=\"\">Die Stadt Hannover hat am Donnerstag gut 70 Wahlplakate entfernen lassen &#8211; weil diese erst ab Freitag in der Stadt h\u00e4tten h\u00e4ngen d\u00fcrfen. Mehrere Parteien haben laut einer Stadtsprecherin zu fr\u00fch plakatiert &#8211; welche genau dies waren, wollte sie nicht sagen. In der Plakatierungssatzung h\u00e4tten die Parteien im Rat miteinander den 17. Juli als Starttermin vereinbart. Entgegen dieser Satzung h\u00e4tten schon Anfang der Woche Plakate gehangen, daraufhin gab es Beschwerden. Den betroffenen Parteien sei bis Dienstag Zeit gegeben worden, die Plakate selbst zu entfernen. Weil das nicht passiert sei, habe nun ein externer Dienstleister die Plakate abgeh\u00e4ngt. Den Parteien w\u00fcrden pro Plakat 25 Euro in Rechnung gestellt. Dass die Plakate am letzten Tag vor dem erlaubten Termin abgeh\u00e4ngt wurden, rechtfertigt die Stadt mit der Gleichbehandlung aller Parteien, W\u00e4hlergemeinschaften und Bewerber.<\/p>\n<p>                News aus deiner Region &#8211; jetzt auch direkt per WhatsApp<\/p>\n<p>In unseren f\u00fcnf neuen regionalen WhatsApp-Kan\u00e4len versorgen wir dich ab sofort wochent\u00e4glich mit den wichtigsten Nachrichten, Themen und Geschichten aus deiner Heimat. <\/p>\n<p>\u00dcber diese Links kommst du direkt zu den Kan\u00e4len:<\/p>\n<p><a href=\"https:\/\/www.ndr.de\/nachrichten\/niedersachsen\/ndr-niedersachsen-auf-whatsapp-abonniere-die-news-aus-deiner-region,whatsappniedersachsen-100.html\" title=\"NDR Niedersachsen auf WhatsApp: Abonniere die News aus deiner Region\" rel=\"nofollow noopener\" target=\"_blank\">Abonniere News aus deiner Region<\/a> und aktiviere die Glocke, damit du nichts verpasst.<\/p>\n<p>        <img decoding=\"async\" src=\"https:\/\/www.europesays.com\/de\/wp-content\/uploads\/2026\/07\/wahl-534.webp\" alt=\"Wahlurne mit Wahlzettel, im Hintergrund das Landeswappen von Niedersachsen\" title=\"Wahlurne mit Wahlzettel, im Hintergrund das Landeswappen von Niedersachsen | Fotolia\/niyazz\/kebox, AdobeStock, joric\" class=\"responsive\" loading=\"lazy\"\/><\/p>\n<p>Neben den etablierten Parteien sind fast alle Bewerber zugelassen worden. Laut Landeswahlleiter gab es nur eine Ausnahme.<\/p>\n<p>Dieses Thema im Programm:<\/p>\n<p>                NDR 1 Niedersachsen | Regional Hannover | 16.07.2026 | 13:30 Uhr<\/p>\n<p>        Schlagw\u00f6rter zu diesem Artikel<\/p>\n<p>            <a href=\"https:\/\/www.ndr.de\/nachrichten\/niedersachsen\/hannover_weser-leinegebiet\/Hannover-Aktuelle-News-und-Nachrichten,hannover18518.html\" rel=\"nofollow noopener\" target=\"_blank\">Hannover<\/a><\/p>\n","protected":false},"excerpt":{"rendered":"Stand: 17.07.2026 17:58 Uhr Die Parteien h\u00e4tten im Rat miteinander den 17. Juli als Starttermin f\u00fcr die Werbung&hellip;\n","protected":false},"author":2,"featured_media":1171052,"comment_status":"","ping_status":"","sticky":false,"template":"","format":"standard","meta":{"footnotes":"","_share_on_mastodon":"0"},"categories":[1836],"tags":[245306,590,3364,29,30,2651,46,2235,14,15,1411,47013,16,3041,9247,2534,2535],"class_list":["post-1173811","post","type-post","status-publish","format-standard","has-post-thumbnail","category-hannover","tag-abgehaengt","tag-aktuell","tag-de","tag-deutschland","tag-germany","tag-gleichberechtigung","tag-hannover","tag-kurioses","tag-nachrichten","tag-news","tag-niedersachsen","tag-plakate","tag-politik","tag-stadt","tag-termin","tag-wahl","tag-wahlplakate"],"share_on_mastodon":{"url":"https:\/\/pubeurope.com\/@de\/116936428433315541","error":""},"_links":{"self":[{"href":"https:\/\/www.europesays.com\/de\/wp-json\/wp\/v2\/posts\/1173811","targetHints":{"allow":["GET"]}}],"collection":[{"href":"https:\/\/www.europesays.com\/de\/wp-json\/wp\/v2\/posts"}],"about":[{"href":"https:\/\/www.europesays.com\/de\/wp-json\/wp\/v2\/types\/post"}],"author":[{"embeddable":true,"href":"https:\/\/www.europesays.com\/de\/wp-json\/wp\/v2\/users\/2"}],"replies":[{"embeddable":true,"href":"https:\/\/www.europesays.com\/de\/wp-json\/wp\/v2\/comments?post=1173811"}],"version-history":[{"count":0,"href":"https:\/\/www.europesays.com\/de\/wp-json\/wp\/v2\/posts\/1173811\/revisions"}],"wp:featuredmedia":[{"embeddable":true,"href":"https:\/\/www.europesays.com\/de\/wp-json\/wp\/v2\/media\/1171052"}],"wp:attachment":[{"href":"https:\/\/www.europesays.com\/de\/wp-json\/wp\/v2\/media?parent=1173811"}],"wp:term":[{"taxonomy":"category","embeddable":true,"href":"https:\/\/www.europesays.com\/de\/wp-json\/wp\/v2\/categories?post=1173811"},{"taxonomy":"post_tag","embeddable":true,"href":"https:\/\/www.europesays.com\/de\/wp-json\/wp\/v2\/tags?post=1173811"}],"curies":[{"name":"wp","href":"https:\/\/api.w.org\/{rel}","templated":true}]}}