{"id":1173838,"date":"2026-07-17T17:24:38","date_gmt":"2026-07-17T17:24:38","guid":{"rendered":"https:\/\/www.europesays.com\/de\/1173838\/"},"modified":"2026-07-17T17:24:38","modified_gmt":"2026-07-17T17:24:38","slug":"bei-unwetter-pilot-landet-urlaubsflieger-in-stuttgart-im-blindflug-regional","status":"publish","type":"post","link":"https:\/\/www.europesays.com\/de\/1173838\/","title":{"rendered":"Bei Unwetter: Pilot landet Urlaubsflieger in Stuttgart im Blindflug | Regional"},"content":{"rendered":"<p><a class=\"skip-content skip-content--link\" href=\"#in-content-skip-link-target-v-0-0\">TTS-Player \u00fcberspringen\u21b5<\/a><a id=\"in-content-skip-link-target-v-0-0\" class=\"skip-content--target-link-hidden skip-content skip-content--target-link\" href=\"#in-content-skip-link-target-v-0-0\">Artikel weiterlesen<\/a><\/p>\n<p data-780e759e=\"0-541\">Stuttgart\u00a0\u2013 <b>Schock beim Landeanflug auf den Flughafen Stuttgart. Rund 200 Passagiere kehrten am Donnerstagabend aus dem \u00e4gyptischen Ferienort Marsa Alam zur\u00fcck, als ihr Airbus von Air Cairo in ein heftiges Unwetter raste. <\/b><\/p>\n<p data-780e759e=\"0-541\">Der Wind sch\u00fcttelte die Maschine durch, Hagel schlug gegen die Bordwand und ans Cockpit. Der A320 musste kr\u00e4ftig einstecken! Tischtennisballgro\u00dfe Hagelk\u00f6rner zerbeulten den Bug und zersplitterten die Pilotenscheibe. Dennoch schaffte es der Kapit\u00e4n, im Blindflug sicher zu landen. <\/p>\n<p><img decoding=\"async\" width=\"992\" height=\"558\" alt=\"Nicht mehr flugf\u00e4hig: Der zerdepperte Airbus A320neo steht noch immer an seiner Parkposition\" loading=\"lazy\" src=\"https:\/\/www.europesays.com\/de\/wp-content\/uploads\/2026\/07\/68ef63cd90aa5b56a9048db5aa22aac7,1e6ad9de.jpeg\"   class=\"landscape\"\/><\/p>\n<p class=\"fig__caption__text\">Nicht mehr flugf\u00e4hig: Der zerdepperte Airbus A320neo steht noch immer an seiner Parkposition<\/p>\n<p>Foto: SDMG<\/p>\n<p>Heftiges Gewitter \u00fcber Stuttgart<\/p>\n<p data-780e759e=\"0-541\">Warum flog der Pilot in das starke Gewitter, das <a href=\"https:\/\/www.bild.de\/news\/wetter\/wetter-gewitter-orkanboeen-und-hagel-superzelle-wuetet-ueber-baden-wuerttemberg-6a591a9def1fd95eced0d05a\" class=\"text-link\" rel=\"nofollow noopener\" target=\"_blank\">schon Tage vorher angek\u00fcndigt war<\/a> und sogar einem Menschen in <a href=\"https:\/\/www.bild.de\/regional\/baden-wuerttemberg\/home-aK1F2gtJlD2xs4m3tWkn\" class=\"text-link\" rel=\"nofollow noopener\" target=\"_blank\">Baden-W\u00fcrttemberg<\/a> das Leben kostete? Auf eine BILD-Anfrage hat Air Cairo bislang nicht reagiert. Flughafen-Sprecherin Beate Schleicher best\u00e4tigt, dass am Donnerstagabend widrige Bedingungen \u00fcber Stuttgart herrschten: \u201eWegen des Unwetters war die Ausladung aller gelandeten <a href=\"https:\/\/www.bild.de\/themen\/specials\/flugzeuge\/news-fotos-videos-17013950.bild.html\" class=\"text-link\" rel=\"nofollow noopener\" target=\"_blank\">Flugzeuge<\/a> zwischen 17.36 und 18 Uhr unterbrochen.\u201c<\/p>\n<p><img decoding=\"async\" width=\"992\" height=\"558\" alt=\"Gefahr f\u00fcr Flugzeuge. Am Donnerstag zog eine Superzelle von Stuttgart bis nach Ulm\" loading=\"lazy\" src=\"https:\/\/www.europesays.com\/de\/wp-content\/uploads\/2026\/07\/9bb5cf63147fca5a4e0f830c9083ba2b,1f3a981a.jpeg\"   class=\"landscape\"\/><\/p>\n<p class=\"fig__caption__text\">Gefahr f\u00fcr Flugzeuge. Am Donnerstag zog eine Superzelle von Stuttgart bis nach Ulm<\/p>\n<p>Foto: 7aktuell.de\/Andreas Friedrichs<\/p>\n<p>Urlauber warteten vergeblich auf R\u00fcckflug<\/p>\n<p data-780e759e=\"542-1083\">Auch am Freitagmittag stand die zerbeulte Air-Cairo-Maschine noch an ihrer Parkposition. Die Flughafen-Sprecherin: \u201eDer Airbus h\u00e4tte um 19.15 Uhr mit neuen Flugg\u00e4sten nach Marsa Alam zur\u00fcckfliegen sollen.\u201c Doch daraus wurde nichts. Die Urlauber mussten eine Nacht im Hotel verbringen, flogen morgens mit einem Ersatz-<a href=\"https:\/\/www.bild.de\/themen\/organisationen\/airbus\/nachrichten-news-fotos-videos-19180438.bild.html\" class=\"text-link\" rel=\"nofollow noopener\" target=\"_blank\">Airbus<\/a> nach \u00c4gypten.<\/p>\n<p>Mehr zum ThemaPilot landete trotz zertr\u00fcmmerter Scheibe<\/p>\n<p data-780e759e=\"1084-1625\">Wie schaffte es der Gewitter-Pilot, trotz zertr\u00fcmmerter Scheibe unfallfrei zu landen? Flughafen-Sprecherin Schleicher: \u201eBeim Landen wird nach Instrumenten geflogen. Freie Sicht ist nicht zwingend erforderlich.\u201c Hei\u00dft konkret, dass Piloten beim Landen ein Navigationssystem bzw. Cockpitinstrumente benutzen. Eine Sprecherin der Piloten-Vereinigung Cockpit: \u201eIm Endanflug sind die Ausweichm\u00f6glichkeiten naturgem\u00e4\u00df begrenzt. Durchstarten oder Ausweichen auf einen anderen Flughafen wird gleichwohl genutzt, wenn die Lage es erfordert.\u201c<\/p>\n<p data-780e759e=\"1626-2167\">Unklar, wie hoch der Schaden an dem Airbus A320neo ist. Im eingedr\u00fcckten Bug sitzt das Wetterradar, das dem Piloten Regengebiete, Sturm und pl\u00f6tzliche Windwechsel meldet. Auch Teile des Lande-Systems sind dort verbaut.<\/p>\n<p>Sch\u00e4den in Millionenh\u00f6he: Unwetter fegt \u00fcber Baden-W\u00fcrttemberg<a class=\"anchor video-teaser__anchor\" href=\"https:\/\/www.bild.de\/news\/gewitter-hagel-starkregen-superzelle-fegt-ueber-baden-wuerttemberg-6a59cd46bb3fbf9dba9873fe\" rel=\"nofollow noopener\" target=\"_blank\"><img decoding=\"async\" width=\"992\" height=\"558\" alt=\"\" loading=\"lazy\" src=\"https:\/\/www.europesays.com\/de\/wp-content\/uploads\/2026\/07\/6a861d5ab27bff1b9e2058386645ab0e,a13df5a.jpeg\"   class=\"landscape teaser__image\"\/><\/a><\/p>\n<p>Quelle: DPA, NonstopNews17.07.2026<\/p>\n","protected":false},"excerpt":{"rendered":"TTS-Player \u00fcberspringen\u21b5Artikel weiterlesen Stuttgart\u00a0\u2013 Schock beim Landeanflug auf den Flughafen Stuttgart. Rund 200 Passagiere kehrten am Donnerstagabend aus&hellip;\n","protected":false},"author":2,"featured_media":1173839,"comment_status":"","ping_status":"","sticky":false,"template":"","format":"standard","meta":{"footnotes":"","_share_on_mastodon":"0"},"categories":[1830],"tags":[42829,578,1634,3364,29,12820,841,30,19634,18364,15331,4936,26977,1441,4028,631],"class_list":["post-1173838","post","type-post","status-publish","format-standard","has-post-thumbnail","category-stuttgart","tag-a320","tag-aegypten","tag-baden-wuerttemberg","tag-de","tag-deutschland","tag-flughafen-stuttgart","tag-flugzeuge","tag-germany","tag-gewitter","tag-hagel","tag-pilot","tag-schaden","tag-stegmueller-hagen","tag-stuttgart","tag-unwetter","tag-urlaub"],"share_on_mastodon":{"url":"https:\/\/pubeurope.com\/@de\/116936485749663145","error":""},"_links":{"self":[{"href":"https:\/\/www.europesays.com\/de\/wp-json\/wp\/v2\/posts\/1173838","targetHints":{"allow":["GET"]}}],"collection":[{"href":"https:\/\/www.europesays.com\/de\/wp-json\/wp\/v2\/posts"}],"about":[{"href":"https:\/\/www.europesays.com\/de\/wp-json\/wp\/v2\/types\/post"}],"author":[{"embeddable":true,"href":"https:\/\/www.europesays.com\/de\/wp-json\/wp\/v2\/users\/2"}],"replies":[{"embeddable":true,"href":"https:\/\/www.europesays.com\/de\/wp-json\/wp\/v2\/comments?post=1173838"}],"version-history":[{"count":0,"href":"https:\/\/www.europesays.com\/de\/wp-json\/wp\/v2\/posts\/1173838\/revisions"}],"wp:featuredmedia":[{"embeddable":true,"href":"https:\/\/www.europesays.com\/de\/wp-json\/wp\/v2\/media\/1173839"}],"wp:attachment":[{"href":"https:\/\/www.europesays.com\/de\/wp-json\/wp\/v2\/media?parent=1173838"}],"wp:term":[{"taxonomy":"category","embeddable":true,"href":"https:\/\/www.europesays.com\/de\/wp-json\/wp\/v2\/categories?post=1173838"},{"taxonomy":"post_tag","embeddable":true,"href":"https:\/\/www.europesays.com\/de\/wp-json\/wp\/v2\/tags?post=1173838"}],"curies":[{"name":"wp","href":"https:\/\/api.w.org\/{rel}","templated":true}]}}