{"id":1173855,"date":"2026-07-17T17:33:20","date_gmt":"2026-07-17T17:33:20","guid":{"rendered":"https:\/\/www.europesays.com\/de\/1173855\/"},"modified":"2026-07-17T17:33:20","modified_gmt":"2026-07-17T17:33:20","slug":"hamburg-bergedorf-15-jaehriger-im-allermoeher-see-untergegangen","status":"publish","type":"post","link":"https:\/\/www.europesays.com\/de\/1173855\/","title":{"rendered":"Hamburg-Bergedorf: 15-J\u00e4hriger im Allerm\u00f6her See untergegangen"},"content":{"rendered":"<p>        <img decoding=\"async\" src=\"https:\/\/www.europesays.com\/de\/wp-content\/uploads\/2026\/07\/allermoehe-104.webp\" alt=\"Rettungseinsatz am Allerm\u00f6her See in Hamburg-Bergedorf.\" title=\"Rettungseinsatz am Allerm\u00f6her See in Hamburg-Bergedorf. | NDR, Elias Bartl\" class=\"responsive\"\/><\/p>\n<p>AUDIO: NDR 90,3 Aktuell (6 Min)<\/p>\n<p>\n                Stand: 17.07.2026 19:25 Uhr<\/p>\n<p class=\"preface\">Im Allerm\u00f6her See in Hamburg-Bergedorf ist am Freitagnachmittag ein 15-J\u00e4hriger untergegangen. Taucher der Feuerwehr und der Deutschen Lebens-Rettungs-Gesellschaft (DLRG) zogen den leblosen Jugendlichen aus dem Wasser.<\/p>\n<p class=\"\">Die Rettungstaucher fanden den Jungen gegen 17.30 Uhr und zogen ihn aus dem Wasser, wie die Feuerwehr mitteilte. Er soll fast eine Stunde unter Wasser gewesen sein und werde derzeit im Krankenhaus reanimiert. \u00dcber seinen Zustand ist nach Angaben der Polizei noch nichts Genaueres bekannt.<\/p>\n<p class=\"\">Zuvor hatten Augenzeuginnen und Augenzeugen beobachtet, dass der Jugendliche in dem Badesee unterging. Ein Stand-up-Paddler hatte demnach die Ungl\u00fccksstelle markiert. Acht Personen, die das Geschehen mitangesehen haben sollen, werden aktuell vom Kriseninterventionsteam betreut.<\/p>\n<p class=\"\">Mehr dazu in K\u00fcrze auf dieser Seite.<\/p>\n<p>        <img decoding=\"async\" src=\"https:\/\/www.europesays.com\/de\/wp-content\/uploads\/2026\/07\/feuerwehr3570.webp\" alt=\"Ein Hamburg Feuerwehrmann und ein Fahrzeug der Feuerwehr.\" title=\"Ein Hamburg Feuerwehrmann und ein Fahrzeug der Feuerwehr. | picture alliance \/ dpa, Daniel Bockwoldt\" class=\"responsive\" loading=\"lazy\"\/><\/p>\n<p>Alle anderthalb Minuten gab es f\u00fcr die Hamburger Feuer im vergangenen Jahr einen Einsatz. Die Zahl der Gro\u00dfbr\u00e4nde ging aber deutlich zur\u00fcck.<\/p>\n","protected":false},"excerpt":{"rendered":"AUDIO: NDR 90,3 Aktuell (6 Min) Stand: 17.07.2026 19:25 Uhr Im Allerm\u00f6her See in Hamburg-Bergedorf ist am Freitagnachmittag&hellip;\n","protected":false},"author":2,"featured_media":1173707,"comment_status":"","ping_status":"","sticky":false,"template":"","format":"standard","meta":{"footnotes":"","_share_on_mastodon":"0"},"categories":[1826],"tags":[55683,44384,29,245737,30,692,121,48344,1284],"class_list":["post-1173855","post","type-post","status-publish","format-standard","has-post-thumbnail","category-hamburg","tag-15-jaehriger","tag-allermoeher-see","tag-deutschland","tag-dlrg-feuerwehr","tag-germany","tag-hamburg","tag-polizei","tag-taucher","tag-unfall"],"share_on_mastodon":{"url":"https:\/\/pubeurope.com\/@de\/116936521248946988","error":""},"_links":{"self":[{"href":"https:\/\/www.europesays.com\/de\/wp-json\/wp\/v2\/posts\/1173855","targetHints":{"allow":["GET"]}}],"collection":[{"href":"https:\/\/www.europesays.com\/de\/wp-json\/wp\/v2\/posts"}],"about":[{"href":"https:\/\/www.europesays.com\/de\/wp-json\/wp\/v2\/types\/post"}],"author":[{"embeddable":true,"href":"https:\/\/www.europesays.com\/de\/wp-json\/wp\/v2\/users\/2"}],"replies":[{"embeddable":true,"href":"https:\/\/www.europesays.com\/de\/wp-json\/wp\/v2\/comments?post=1173855"}],"version-history":[{"count":0,"href":"https:\/\/www.europesays.com\/de\/wp-json\/wp\/v2\/posts\/1173855\/revisions"}],"wp:featuredmedia":[{"embeddable":true,"href":"https:\/\/www.europesays.com\/de\/wp-json\/wp\/v2\/media\/1173707"}],"wp:attachment":[{"href":"https:\/\/www.europesays.com\/de\/wp-json\/wp\/v2\/media?parent=1173855"}],"wp:term":[{"taxonomy":"category","embeddable":true,"href":"https:\/\/www.europesays.com\/de\/wp-json\/wp\/v2\/categories?post=1173855"},{"taxonomy":"post_tag","embeddable":true,"href":"https:\/\/www.europesays.com\/de\/wp-json\/wp\/v2\/tags?post=1173855"}],"curies":[{"name":"wp","href":"https:\/\/api.w.org\/{rel}","templated":true}]}}