{"id":1173972,"date":"2026-07-17T18:47:15","date_gmt":"2026-07-17T18:47:15","guid":{"rendered":"https:\/\/www.europesays.com\/de\/1173972\/"},"modified":"2026-07-17T18:47:15","modified_gmt":"2026-07-17T18:47:15","slug":"zeugen-gesucht-jugendliche-auf-e-scooter-fahren-11-jaehrige-in-hoerde-an","status":"publish","type":"post","link":"https:\/\/www.europesays.com\/de\/1173972\/","title":{"rendered":"Zeugen gesucht: Jugendliche auf E-Scooter fahren 11-J\u00e4hrige in H\u00f6rde an"},"content":{"rendered":"<p>\t\tZeugen nach Unfallflucht gesucht<br \/>\n\t\t\t\t\tJugendliche auf E-Scooter fahren Elfj\u00e4hrige in H\u00f6rde an<\/p>\n<p>    <a href=\"https:\/\/www.ruhrnachrichten.de\/wp-content\/uploads\/2026\/07\/17\/18\/630_0900_6543795_-1648x824.jpg\" rel=\"nofollow noopener\" target=\"_blank\"><\/p>\n<p>            <img loading=\"lazy\" decoding=\"async\" src=\"https:\/\/www.europesays.com\/de\/wp-content\/uploads\/2026\/07\/630_0900_6543794_-640x426.jpg\" width=\"640\" height=\"426\"  alt=\"Eine Person f\u00e4hrt E-Scooter.\"\/><\/p>\n<p>    <\/a><br \/>\n    Die Polizei sucht Zeugen, nachdem drei Jugendliche eine Sch\u00fclerin angefahren haben. \u00a9 Jens B\u00fcttner\/dpa<\/p>\n<p class=\"article__teaser-text\">Ein Unfall auf dem Schulhof in Dortmund-H\u00f6rde: Drei Jugendliche auf einem E-Scooter verletzten ein M\u00e4dchen (11). Die Polizei sucht nach Zeugen.<\/p>\n<p>1 Min Lesezeit<\/p>\n<p>Drei Jugendliche auf einem E-Scooter fuhren am Montag (13. Juli) gegen 9.30 Uhr, auf dem Schulhof des Schulkomplexes Stettiner Stra\u00dfe in <a target=\"_blank\" href=\"https:\/\/www.ruhrnachrichten.de\/dortmund\/\" title=\"Dortmund\" rel=\"nofollow noopener\">Dortmund<\/a>-H\u00f6rde ein elfj\u00e4hriges M\u00e4dchen an. Das schreibt die <a target=\"_blank\" href=\"https:\/\/www.ruhrnachrichten.de\/blaulicht-dortmund\/\" title=\"Polizei Dortmund\" rel=\"nofollow noopener\">Polizei Dortmund<\/a> in einer Pressemitteilung.<\/p>\n<p>Die drei Jungs besuchen wahrscheinlich eine benachbarte Schule. Die Elfj\u00e4hrige wurde durch den Unfall leicht verletzt und musste im Krankenhaus behandelt werden.<\/p>\n<p>\t\t<a href=\"https:\/\/www.ruhrnachrichten.de\/dortmund-sued\/polizei-diebstahl-handtasche-zeugen-dortmund-w1221557-2002147241\/\" rel=\"nofollow noopener\" aria-hidden=\"true\" tabindex=\"-1\" title=\"Radfahrer entrei\u00dft Dortmunderin die Handtasche Polizei sucht Zeugen\" aria-label=\"Radfahrer entrei\u00dft Dortmunderin die Handtasche Polizei sucht Zeugen\" target=\"_blank\"><\/p>\n<p>                <img decoding=\"async\" src=\"https:\/\/www.europesays.com\/de\/wp-content\/uploads\/2026\/07\/630_0900_6528297_-160x160.jpg\"  width=\"160\" height=\"160\" alt=\"Der Griff nach einer Handtasche\" loading=\"lazy\"\/><\/p>\n<p>\t\t<\/a><\/p>\n<p>Polizei sucht Zeugen<\/p>\n<p>Zeugen, die den Unfall beobachtet haben oder Angaben zu den Personalien der Unfallverursacher machen k\u00f6nnen, werden gebeten, sich telefonisch bei der zust\u00e4ndigen Polizeiwache H\u00f6rde zu melden: (0231) 132-1421.<\/p>\n<p>\t\t<a href=\"https:\/\/www.ruhrnachrichten.de\/dortmund-west\/e-scooter-unfall-luetgendortmund-polizei-sucht-zeugen-zwoelfjaehriger-verletzt-w1222464-2002149030\/\" rel=\"nofollow noopener\" aria-hidden=\"true\" tabindex=\"-1\" title=\"Unfallflucht in L\u00fctgendortmund Polizei sucht E-Scooter-Fahrer nach Zusammensto\u00df\" aria-label=\"Unfallflucht in L\u00fctgendortmund Polizei sucht E-Scooter-Fahrer nach Zusammensto\u00df\" target=\"_blank\"><\/p>\n<p>                <img decoding=\"async\" src=\"https:\/\/www.europesays.com\/de\/wp-content\/uploads\/2026\/07\/630_0900_6539018_-160x160.jpg\"  width=\"160\" height=\"160\" alt=\"Amtshaus L\u00fctgendortmund am Heinrich-Sondermann-Platz.\" loading=\"lazy\"\/><\/p>\n<p>\t\t<\/a><\/p>\n","protected":false},"excerpt":{"rendered":"Zeugen nach Unfallflucht gesucht Jugendliche auf E-Scooter fahren Elfj\u00e4hrige in H\u00f6rde an Die Polizei sucht Zeugen, nachdem drei&hellip;\n","protected":false},"author":2,"featured_media":1173973,"comment_status":"","ping_status":"","sticky":false,"template":"","format":"standard","meta":{"footnotes":"","_share_on_mastodon":"0"},"categories":[1833],"tags":[1950,3364,29,217,30,1209,2542],"class_list":["post-1173972","post","type-post","status-publish","format-standard","has-post-thumbnail","category-dortmund","tag-blaulicht","tag-de","tag-deutschland","tag-dortmund","tag-germany","tag-nordrhein-westfalen","tag-zeugen-gesucht"],"share_on_mastodon":{"url":"https:\/\/pubeurope.com\/@de\/116936813399773915","error":""},"_links":{"self":[{"href":"https:\/\/www.europesays.com\/de\/wp-json\/wp\/v2\/posts\/1173972","targetHints":{"allow":["GET"]}}],"collection":[{"href":"https:\/\/www.europesays.com\/de\/wp-json\/wp\/v2\/posts"}],"about":[{"href":"https:\/\/www.europesays.com\/de\/wp-json\/wp\/v2\/types\/post"}],"author":[{"embeddable":true,"href":"https:\/\/www.europesays.com\/de\/wp-json\/wp\/v2\/users\/2"}],"replies":[{"embeddable":true,"href":"https:\/\/www.europesays.com\/de\/wp-json\/wp\/v2\/comments?post=1173972"}],"version-history":[{"count":0,"href":"https:\/\/www.europesays.com\/de\/wp-json\/wp\/v2\/posts\/1173972\/revisions"}],"wp:featuredmedia":[{"embeddable":true,"href":"https:\/\/www.europesays.com\/de\/wp-json\/wp\/v2\/media\/1173973"}],"wp:attachment":[{"href":"https:\/\/www.europesays.com\/de\/wp-json\/wp\/v2\/media?parent=1173972"}],"wp:term":[{"taxonomy":"category","embeddable":true,"href":"https:\/\/www.europesays.com\/de\/wp-json\/wp\/v2\/categories?post=1173972"},{"taxonomy":"post_tag","embeddable":true,"href":"https:\/\/www.europesays.com\/de\/wp-json\/wp\/v2\/tags?post=1173972"}],"curies":[{"name":"wp","href":"https:\/\/api.w.org\/{rel}","templated":true}]}}