{"id":1174029,"date":"2026-07-17T19:20:25","date_gmt":"2026-07-17T19:20:25","guid":{"rendered":"https:\/\/www.europesays.com\/de\/1174029\/"},"modified":"2026-07-17T19:20:25","modified_gmt":"2026-07-17T19:20:25","slug":"trump-erwaegt-express-abo-auf-posts-fuer-100-000-dollar-im-monat","status":"publish","type":"post","link":"https:\/\/www.europesays.com\/de\/1174029\/","title":{"rendered":"Trump erw\u00e4gt Express-Abo auf Posts \u2013 f\u00fcr 100.000 Dollar im Monat"},"content":{"rendered":"<p>Trumps Teleprompter-Bediener in Wett-Aff\u00e4re suspendiert<\/p>\n<p class=\"text-18 leading-17 user-text-lg:text-22 user-text-xl:text-24\">Das Wei\u00dfe Haus wird von einer skurrilen Wett-Aff\u00e4re ersch\u00fcttert. Der langj\u00e4hrige Teleprompter-Bediener von Pr\u00e4sident Donald Trump soll nach Angaben des Senders ABC News vom Donnerstag mehr als 100.000 Dollar mit Wetten auf Trumps Redetexte verdient haben, die er vorab kannte. Trump lie\u00df den Mann deshalb suspendieren, wie die Sprecherin des Wei\u00dfen Hauses, Karoline Leavitt, mitteilte.<\/p>\n<p class=\"text-18 leading-17 user-text-lg:text-22 user-text-xl:text-24\">Trump halte den Vorgang f\u00fcr &#8222;\u00e4u\u00dferst bedauerlich und, offen gesagt, eine Schande&#8220;, sagte Leavitt weiter. Der Verd\u00e4chtige sei ohne Bezahlung beurlaubt worden und werde &#8222;nicht l\u00e4nger im Wei\u00dfen Haus arbeiten&#8220;, f\u00fcgte die Sprecherin hinzu.<\/p>\n<p class=\"text-18 leading-17 user-text-lg:text-22 user-text-xl:text-24\">ABC zufolge bediente Trumps Mitarbeiter bereits seit 2016 dessen Teleprompter bei Reden. Er soll demnach Wetten auf bestimmte W\u00f6rter, S\u00e4tze oder Themen in dessen Reden bei der Vorhersage-Plattform Kalshi abgeschlossen haben. Er wettete demnach etwa auf Trumps Ansprache beim Weltwirtschaftsforum in Davos im Januar und seine Rede zur Lage der Nation im Februar.<\/p>\n<p>US-Armee best\u00e4tigt neue Angriffe auf Ziele im Iran<\/p>\n<p class=\"text-18 leading-17 user-text-lg:text-22 user-text-xl:text-24\">Die <a href=\"https:\/\/www.t-online.de\/themen\/us-armee\/\" class=\"transition-colors cursor-pointer no-underline md:hover:text-magenta md:focus:text-magenta border-b border-solid border-current text-salemsfur md:hover:border-magenta\" data-tracking=\"{&quot;action&quot;:&quot;click&quot;,&quot;category&quot;:&quot;intextLink&quot;,&quot;label&quot;:&quot;\/themen\/us-armee\/&quot;}\" data-sctrack=\"BodyAnchor\" rel=\"nofollow noopener\" target=\"_blank\">US-Armee<\/a> hat neue Angriffe auf Ziele im <a href=\"https:\/\/www.t-online.de\/themen\/iran\/\" class=\"transition-colors cursor-pointer no-underline md:hover:text-magenta md:focus:text-magenta border-b border-solid border-current text-salemsfur md:hover:border-magenta\" data-tracking=\"{&quot;action&quot;:&quot;click&quot;,&quot;category&quot;:&quot;intextLink&quot;,&quot;label&quot;:&quot;\/themen\/iran\/&quot;}\" data-sctrack=\"BodyAnchor\" rel=\"nofollow noopener\" target=\"_blank\">Iran<\/a> best\u00e4tigt. Die &#8222;neue Welle von Angriffen gegen den Iran&#8220; habe am Donnerstagnachmittag um 14 Uhr (US-Ostk\u00fcstenzeit, 20 Uhr MESZ) begonnen, erkl\u00e4rte das Regionalkommando Centcom im Onlinedienst X. Ziel sei es, &#8222;die milit\u00e4rischen F\u00e4higkeiten Irans weiter zu schw\u00e4chen&#8220;. Details nannte Centcom nicht. Iranische Medien hatten zuvor \u00fcber US-Angriffe rund um die iranische Golfinsel Keschm nahe der <a href=\"https:\/\/www.t-online.de\/themen\/strasse-von-hormus\/\" class=\"transition-colors cursor-pointer no-underline md:hover:text-magenta md:focus:text-magenta border-b border-solid border-current text-salemsfur md:hover:border-magenta\" data-tracking=\"{&quot;action&quot;:&quot;click&quot;,&quot;category&quot;:&quot;intextLink&quot;,&quot;label&quot;:&quot;\/themen\/strasse-von-hormus\/&quot;}\" data-sctrack=\"BodyAnchor\" rel=\"nofollow noopener\" target=\"_blank\">Stra\u00dfe von Hormus<\/a> berichtet. Das iranische Staatsfernsehen berichtete zudem, dass die Hafenstadt Bandar Abbas an der Meerenge Ziel der &#8222;Aggression des amerikanischen Feindes&#8220; geworden sei.<\/p>\n<ul class=\"text-18 leading-17 block pl-24 *:pb-16 *:before:inline-block *:before:size-8 *:before:bg-magenta *:before:mt-0 *:before:mr-12 *:before:mb-2 *:before:-ml-[20px]\">\n<li><strong class=\"font-bold\">USA st\u00fcrmen Frachter:<\/strong> <a href=\"https:\/\/www.t-online.de\/nachrichten\/ausland\/internationale-politik\/id_101347336\/nahost-usa-stuermen-frachter-angriff-auf-bruecke-im-iran.html\" class=\"transition-colors cursor-pointer no-underline md:hover:text-magenta md:focus:text-magenta border-b border-solid border-current text-salemsfur md:hover:border-magenta\" data-tracking=\"{&quot;action&quot;:&quot;click&quot;,&quot;category&quot;:&quot;intextLink&quot;,&quot;label&quot;:&quot;\/nachrichten\/ausland\/internationale-politik\/id_101347336\/nahost-usa-stuermen-frachter-angriff-auf-bruecke-im-iran.html&quot;}\" data-sctrack=\"BodyAnchor\" rel=\"nofollow noopener\" target=\"_blank\">Iran meldet Angriff auf Br\u00fccke<\/a><\/li>\n<\/ul>\n<p class=\"text-18 leading-17 user-text-lg:text-22 user-text-xl:text-24\">Zuletzt war der Konflikt zwischen den <a href=\"https:\/\/www.t-online.de\/themen\/usa\/\" class=\"transition-colors cursor-pointer no-underline md:hover:text-magenta md:focus:text-magenta border-b border-solid border-current text-salemsfur md:hover:border-magenta\" data-tracking=\"{&quot;action&quot;:&quot;click&quot;,&quot;category&quot;:&quot;intextLink&quot;,&quot;label&quot;:&quot;\/themen\/usa\/&quot;}\" data-sctrack=\"BodyAnchor\" rel=\"nofollow noopener\" target=\"_blank\">USA<\/a> und dem Iran wieder eskaliert. Der Iran drohte am Donnerstag im Fall von US-Angriffen auf seine Kraftwerke und Br\u00fccken mit vernichtenden Angriffen auf die Infrastruktur in umliegenden L\u00e4ndern.<\/p>\n<p class=\"text-18 leading-17 user-text-lg:text-22 user-text-xl:text-24\">US-Pr\u00e4sident Donald Trump hatte am Dienstag mit einer nochmaligen Ausweitung der Angriffe auf den Iran gedroht, falls die Verhandlungen mit Teheran \u00fcber ein Kriegsende und die Nutzung der Stra\u00dfe von Hormus scheitern sollten. Die Gespr\u00e4che liegen wegen der Spannungen derzeit auf Eis.<\/p>\n<p>Trump versch\u00e4rft Visa-Regeln f\u00fcr bestimmte Gruppen<\/p>\n<p class=\"text-18 leading-17 user-text-lg:text-22 user-text-xl:text-24\">Die USA begrenzen die Aufenthaltsdauer von ausl\u00e4ndischen Studenten und Journalisten. Den am Donnerstag ver\u00f6ffentlichten neuen Regeln zufolge, die in zwei Monaten in Kraft treten k\u00f6nnten, sollen sich ausl\u00e4ndische Studenten mit einem Studentenvisum nicht l\u00e4nger als vier Jahre in den USA aufhalten d\u00fcrfen. Ausl\u00e4ndische Journalisten sollen h\u00f6chstens 240 Tage bleiben d\u00fcrfen, k\u00f6nnen aber Verl\u00e4ngerungen f\u00fcr 240 Tage beantragen. Visa f\u00fcr chinesische Journalisten werden demnach auf 90 Tage beschr\u00e4nkt.<\/p>\n","protected":false},"excerpt":{"rendered":"Trumps Teleprompter-Bediener in Wett-Aff\u00e4re suspendiert Das Wei\u00dfe Haus wird von einer skurrilen Wett-Aff\u00e4re ersch\u00fcttert. Der langj\u00e4hrige Teleprompter-Bediener von&hellip;\n","protected":false},"author":2,"featured_media":1172288,"comment_status":"","ping_status":"","sticky":false,"template":"","format":"standard","meta":{"footnotes":"","_share_on_mastodon":"0"},"categories":[134],"tags":[1217,326,7797,11554,2294,175,227,170,169,29,175857,106,23012,30,2229,345,6741,171,174,3129,6577,154,29839,245532,3111,16147,173,172,8957,64,6888,156302],"class_list":["post-1174029","post","type-post","status-publish","format-standard","has-post-thumbnail","category-unternehmen-maerkte","tag-1217","tag-326","tag-7797","tag-aktie","tag-bank","tag-business","tag-china","tag-companies","tag-companies-markets","tag-deutschland","tag-donald-j","tag-donald-trump","tag-financial-times","tag-germany","tag-ice","tag-iran","tag-karoline-leavitt","tag-markets","tag-maerkte","tag-newsblog","tag-praesidentschaft","tag-social-media","tag-strasse-von-hormus","tag-trump-media","tag-truth-social","tag-united-states-central-command","tag-unternehmen","tag-unternehmen-maerkte","tag-us-armee","tag-usa","tag-wall-street","tag-x-ziel"],"share_on_mastodon":{"url":"https:\/\/pubeurope.com\/@de\/116936941699775225","error":""},"_links":{"self":[{"href":"https:\/\/www.europesays.com\/de\/wp-json\/wp\/v2\/posts\/1174029","targetHints":{"allow":["GET"]}}],"collection":[{"href":"https:\/\/www.europesays.com\/de\/wp-json\/wp\/v2\/posts"}],"about":[{"href":"https:\/\/www.europesays.com\/de\/wp-json\/wp\/v2\/types\/post"}],"author":[{"embeddable":true,"href":"https:\/\/www.europesays.com\/de\/wp-json\/wp\/v2\/users\/2"}],"replies":[{"embeddable":true,"href":"https:\/\/www.europesays.com\/de\/wp-json\/wp\/v2\/comments?post=1174029"}],"version-history":[{"count":0,"href":"https:\/\/www.europesays.com\/de\/wp-json\/wp\/v2\/posts\/1174029\/revisions"}],"wp:featuredmedia":[{"embeddable":true,"href":"https:\/\/www.europesays.com\/de\/wp-json\/wp\/v2\/media\/1172288"}],"wp:attachment":[{"href":"https:\/\/www.europesays.com\/de\/wp-json\/wp\/v2\/media?parent=1174029"}],"wp:term":[{"taxonomy":"category","embeddable":true,"href":"https:\/\/www.europesays.com\/de\/wp-json\/wp\/v2\/categories?post=1174029"},{"taxonomy":"post_tag","embeddable":true,"href":"https:\/\/www.europesays.com\/de\/wp-json\/wp\/v2\/tags?post=1174029"}],"curies":[{"name":"wp","href":"https:\/\/api.w.org\/{rel}","templated":true}]}}