{"id":1174057,"date":"2026-07-17T19:38:13","date_gmt":"2026-07-17T19:38:13","guid":{"rendered":"https:\/\/www.europesays.com\/de\/1174057\/"},"modified":"2026-07-17T19:38:13","modified_gmt":"2026-07-17T19:38:13","slug":"hochschulwahlversammlung-waehlt-neues-rektoratsteam-sven-meuth-zustaendig-fuer-forschung","status":"publish","type":"post","link":"https:\/\/www.europesays.com\/de\/1174057\/","title":{"rendered":"Hochschulwahlversammlung w\u00e4hlt neues Rektoratsteam: Sven Meuth zust\u00e4ndig f\u00fcr Forschung"},"content":{"rendered":"<p>M\u00fcnster (upm) &#8211; Ein neues Team f\u00fcr eine neue Amtsperiode: Die Hochschulwahlversammlung der Universit\u00e4t M\u00fcnster hat heute (17. Juli) den drei Vorschl\u00e4gen der designierten Rektorin, Prof. Susanne Menzel-Riedl, f\u00fcr die Prorektorate mit gro\u00dfer Mehrheit zugestimmt\u00a0\u2013\u00a0analog zum Amtsantritt von Susanne Menzel-Riedl beginnt deren sechsj\u00e4hrige Amtszeit am 1. Oktober.\u00a0Neu im Rektorat ist der Mediziner Prof. Sven G. Meuth, der das Prorektorat f\u00fcr Forschung \u00fcbernimmt. Ebenfalls neu berufen wurde der Informatiker Prof. Benjamin Risse, der das neu eingerichtete Ressort Digitalisierung verantworten wird. F\u00fcr Kontinuit\u00e4t steht Prof. Ulrike Weyland, die bereits seit 2022 als\u00a0Prorektorin f\u00fcr Studium und Lehre fungiert und dieses Amt auch in der kommenden Amtsperiode \u00fcbernehmen wird. Kanzler Matthias Schwarte vervollst\u00e4ndigt das Rektorat, seine Amtszeit l\u00e4uft bis Ende Juni 2027.<\/p>\n<p>\u201eAls Team bringen wir unterschiedliche fachliche Kenntnisse und Erfahrung in der universit\u00e4ren Verwaltung ein. Zudem werden wir davon profitieren, dass manche von uns die Universit\u00e4t M\u00fcnster sehr gut kennen und andere wiederum eine externe Perspektive einbringen, weil sie bereits an anderen Hochschulen gearbeitet haben\u201c, betonte Susanne Menzel-Riedl.\u00a0\u201eIch habe gro\u00dfe Lust auf die Zusammenarbeit und unsere Aufgaben.\u201c<\/p>\n<p>Gem\u00e4\u00df der Universit\u00e4tsverfassung \u00fcben die Prorektorin und die beiden Prorektoren ihre \u00c4mter nebenberuflich aus, sie nehmen somit auch in Zukunft Lehraufgaben wahr. Die Rektorin und der Kanzler sind dagegen hauptberuflich t\u00e4tig. Im kommenden Jahr soll das Rektorat um ein sechstes Mitglied erweitert und damit komplettiert werden \u2013 Susanne Menzel-Riedl will diese Entscheidung im Team beraten.<\/p>\n<p>In der heutigen Hochschulwahlversammlung waren vier Hochschulratsmitglieder und 23 Mitglieder des Senats stimmberechtigt.\u00a0Um eine gleiche Gewichtung der einzelnen Stimmen zu gew\u00e4hrleisten, werden alle Stimmen mit einem bestimmten Faktor multipliziert.\u00a0Sven Meuth und Benjamin Risse bekamen demnach 207 von 207 m\u00f6glichen Stimmen, Ulrike Weyland bekam 202 Stimmen.<\/p>\n<p><strong>Sven G. Meuth<\/strong> studierte Humanmedizin und Neurobiologie an der Otto-von-Guericke-Universit\u00e4t Magdeburg, 2004 erhielt er die Approbation als Arzt. 2005 promovierte er zum Dr. med., 2007 folgte die Promotion zum Dr. rer. nat. Von 2004 bis 2010 war er als Assistenzarzt und wissenschaftlicher Mitarbeiter an der Neurologischen Klinik und Poliklinik des Universit\u00e4tsklinikums W\u00fcrzburg t\u00e4tig. 2011 erhielt er die Anerkennung als Facharzt f\u00fcr Neurologie. Im selben Jahr wurde er auf die Professur f\u00fcr Neuropathophysiologie an der Universit\u00e4t M\u00fcnster berufen. Von 2011 bis 2013 war er leitender Oberarzt und anschlie\u00dfend bis 2020 stellvertretender Direktor der Klinik f\u00fcr allgemeine Neurologie am Universit\u00e4tsklinikum M\u00fcnster. Von 2016 bis 2020 leitete er als Direktor das Institut f\u00fcr translationale Neurologie am Universit\u00e4tsklinikum M\u00fcnster. An der Medizinischen Fakult\u00e4t M\u00fcnster engagierte er sich zudem von 2017 bis 2019 als Prodekan f\u00fcr Forschung und 2019 als Dekan. Ab 2020 war er Direktor der Klinik f\u00fcr Neurologie am Universit\u00e4tsklinikum D\u00fcsseldorf und kehrte im Februar 2026 nach M\u00fcnster zur\u00fcck, um dort die Leitung der Uniklinik f\u00fcr Neurologie zu \u00fcbernehmen.<\/p>\n","protected":false},"excerpt":{"rendered":"M\u00fcnster (upm) &#8211; Ein neues Team f\u00fcr eine neue Amtsperiode: Die Hochschulwahlversammlung der Universit\u00e4t M\u00fcnster hat heute (17.&hellip;\n","protected":false},"author":2,"featured_media":916398,"comment_status":"","ping_status":"","sticky":false,"template":"","format":"standard","meta":{"footnotes":"","_share_on_mastodon":"0"},"categories":[1843],"tags":[3364,29,66388,30,2782,200641,8970,1209,5162,37960],"class_list":["post-1174057","post","type-post","status-publish","format-standard","has-post-thumbnail","category-muenster","tag-de","tag-deutschland","tag-fakultaet","tag-germany","tag-medizinische","tag-medizinische-fakultaet","tag-muenster","tag-nordrhein-westfalen","tag-universitaet","tag-universitaet-muenster"],"share_on_mastodon":{"url":"","error":""},"_links":{"self":[{"href":"https:\/\/www.europesays.com\/de\/wp-json\/wp\/v2\/posts\/1174057","targetHints":{"allow":["GET"]}}],"collection":[{"href":"https:\/\/www.europesays.com\/de\/wp-json\/wp\/v2\/posts"}],"about":[{"href":"https:\/\/www.europesays.com\/de\/wp-json\/wp\/v2\/types\/post"}],"author":[{"embeddable":true,"href":"https:\/\/www.europesays.com\/de\/wp-json\/wp\/v2\/users\/2"}],"replies":[{"embeddable":true,"href":"https:\/\/www.europesays.com\/de\/wp-json\/wp\/v2\/comments?post=1174057"}],"version-history":[{"count":0,"href":"https:\/\/www.europesays.com\/de\/wp-json\/wp\/v2\/posts\/1174057\/revisions"}],"wp:featuredmedia":[{"embeddable":true,"href":"https:\/\/www.europesays.com\/de\/wp-json\/wp\/v2\/media\/916398"}],"wp:attachment":[{"href":"https:\/\/www.europesays.com\/de\/wp-json\/wp\/v2\/media?parent=1174057"}],"wp:term":[{"taxonomy":"category","embeddable":true,"href":"https:\/\/www.europesays.com\/de\/wp-json\/wp\/v2\/categories?post=1174057"},{"taxonomy":"post_tag","embeddable":true,"href":"https:\/\/www.europesays.com\/de\/wp-json\/wp\/v2\/tags?post=1174057"}],"curies":[{"name":"wp","href":"https:\/\/api.w.org\/{rel}","templated":true}]}}