{"id":1174652,"date":"2026-07-18T01:36:23","date_gmt":"2026-07-18T01:36:23","guid":{"rendered":"https:\/\/www.europesays.com\/de\/1174652\/"},"modified":"2026-07-18T01:36:23","modified_gmt":"2026-07-18T01:36:23","slug":"nrw-innenminister-reul-vor-untersuchungsausschuss-zu-solingen-klingt-komisch-diese-zufaelle","status":"publish","type":"post","link":"https:\/\/www.europesays.com\/de\/1174652\/","title":{"rendered":"NRW-Innenminister Reul vor Untersuchungsausschuss zu Solingen: &#8222;Klingt komisch, diese Zuf\u00e4lle&#8220;"},"content":{"rendered":"<p class=\"text_ohne_einzug richtext text-em-55 !leading-serif mx-6 desktop:mx-0\">NRW-Innenminister <a href=\"https:\/\/rp-online.de\/thema\/herbert-reul\/\" rel=\"nofollow noopener\" target=\"_blank\">Herbert Reul<\/a> (CDU) lie\u00df am Freitag Raum f\u00fcr Spekulationen. Ehern blieb er zwar dabei: Der Attent\u00e4ter des Anschlags von Solingen, Issa al H., sei ein Einzelt\u00e4ter gewesen, der sich online radikalisiert habe. \u201eEs gab und gibt \u2013 nach \u00dcberzeugung der Ermittler \u2013 auch weiterhin kein Netzwerk in Nordrhein-Westfalen\u201c, so Reul, in dem al H. die Tat geplant oder sich dar\u00fcber ausgetauscht habe \u201eoder durch das er zur Tat angeleitet wurde.\u201c<\/p>\n<p class=\"richtext text-em-55 !leading-serif mx-6 desktop:mx-0\">Allerdings r\u00e4umte er ein: Es seien Fragen aufgeworfen worden, \u201edie auch mich nachdenklich gemacht haben\u201c. Es seien weiterhin welche offen. Und immer wieder bezog der Minister sich am Freitag bei seiner Vernehmung vor dem <a href=\"https:\/\/rp-online.de\/thema\/untersuchungsausschuss\/\" rel=\"nofollow noopener\" target=\"_blank\">Untersuchungsausschuss<\/a> des Landtags, der den Terroranschlag vom 23. August 2024 politisch aufarbeiten soll, auf Angaben aus dem Sicherheitsapparat und betonte: Es gehe nur um seinen gegenw\u00e4rtigen Wissensstand. <\/p>\n<p class=\"richtext text-em-55 !leading-serif mx-6 desktop:mx-0\">Denn inzwischen ist klar, dass Issa al H. vor seinem Verbrechen Kontakte zu Personen hatte, die sp\u00e4ter islamistischen Kreisen zugeordnet wurden. Er lebte 2023 zur gleichen Zeit wie ein Mann namens Saadi A. in seiner Fl\u00fcchtlingsunterkunft in <a href=\"https:\/\/rp-online.de\/thema\/paderborn\/\" rel=\"nofollow noopener\" target=\"_blank\">Paderborn<\/a>. Saadi A. wurde im Oktober 2024 als islamistischer Gef\u00e4hrder eingestuft. Al H. hatte in seinem Telefon die Kontaktdaten und war gemeinsam in Chatgruppen mit einem Mann namens Karim K., der Ermittlungen zufolge einen Anschlag auf die Fu\u00dfball-EM im Juni 2024 geplant hat und der heute als Terrorunterst\u00fctzer \u2013 noch nicht rechtskr\u00e4ftig \u2013 verurteilt ist. Er hatte Bezug zu einer weiteren wom\u00f6glich als \u201esicherheitsrelevant\u201c betrachteten Person und zu Abdallah A. Dieser war kurz vor dem Anschlag in Issa al H.s Wohneinrichtung zu Besuch und wurde Ende 2024 nach einer Razzia abgeschoben, bei ihm soll islamistisches Material gefunden worden sein.<\/p>\n<p class=\"richtext text-em-55 !leading-serif mx-6 desktop:mx-0\">\u201eKlingt irgendwie komisch, diese Zuf\u00e4lle\u201c, gab Reul bei seiner Befragung zu. Ob Issa al H. wom\u00f6glich Beziehungen zu noch mehr gef\u00e4hrlichen Menschen hatte? \u201eAusschlie\u00dfen kann man es nicht. Bei den vielen Kontakten \u2013 wer wei\u00df?\u201c, sagte der Innenminister. Und auch, wenn al H. sich im Netz radikalisiert habe: Ob er \u201eirgendwo auf dem Sportplatz sich mit wem getroffen hat, wissen wir nicht\u201c.<\/p>\n<p class=\"richtext text-em-55 !leading-serif mx-6 desktop:mx-0\">Aber er betonte auch: Die besagten gemeinsamen Chatgruppen h\u00e4tten in einem Fall Hunderte, im anderen Fall Tausende Mitglieder gehabt. Zudem habe man nach dem Anschlag eben alle Kontakte von Issa al H. durchleuchtet. Und h\u00e4tte es Verdachtsmomente gegeben, dass jener Abdallah A. ein Komplize gewesen w\u00e4re, h\u00e4tte er gar nicht aus dem Land gebracht werden d\u00fcrfen. \u201eHier hatten Sicherheitsbeh\u00f6rden strafrechtlich nichts in der Hand\u201c, schlussfolgerte Reul. <\/p>\n<p class=\"richtext text-em-55 !leading-serif mx-6 desktop:mx-0\">Die politische Opposition wirft dem Innenminister vor, die Ausma\u00dfe der Vernetzung herunterzuspielen. \u201eAb wie vielen Kontakten, die offensichtlich eine gemeinsame islamistische Haltung teilen, w\u00fcrden Sie denn davon sprechen, dass wir ein Netzwerk haben?\u201c, fragte die Vize-Fraktionschefin der SPD, Lisa-Kristin Kapteinat, in der Vernehmung. Woraufhin Reul darauf beharrte, dass gemeinsames Gedankengut nun mal nicht belegt sei. Es gebe allein Vermutungen und Ideen: \u201eIch hoffe, dass wir m\u00f6glichst viele davon noch kl\u00e4ren k\u00f6nnen.\u201c<\/p>\n<p class=\"richtext text-em-55 !leading-serif mx-6 desktop:mx-0\">F\u00fcr die SPD steht au\u00dferdem die Frage im Raum, ob die Sicherheitsbeh\u00f6rden gut genug hingeschaut haben und ob sie wegen seiner Verbindungen fr\u00fcher auf Issa al H. h\u00e4tten aufmerksam werden m\u00fcssen.<\/p>\n<p class=\"richtext text-em-55 !leading-serif mx-6 desktop:mx-0\">Die <a href=\"https:\/\/rp-online.de\/thema\/fdp\/\" rel=\"nofollow noopener\" target=\"_blank\">FDP<\/a> bem\u00e4ngelt weitere Ungewissheiten. Ein Ex-Mitbewohner Issa al H.s will sich Monate vor dem Terroranschlag schon an Sozialarbeiter gewandt haben, weil er in der gemeinsamen Unterkunft Angst vor ihm bekommen habe, legte der Obmann der FDP-Fraktion dar, Werner Pfeil. Inwieweit darauf reagiert wurde, ist unbekannt. \u201eWeil dem Untersuchungsausschuss bis heute nicht alle Unterlagen vorliegen, kann diese f\u00fcr die Aufarbeitung des Anschlags entscheidende Frage weiter nicht gekl\u00e4rt werden\u201c, kritisierte Pfeil. Nach Angaben des Innenministers schult der <a href=\"https:\/\/rp-online.de\/thema\/verfassungsschutz\/\" rel=\"nofollow noopener\" target=\"_blank\">Verfassungsschutz<\/a> derzeit Betreuer in Heimen darin, Anzeichen von Radikalisierung zu erkennen.<\/p>\n","protected":false},"excerpt":{"rendered":"NRW-Innenminister Herbert Reul (CDU) lie\u00df am Freitag Raum f\u00fcr Spekulationen. Ehern blieb er zwar dabei: Der Attent\u00e4ter des&hellip;\n","protected":false},"author":2,"featured_media":1174653,"comment_status":"","ping_status":"","sticky":false,"template":"","format":"standard","meta":{"footnotes":"","_share_on_mastodon":"0"},"categories":[1840],"tags":[13774,30539,3364,29,245903,30,15016,37762,24438,25638,4785,1209,245904,7223,10037,4688,33069,4418],"class_list":["post-1174652","post","type-post","status-publish","format-standard","has-post-thumbnail","category-wuppertal","tag-anschlag","tag-ausschuss","tag-de","tag-deutschland","tag-einzeltaeter","tag-germany","tag-herbert-reul","tag-innenminister","tag-issa","tag-netz","tag-netzwerk","tag-nordrhein-westfalen","tag-sicherheitsbehoerden","tag-solingen","tag-terroranschlag","tag-untersuchungsausschuss","tag-vernetzung","tag-wuppertal"],"share_on_mastodon":{"url":"https:\/\/pubeurope.com\/@de\/116938420175919252","error":""},"_links":{"self":[{"href":"https:\/\/www.europesays.com\/de\/wp-json\/wp\/v2\/posts\/1174652","targetHints":{"allow":["GET"]}}],"collection":[{"href":"https:\/\/www.europesays.com\/de\/wp-json\/wp\/v2\/posts"}],"about":[{"href":"https:\/\/www.europesays.com\/de\/wp-json\/wp\/v2\/types\/post"}],"author":[{"embeddable":true,"href":"https:\/\/www.europesays.com\/de\/wp-json\/wp\/v2\/users\/2"}],"replies":[{"embeddable":true,"href":"https:\/\/www.europesays.com\/de\/wp-json\/wp\/v2\/comments?post=1174652"}],"version-history":[{"count":0,"href":"https:\/\/www.europesays.com\/de\/wp-json\/wp\/v2\/posts\/1174652\/revisions"}],"wp:featuredmedia":[{"embeddable":true,"href":"https:\/\/www.europesays.com\/de\/wp-json\/wp\/v2\/media\/1174653"}],"wp:attachment":[{"href":"https:\/\/www.europesays.com\/de\/wp-json\/wp\/v2\/media?parent=1174652"}],"wp:term":[{"taxonomy":"category","embeddable":true,"href":"https:\/\/www.europesays.com\/de\/wp-json\/wp\/v2\/categories?post=1174652"},{"taxonomy":"post_tag","embeddable":true,"href":"https:\/\/www.europesays.com\/de\/wp-json\/wp\/v2\/tags?post=1174652"}],"curies":[{"name":"wp","href":"https:\/\/api.w.org\/{rel}","templated":true}]}}