{"id":1174706,"date":"2026-07-18T02:09:15","date_gmt":"2026-07-18T02:09:15","guid":{"rendered":"https:\/\/www.europesays.com\/de\/1174706\/"},"modified":"2026-07-18T02:09:15","modified_gmt":"2026-07-18T02:09:15","slug":"leipzig-stadthafen-feiert-erstes-hafenfest-wm-finale-inklusive","status":"publish","type":"post","link":"https:\/\/www.europesays.com\/de\/1174706\/","title":{"rendered":"Leipzig: Stadthafen feiert erstes Hafenfest \u2013 WM-Finale inklusive"},"content":{"rendered":"<p>Open-Air am Hafenbecken <\/p>\n<p>Stadthafen Leipzig zeigt WM-Finale beim ersten Hafenfest<\/p>\n<p>18.07.2026 &#8211; 04:07 UhrLesedauer: 2 Min.<\/p>\n<p><a href=\"#focus-0\" class=\"transition-colors block text-current relative\" data-sctrack=\"FocusGalleryImage.Reference\"><img fetchpriority=\"high\" data-testid=\"Opener.Image\"   loading=\"eager\" src=\"https:\/\/www.europesays.com\/de\/wp-content\/uploads\/2026\/07\/per-boot-von-der-innenstadt-ins-gruene-stadthafen-leipzig-heute-offiziell-eroeffnet.jpg\" alt=\"Stadthafen Leipzig er\u00f6ffnet\" title=\"Stadthafen Leipzig er\u00f6ffnet\" width=\"2048\" height=\"1152\" class=\"bg-[url:var(--lqipURL)] bg-cover bg-center flex h-full w-full max-w-full\" style=\"--lqipURL:url('https:\/\/images.t-online.de\/2026\/06\/RtmrTkhHXC-a\/0x152:2048x1152\/fit-in\/150x0\/filters:blur(25)\/per-boot-von-der-innenstadt-ins-gruene-stadthafen-leipzig-heute-offiziell-eroeffnet.jpg')\" decoding=\"async\"\/><img loading=\"lazy\" src=\"https:\/\/leipzig.t-online.de\/s\/paper\/_next\/static\/media\/zoom-in.f7dae02f.svg\" alt=\"Vergr\u00f6\u00dfern des Bildes\" title=\"Vergr\u00f6\u00dfern des Bildes\" class=\"block h-[calc(var(--height)_\/_16_*_1rem)] w-[calc(var(--width)_\/_16_*_1rem)] max-w-none absolute right-8 bottom-8 rounded-4 bg-snow p-8\" style=\"--width:32;--height:32\" decoding=\"async\"\/><\/a><\/p>\n<p>Stadthafen Leipzig: Er wurde im Juni er\u00f6ffnet. (Quelle: Hendrik Schmidt\/dpa\/dpa-bilder)<\/p>\n<p><img loading=\"lazy\" src=\"https:\/\/leipzig.t-online.de\/s\/paper\/_next\/static\/media\/audio-volume.6689034c.svg\" alt=\"\" title=\"\" class=\"block h-[calc(var(--height)_\/_16_*_1rem)] w-[calc(var(--width)_\/_16_*_1rem)] max-w-none group-hover:brightness-0 group-hover:invert\" style=\"--width:16;--height:16\" decoding=\"async\"\/>Vorlesen<\/p>\n<p>Aktuelle Zeit:0:00Gesamtdauer:0:00<\/p>\n<p>1x<\/p>\n<p class=\"text-center\">Jetzt neu bei t-online:<\/p>\n<p class=\"text-center\">Schriftgr\u00f6\u00dfe anpassen!<\/p>\n<p><img loading=\"lazy\" src=\"https:\/\/leipzig.t-online.de\/s\/paper\/_next\/static\/media\/font-sizes.32942e33.svg\" alt=\"\" title=\"\" class=\"block h-[calc(var(--height)_\/_16_*_1rem)] w-[calc(var(--width)_\/_16_*_1rem)] max-w-none group-hover:hidden group-aria-expanded:hidden\" style=\"--width:16;--height:16\" decoding=\"async\"\/><img loading=\"lazy\" src=\"https:\/\/leipzig.t-online.de\/s\/paper\/_next\/static\/media\/font-sizes-dark-mode.e382645c.svg\" alt=\"\" title=\"\" class=\"block h-[calc(var(--height)_\/_16_*_1rem)] w-[calc(var(--width)_\/_16_*_1rem)] max-w-none hidden group-hover:block group-aria-expanded:block\" style=\"--width:16;--height:16\" decoding=\"async\"\/><img loading=\"lazy\" src=\"https:\/\/leipzig.t-online.de\/s\/paper\/_next\/static\/media\/sharing-menu-icon.1eb71368.svg\" alt=\"\" title=\"\" class=\"block h-[calc(var(--height)_\/_16_*_1rem)] w-[calc(var(--width)_\/_16_*_1rem)] max-w-none group-hover:brightness-0 group-hover:invert\" style=\"--width:16;--height:16\" decoding=\"async\"\/>Artikel teilen<\/p>\n<p class=\"font-bold text-18 leading-17 user-text-lg:text-22 user-text-xl:text-24\">Am 18. und 19. Juli bringen Livemusik, Street Food und Open-Air-Kino Leben ans Hafenbecken. Auch eine Flyboard-Show steht auf dem Programm.<\/p>\n<p class=\"text-18 leading-17 user-text-lg:text-22 user-text-xl:text-24\">Am 18. und 19. Juli 2026 \u00f6ffnet der Stadthafen Leipzig erstmals seine Tore f\u00fcr ein Hafenfest. Laut einer Mitteilung der Stadt Leipzig reicht das Programm von Livemusik und Street Food \u00fcber ein Open-Air-Kino bis hin zur \u00dcbertragung des Endspiels der Fu\u00dfball-Weltmeisterschaft der M\u00e4nner. Ge\u00f6ffnet ist jeweils von 11 Uhr bis in den sp\u00e4ten Abend.<\/p>\n<p class=\"text-18 leading-17 user-text-lg:text-22 user-text-xl:text-24\">An beiden Tagen sind Food-Trucks und Gastronomiest\u00e4nde mit internationalen Gerichten vor Ort. Das Restaurant Dock 20 bewirtet G\u00e4ste auf seiner Terrasse direkt am Hafenbecken. F\u00fcr musikalische Unterhaltung sorgt an beiden Tagen DJ-Musik. Am Samstag tritt zudem der Singer-Songwriter Arne Hinz mittags live auf.<\/p>\n<p>Kanu und Motorboot: regul\u00e4r in Betrieb<\/p>\n<p class=\"text-18 leading-17 user-text-lg:text-22 user-text-xl:text-24\">F\u00fcr Familien stehen das Infomobil der Leipziger Stadtwerke mit Mitmachaktionen sowie die Klinik-Clowns Leipzig mit Kinderschminken und Ballonfiguren bereit. Kanuverleih und Motorboot-Rundfahrten sind w\u00e4hrend des gesamten Festes regul\u00e4r in Betrieb.<\/p>\n<p class=\"text-18 leading-17 user-text-lg:text-22 user-text-xl:text-24\">Am Samstag stehen weitere Programmpunkte an. Um 16 Uhr findet ein Drachenboot-Tauziehwettbewerb zugunsten des Nachwuchses des Leipziger Kanu Club e. V. statt. Ab 20 Uhr l\u00e4uft auf einer LED-Leinwand der Film &#8222;Der Pinguin meines Lebens&#8220; als Open-Air-Vorf\u00fchrung.<\/p>\n<ul class=\"text-18 leading-17 block pl-24 *:pb-16 *:before:inline-block *:before:size-8 *:before:bg-magenta *:before:mt-0 *:before:mr-12 *:before:mb-2 *:before:-ml-[20px]\">\n<li><strong class=\"font-bold\">CSD \u00fcbernimmt Leipzig \u2013<\/strong> <a href=\"https:\/\/leipzig.t-online.de\/region\/leipzig\/id_101347600\/leipzig-csd-2025-das-ist-die-route-und-das-sind-die-sperrungen.html\" class=\"transition-colors cursor-pointer no-underline md:hover:text-magenta md:focus:text-magenta border-b border-solid border-current text-salemsfur md:hover:border-magenta\" data-tracking=\"{&quot;action&quot;:&quot;click&quot;,&quot;category&quot;:&quot;intextLink&quot;,&quot;label&quot;:&quot;\/region\/leipzig\/id_101347600\/leipzig-csd-2025-das-ist-die-route-und-das-sind-die-sperrungen.html&quot;}\" data-sctrack=\"BodyAnchor\" rel=\"nofollow noopener\" target=\"_blank\">das ist am Samstag geplant<\/a><\/li>\n<\/ul>\n<p>Flying Gordon zeigt Flyboard-Show<\/p>\n<p class=\"text-18 leading-17 user-text-lg:text-22 user-text-xl:text-24\">Um 21.50 Uhr folgt eine Flyboard-Show mit Flying Gordon. Den Abschluss bildet um 22 Uhr das gemeinsame Entz\u00fcnden von Schwimmkerzen im Hafenbecken. Die Kerzen sind am Stand der Elternhilfe f\u00fcr krebskranke Kinder Leipzig e. V. erh\u00e4ltlich. Der gesamte Erl\u00f6s kommt der Vereinsarbeit zugute.<\/p>\n<p class=\"text-18 leading-17 user-text-lg:text-22 user-text-xl:text-24\">Am Sonntag \u00fcbertr\u00e4gt der Stadthafen ab 21 Uhr das Endspiel der M\u00e4nner-Fu\u00dfball-Weltmeisterschaft auf einer LED-Leinwand. Durch den Abend f\u00fchren der Fu\u00dfball-Journalist Guido Sch\u00e4fer und Frank Viereckl, Sprecher des Pr\u00e4sidiums des 1. FC Lokomotive Leipzig.<\/p>\n<p class=\"text-18 leading-17 user-text-lg:text-22 user-text-xl:text-24\">Weitere Veranstaltungen am Standort sind bereits angek\u00fcndigt: Am 25. und 26. September 2026 folgt ein Herbst- und Weinfest, an den Wochenenden 12.\/13. sowie 19.\/20. Dezember 2026 finden Weihnachtsmarkttage statt. Der Stadthafen Leipzig befindet sich in der Schreberstra\u00dfe 20 in 04109 Leipzig.<\/p>\n","protected":false},"excerpt":{"rendered":"Open-Air am Hafenbecken Stadthafen Leipzig zeigt WM-Finale beim ersten Hafenfest 18.07.2026 &#8211; 04:07 UhrLesedauer: 2 Min. Stadthafen Leipzig:&hellip;\n","protected":false},"author":2,"featured_media":1174707,"comment_status":"","ping_status":"","sticky":false,"template":"","format":"standard","meta":{"footnotes":"","_share_on_mastodon":"0"},"categories":[1832],"tags":[722,17161,245917,3364,29,2362,19366,30,72458,50401,71,22654,1598,859,25877,9430,146265],"class_list":["post-1174706","post","type-post","status-publish","format-standard","has-post-thumbnail","category-leipzig","tag-722","tag-17161","tag-arne-hinz","tag-de","tag-deutschland","tag-endspiel","tag-fussball-wm","tag-germany","tag-hafenbecken","tag-hafenfest","tag-leipzig","tag-livemusik","tag-restaurant","tag-sachsen","tag-stadthafen","tag-stadtwerke-leipzig","tag-wm-finale"],"share_on_mastodon":{"url":"https:\/\/pubeurope.com\/@de\/116938551683388808","error":""},"_links":{"self":[{"href":"https:\/\/www.europesays.com\/de\/wp-json\/wp\/v2\/posts\/1174706","targetHints":{"allow":["GET"]}}],"collection":[{"href":"https:\/\/www.europesays.com\/de\/wp-json\/wp\/v2\/posts"}],"about":[{"href":"https:\/\/www.europesays.com\/de\/wp-json\/wp\/v2\/types\/post"}],"author":[{"embeddable":true,"href":"https:\/\/www.europesays.com\/de\/wp-json\/wp\/v2\/users\/2"}],"replies":[{"embeddable":true,"href":"https:\/\/www.europesays.com\/de\/wp-json\/wp\/v2\/comments?post=1174706"}],"version-history":[{"count":0,"href":"https:\/\/www.europesays.com\/de\/wp-json\/wp\/v2\/posts\/1174706\/revisions"}],"wp:featuredmedia":[{"embeddable":true,"href":"https:\/\/www.europesays.com\/de\/wp-json\/wp\/v2\/media\/1174707"}],"wp:attachment":[{"href":"https:\/\/www.europesays.com\/de\/wp-json\/wp\/v2\/media?parent=1174706"}],"wp:term":[{"taxonomy":"category","embeddable":true,"href":"https:\/\/www.europesays.com\/de\/wp-json\/wp\/v2\/categories?post=1174706"},{"taxonomy":"post_tag","embeddable":true,"href":"https:\/\/www.europesays.com\/de\/wp-json\/wp\/v2\/tags?post=1174706"}],"curies":[{"name":"wp","href":"https:\/\/api.w.org\/{rel}","templated":true}]}}