{"id":1174719,"date":"2026-07-18T02:16:18","date_gmt":"2026-07-18T02:16:18","guid":{"rendered":"https:\/\/www.europesays.com\/de\/1174719\/"},"modified":"2026-07-18T02:16:18","modified_gmt":"2026-07-18T02:16:18","slug":"calevornia-in-leverkusen-schliessung-in-den-sommerferien","status":"publish","type":"post","link":"https:\/\/www.europesays.com\/de\/1174719\/","title":{"rendered":"Calevornia in Leverkusen: Schlie\u00dfung in den Sommerferien"},"content":{"rendered":"<p class=\"text_ohne_einzug richtext text-em-55 !leading-serif mx-6 desktop:mx-0\"> Es ist eine schlechte Nachricht f\u00fcr alle, die gerne das Freizeitbad Calevornia und die Park-Sauna an der Bismarckstra\u00dfe in K\u00fcppersteg nutzen, um einmal vom Alltag abzuschalten \u2013 und die negative Kunde kommt \u00fcberdies zum denkbar schlechtesten Zeitpunkt. Denn wie die Stadt am Freitag p\u00fcnktlich zum Beginn der <a href=\"https:\/\/rp-online.de\/thema\/sommerferien\/\" rel=\"nofollow noopener\" target=\"_blank\">Sommerferien<\/a> hat mitteilen m\u00fcssen, bleiben das Freizeitbad und die <a href=\"https:\/\/rp-online.de\/thema\/sauna\/\" rel=\"nofollow noopener\" target=\"_blank\">Sauna<\/a> erst einmal geschlossen.<\/p>\n<p class=\"richtext text-em-55 !leading-serif mx-6 desktop:mx-0\">Der Grund ist ein technischer Defekt, der jetzt so schnell wie m\u00f6glich behoben werden soll. Dennoch gehen die Verantwortlichen beim Betreiber Sportpark <a href=\"https:\/\/rp-online.de\/thema\/leverkusen\/\" rel=\"nofollow noopener\" target=\"_blank\">Leverkusen<\/a> davon aus, dass die unfreiwillige Pause in Calevornia und Park-Sauna voraussichtlich die ganze erste Ferienh\u00e4lfte andauern wird, sodass Bad und Sauna wohl erst wieder ab ungef\u00e4hr Mitte August zur Verf\u00fcgung stehen werden.<\/p>\n<p class=\"richtext text-em-55 !leading-serif mx-6 desktop:mx-0\">Gl\u00fcck im Ungl\u00fcck: Das <a href=\"https:\/\/rp-online.de\/thema\/freibad\/\" rel=\"nofollow noopener\" target=\"_blank\">Freibad<\/a> am Calevornia ist von dem technischen Defekt und damit von der Schlie\u00dfung nicht betroffen, weswegen der Sportpark die dort g\u00fcltigen \u00d6ffnungszeiten nunmehr verl\u00e4ngert hat. Das Freibad ist montags bis freitags von 8.30 Uhr bis 20 Uhr und an den Wochenenden von 9 bis 20 Uhr ge\u00f6ffnet.<\/p>\n<p class=\"richtext text-em-55 !leading-serif mx-6 desktop:mx-0\">Der Sportpark Leverkusen bedauere die kurzfristige Schlie\u00dfung sehr, hie\u00df es am Freitag vonseiten der Stadt, die ferner betonte, die Sportpark-Mitarbeiter t\u00e4ten ihr Bestes, um den technischen Defekt m\u00f6glichst z\u00fcgig zu beheben. \u201eDer Sportpark Leverkusen arbeitet mit Hochdruck daran, das Bad und die Sauna fr\u00fcher wieder zur Verf\u00fcgung stellen zu k\u00f6nnen\u201c, versicherte die Stadt. <\/p>\n","protected":false},"excerpt":{"rendered":"Es ist eine schlechte Nachricht f\u00fcr alle, die gerne das Freizeitbad Calevornia und die Park-Sauna an der Bismarckstra\u00dfe&hellip;\n","protected":false},"author":2,"featured_media":1174720,"comment_status":"","ping_status":"","sticky":false,"template":"","format":"standard","meta":{"footnotes":"","_share_on_mastodon":"0"},"categories":[1828],"tags":[245921,9037,29,245922,10860,89879,30,1420,2375,1209,3624,14600,11290,84858,41249],"class_list":["post-1174719","post","type-post","status-publish","format-standard","has-post-thumbnail","category-koeln","tag-calevornia","tag-defekt","tag-deutschland","tag-ferienhaelfte","tag-freibad","tag-freizeitbad","tag-germany","tag-koeln","tag-leverkusen","tag-nordrhein-westfalen","tag-park","tag-sauna","tag-sommerferien","tag-sportpark","tag-technischer"],"share_on_mastodon":{"url":"https:\/\/pubeurope.com\/@de\/116938577595773531","error":""},"_links":{"self":[{"href":"https:\/\/www.europesays.com\/de\/wp-json\/wp\/v2\/posts\/1174719","targetHints":{"allow":["GET"]}}],"collection":[{"href":"https:\/\/www.europesays.com\/de\/wp-json\/wp\/v2\/posts"}],"about":[{"href":"https:\/\/www.europesays.com\/de\/wp-json\/wp\/v2\/types\/post"}],"author":[{"embeddable":true,"href":"https:\/\/www.europesays.com\/de\/wp-json\/wp\/v2\/users\/2"}],"replies":[{"embeddable":true,"href":"https:\/\/www.europesays.com\/de\/wp-json\/wp\/v2\/comments?post=1174719"}],"version-history":[{"count":0,"href":"https:\/\/www.europesays.com\/de\/wp-json\/wp\/v2\/posts\/1174719\/revisions"}],"wp:featuredmedia":[{"embeddable":true,"href":"https:\/\/www.europesays.com\/de\/wp-json\/wp\/v2\/media\/1174720"}],"wp:attachment":[{"href":"https:\/\/www.europesays.com\/de\/wp-json\/wp\/v2\/media?parent=1174719"}],"wp:term":[{"taxonomy":"category","embeddable":true,"href":"https:\/\/www.europesays.com\/de\/wp-json\/wp\/v2\/categories?post=1174719"},{"taxonomy":"post_tag","embeddable":true,"href":"https:\/\/www.europesays.com\/de\/wp-json\/wp\/v2\/tags?post=1174719"}],"curies":[{"name":"wp","href":"https:\/\/api.w.org\/{rel}","templated":true}]}}