{"id":117492,"date":"2025-05-17T10:29:12","date_gmt":"2025-05-17T10:29:12","guid":{"rendered":"https:\/\/www.europesays.com\/de\/117492\/"},"modified":"2025-05-17T10:29:12","modified_gmt":"2025-05-17T10:29:12","slug":"wadephul-warnt-vor-russischer-bedrohung-in-der-ostsee","status":"publish","type":"post","link":"https:\/\/www.europesays.com\/de\/117492\/","title":{"rendered":"Wadephul warnt vor russischer Bedrohung in der Ostsee"},"content":{"rendered":"<p class=\"metatextline\">Stand: 17.05.2025 10:41 Uhr<\/p>\n<p class=\"textabsatz columns twelve  m-ten  m-offset-one l-eight l-offset-two\">\n        <strong>Russlands Schattenflotte steht im Verdacht, Leitungen und Kabel in der Ostsee zu sabotieren. Deutschlands neuer Au\u00dfenminister Wadephul spricht nun von einer wachsenden Bedrohung &#8211; und will deshalb mehr Patrouillen der Anrainerstaaten. <\/strong>\n    <\/p>\n<p class=\"textabsatz m-ten m-offset-one l-eight l-offset-two columns twelve\">\nDie russische Schattenflotte steht im Verdacht, Leitungen und Kabel in der Ostsee sabotiert zu haben. Au\u00dfenminister Johann Wadephul will auf diese Bedrohung mit einer st\u00e4rkeren \u00dcberwachung reagieren. &#8222;Wir als Anrainer, NATO und EU, setzen uns mit aller Kraft hybriden Bedrohungen entgegen, auch mit weiteren Patrouillen&#8220;, sagte der CDU-Politiker der Welt am Sonntag. &#8222;Im Ostseeraum bedroht Russland uns alle&#8220;, warnte er.\u00a0<\/p>\n<p class=\"textabsatz m-ten m-offset-one l-eight l-offset-two columns twelve\">\nMit der Schattenflotte sind\u00a0Tanker und andere Frachtschiffe gemeint, die Russland einsetzt, um Sanktionen etwa beim \u00d6ltransport zu umgehen. In den vergangenen Monaten\u00a0hatten immer wieder mutma\u00dfliche Sabotageakte durch die Schattenflotte\u00a0an Kabeln und Leitungen in der Ostsee f\u00fcr Aufsehen gesorgt. Seitdem wird die unterseeische Infrastruktur verst\u00e4rkt \u00fcberwacht.<\/p>\n<p>    Wadephul: Absolutes Sicherheitsrisiko<\/p>\n<p class=\"textabsatz m-ten m-offset-one l-eight l-offset-two columns twelve\">\nWadephul sagte weiter, die Bedrohungslage habe sich in den vergangenen Monaten immer weiter versch\u00e4rft. &#8222;Durchtrennte Kabel, gest\u00f6rte Signale und verd\u00e4chtige Schiffe machen uns gro\u00dfe Sorgen.&#8220; Er bezeichnete die Schattenflotte als absolutes Sicherheitsrisiko.<\/p>\n<p class=\"textabsatz m-ten m-offset-one l-eight l-offset-two columns twelve\">\nDie EU werde diese Schiffe ganz direkt mit weiteren Sanktionen belegen. &#8222;Das hilft auch der Ukraine, denn die Schattenflotte transportiert jeden Tag \u00d6l, das Russland an Sanktionen vorbei verkauft.&#8220;<\/p>\n<p class=\"textabsatz m-ten m-offset-one l-eight l-offset-two columns twelve\">\nBereits vor einer Woche hatte Wadephul in einem Interview mit der Neuen Osnabr\u00fccker Zeitung angek\u00fcndigt, dass ein Schwerpunkt seiner Amtszeit die Sicherheit im Ostseeraum sei. &#8222;Die Lage ist prek\u00e4r, das ist offenkundig&#8220;, betonte der Minister.<\/p>\n<p>    EU bereitet weitere Sanktionen vor<\/p>\n<p class=\"textabsatz m-ten m-offset-one l-eight l-offset-two columns twelve\">\nDas 17. EU-Paket mit Russland-Sanktionen soll am Dienstag bei einem Au\u00dfenministertreffen in Br\u00fcssel formell beschlossen werden. Es sieht unter anderem eine weitere Versch\u00e4rfung des Vorgehens gegen die russische Schattenflotte f\u00fcr den Transport von \u00d6l und \u00d6lprodukten vor.<\/p>\n<p class=\"textabsatz m-ten m-offset-one l-eight l-offset-two columns twelve\">\nNach Angaben von Lettlands Au\u00dfenministerin Baiba Braze laufen ungef\u00e4hr 84 Prozent der russischen Roh\u00f6lexporte \u00fcber die Schattenflotte durch die Ostsee. Dies entspreche\u00a0mehr als einem Drittel der russischen Haushaltseinnahmen.<\/p>\n","protected":false},"excerpt":{"rendered":"Stand: 17.05.2025 10:41 Uhr Russlands Schattenflotte steht im Verdacht, Leitungen und Kabel in der Ostsee zu sabotieren. Deutschlands&hellip;\n","protected":false},"author":2,"featured_media":117493,"comment_status":"","ping_status":"","sticky":false,"template":"","format":"standard","meta":{"footnotes":""},"categories":[5],"tags":[13,14,15,15048,12,10,8,9,11,30616],"class_list":{"0":"post-117492","1":"post","2":"type-post","3":"status-publish","4":"format-standard","5":"has-post-thumbnail","7":"category-nachrichten","8":"tag-headlines","9":"tag-nachrichten","10":"tag-news","11":"tag-schattenflotte","12":"tag-schlagzeilen","13":"tag-top-news","14":"tag-top-meldungen","15":"tag-topmeldungen","16":"tag-topnews","17":"tag-wadephul"},"share_on_mastodon":{"url":"https:\/\/pubeurope.com\/@de\/114522709724063541","error":""},"_links":{"self":[{"href":"https:\/\/www.europesays.com\/de\/wp-json\/wp\/v2\/posts\/117492","targetHints":{"allow":["GET"]}}],"collection":[{"href":"https:\/\/www.europesays.com\/de\/wp-json\/wp\/v2\/posts"}],"about":[{"href":"https:\/\/www.europesays.com\/de\/wp-json\/wp\/v2\/types\/post"}],"author":[{"embeddable":true,"href":"https:\/\/www.europesays.com\/de\/wp-json\/wp\/v2\/users\/2"}],"replies":[{"embeddable":true,"href":"https:\/\/www.europesays.com\/de\/wp-json\/wp\/v2\/comments?post=117492"}],"version-history":[{"count":0,"href":"https:\/\/www.europesays.com\/de\/wp-json\/wp\/v2\/posts\/117492\/revisions"}],"wp:featuredmedia":[{"embeddable":true,"href":"https:\/\/www.europesays.com\/de\/wp-json\/wp\/v2\/media\/117493"}],"wp:attachment":[{"href":"https:\/\/www.europesays.com\/de\/wp-json\/wp\/v2\/media?parent=117492"}],"wp:term":[{"taxonomy":"category","embeddable":true,"href":"https:\/\/www.europesays.com\/de\/wp-json\/wp\/v2\/categories?post=117492"},{"taxonomy":"post_tag","embeddable":true,"href":"https:\/\/www.europesays.com\/de\/wp-json\/wp\/v2\/tags?post=117492"}],"curies":[{"name":"wp","href":"https:\/\/api.w.org\/{rel}","templated":true}]}}