{"id":1175066,"date":"2026-07-18T05:46:15","date_gmt":"2026-07-18T05:46:15","guid":{"rendered":"https:\/\/www.europesays.com\/de\/1175066\/"},"modified":"2026-07-18T05:46:15","modified_gmt":"2026-07-18T05:46:15","slug":"deutsche-bahn-bahn-mitarbeiter-stuerzt-waehrend-streit-aus-fahrendem-zug","status":"publish","type":"post","link":"https:\/\/www.europesays.com\/de\/1175066\/","title":{"rendered":"Deutsche Bahn: Bahn-Mitarbeiter st\u00fcrzt w\u00e4hrend Streit aus fahrendem Zug"},"content":{"rendered":"<p class=\"paragraph article__item\">Ein Bahn-Mitarbeiter ist nach einer Auseinandersetzung mit einem Fahrgast aus einem fahrenden Zug gest\u00fcrzt und lebensgef\u00e4hrlich verletzt worden. Der Vorfall habe sich auf der Bahnstrecke von Offenburg nach Karlsruhe ereignet, teilten Staatsanwaltschaft und <a class=\"rtr-entity\" href=\"https:\/\/www.zeit.de\/thema\/polizei\" rel=\"nofollow noopener\" target=\"_blank\">Polizei<\/a> in Karlsruhe mit. Der 26-j\u00e4hrige Mitarbeiter von DB Sicherheit sei nach einer umfangreichen Suchaktion im Bereich der Gleise entdeckt und ins Krankenhaus gebracht worden.\n<\/p>\n<p class=\"paragraph article__item\">Fahrscheinpr\u00fcfer kontrollierten den Angaben zufolge am Freitagabend einen 36-j\u00e4hrigen Fahrgast. Dabei sei es zu einem verbalen Streit gekommen, weshalb zwei Mitarbeiter der DB-Sicherheit hinzugezogen worden seien. Der mutma\u00dflich alkoholisierte Fahrgast soll die Mitarbeiter der DB-Sicherheit beleidigt haben. Anschlie\u00dfend habe es eine k\u00f6rperliche Auseinandersetzung gegeben, teilten Polizei und Staatsanwaltschaft mit. \u00bbW\u00e4hrend des Gerangels st\u00fcrzten beide Beteiligte zu Boden. Hierbei \u00f6ffnete sich aus bislang ungekl\u00e4rter Ursache die T\u00fcr des fahrenden Zuges, und der 26-J\u00e4hrige st\u00fcrzte auf H\u00f6he von Ettlingen-Bruchhausen aus dem Zug.\u00ab\n<\/p>\n<p>            Ermittlung zu Hintergr\u00fcnden            <\/p>\n<p class=\"paragraph article__item\">Der Fahrgast sei noch im Zug vorl\u00e4ufig festgenommen worden. Der Bahn-Mitarbeiter wurde der Polizei zufolge etwa zwei Kilometer hinter dem sp\u00e4teren Halteort des Zuges mit lebensgef\u00e4hrlichen Verletzungen aufgefunden. Zu den Hintergr\u00fcnden und zum genauen Ablauf des Geschehens wird noch<br \/>\nermittelt. Der betroffene Zug wird wegen der laufenden Untersuchungen<br \/>\nvorerst nicht weiter im Bahnverkehr eingesetzt.\n<\/p>\n<p>                            \u00a9\u00a0Lea Dohle<\/p>\n<p>\n                                        Newsletter<br \/>\n                                        Was jetzt? \u2013 Der t\u00e4gliche Morgen\u00fcberblick<\/p>\n<p class=\"newsletter-signup__text\">Starten Sie mit unserem kurzen Nachrichten-Newsletter in den Tag. Erhalten Sie zudem freitags das digitale Magazin ZEIT am Wochenende.<\/p>\n<p class=\"newsletter-signup__datapolicy\" hidden=\"\">\n            Mit Ihrer Registrierung nehmen Sie die <a href=\"https:\/\/datenschutz.zeit.de\/zon#Newsletter\" target=\"_blank\" rel=\"nofollow noopener\">Datenschutzerkl\u00e4rung<\/a> zur Kenntnis.\n        <\/p>\n<p>    Vielen Dank! Wir haben Ihnen eine E-Mail geschickt.<\/p>\n<p>Pr\u00fcfen Sie Ihr Postfach und best\u00e4tigen Sie das Newsletter-Abonnement.<\/p>\n<p class=\"paragraph article__item\">Mitarbeiter der Deutschen Bahn werden immer wieder Ziel von Angriffen. Im Februar hatte der Tod eines Zugbegleiters nach einem <a href=\"https:\/\/www.zeit.de\/gesellschaft\/zeitgeschehen\/2026-07\/zehn-jahre-haft-nach-toedlichem-angriff-auf-zugbegleiter-gxe\" target=\"_blank\" rel=\"nofollow noopener\">Angriff durch einen Schwarzfahrer<\/a> in Rheinland-Pfalz bundesweit Entsetzen ausgel\u00f6st. 1.630 Bahn-Mitarbeitende  der <a href=\"https:\/\/www.zeit.de\/thema\/deutsche-bahn\" target=\"_blank\" rel=\"nofollow noopener\">Deutschen Bahn<\/a> und 4.672 Bundespolizisten\u00a0wurden in den ersten f\u00fcnf Monaten dieses Jahres  bedroht, angegriffen oder auf andere Weise Opfer einer Straftat. Das teilte das Bundesinnenministerium auf Anfrage des Linkenabgeordneten Dietmar Bartsch mit.\n<\/p>\n<p>Mehr zum Thema<\/p>\n<p>            Gewalt in der Bahn        <\/p>\n<p>                <a href=\"https:\/\/www.zeit.de\/2026\/14\/gewalt-zugbegleiter-deutsche-bahn-sicherheit-training\" data-ct-label=\"Gewalt gegen Zugbegleiter: &quot;Wenn ihr die Faust nehmt, dann tun schnell die Finger weh&quot;\" data-uuid=\"eac75489-0bae-46ea-96e2-b91813f010b7\" rel=\"nofollow noopener\" target=\"_blank\"><\/p>\n<p>                        Gewalt gegen Zugbegleiter:<br \/>\n                        &#8222;Wenn ihr die Faust nehmt, dann tun schnell die Finger weh&#8220;<\/p>\n<p>                <\/a><\/p>\n<p>                <a href=\"https:\/\/www.zeit.de\/gesellschaft\/zeitgeschehen\/2026-07\/zehn-jahre-haft-nach-toedlichem-angriff-auf-zugbegleiter-gxe\" data-ct-label=\"Rheinland-Pfalz: Zehn Jahre Haft nach t\u00f6dlichem Angriff auf Zugbegleiter\" data-uuid=\"919aa9ab-ca69-44aa-903d-2dcb07d510c5\" rel=\"nofollow noopener\" target=\"_blank\"><\/p>\n<p>                        Rheinland-Pfalz:<br \/>\n                        Zehn Jahre Haft nach t\u00f6dlichem Angriff auf Zugbegleiter<\/p>\n<p>                <\/a><\/p>\n","protected":false},"excerpt":{"rendered":"Ein Bahn-Mitarbeiter ist nach einer Auseinandersetzung mit einem Fahrgast aus einem fahrenden Zug gest\u00fcrzt und lebensgef\u00e4hrlich verletzt worden.&hellip;\n","protected":false},"author":2,"featured_media":1175067,"comment_status":"","ping_status":"","sticky":false,"template":"","format":"standard","meta":{"footnotes":"","_share_on_mastodon":"0"},"categories":[1844],"tags":[2140,1634,5219,3364,2030,29,30,1724,8903,21135,121,3931,1997],"class_list":["post-1175066","post","type-post","status-publish","format-standard","has-post-thumbnail","category-karlsruhe","tag-angriff","tag-baden-wuerttemberg","tag-db","tag-de","tag-deutsche-bahn","tag-deutschland","tag-germany","tag-gesellschaft","tag-karlsruhe","tag-offenburg","tag-polizei","tag-sicherheit","tag-staatsanwaltschaft"],"share_on_mastodon":{"url":"https:\/\/pubeurope.com\/@de\/116939403171989109","error":""},"_links":{"self":[{"href":"https:\/\/www.europesays.com\/de\/wp-json\/wp\/v2\/posts\/1175066","targetHints":{"allow":["GET"]}}],"collection":[{"href":"https:\/\/www.europesays.com\/de\/wp-json\/wp\/v2\/posts"}],"about":[{"href":"https:\/\/www.europesays.com\/de\/wp-json\/wp\/v2\/types\/post"}],"author":[{"embeddable":true,"href":"https:\/\/www.europesays.com\/de\/wp-json\/wp\/v2\/users\/2"}],"replies":[{"embeddable":true,"href":"https:\/\/www.europesays.com\/de\/wp-json\/wp\/v2\/comments?post=1175066"}],"version-history":[{"count":0,"href":"https:\/\/www.europesays.com\/de\/wp-json\/wp\/v2\/posts\/1175066\/revisions"}],"wp:featuredmedia":[{"embeddable":true,"href":"https:\/\/www.europesays.com\/de\/wp-json\/wp\/v2\/media\/1175067"}],"wp:attachment":[{"href":"https:\/\/www.europesays.com\/de\/wp-json\/wp\/v2\/media?parent=1175066"}],"wp:term":[{"taxonomy":"category","embeddable":true,"href":"https:\/\/www.europesays.com\/de\/wp-json\/wp\/v2\/categories?post=1175066"},{"taxonomy":"post_tag","embeddable":true,"href":"https:\/\/www.europesays.com\/de\/wp-json\/wp\/v2\/tags?post=1175066"}],"curies":[{"name":"wp","href":"https:\/\/api.w.org\/{rel}","templated":true}]}}