{"id":1175076,"date":"2026-07-18T05:52:16","date_gmt":"2026-07-18T05:52:16","guid":{"rendered":"https:\/\/www.europesays.com\/de\/1175076\/"},"modified":"2026-07-18T05:52:16","modified_gmt":"2026-07-18T05:52:16","slug":"wuppertaler-schueler-starten-in-die-sommerferien","status":"publish","type":"post","link":"https:\/\/www.europesays.com\/de\/1175076\/","title":{"rendered":"Wuppertaler Sch\u00fcler starten in die Sommerferien"},"content":{"rendered":"<p class=\"text_ohne_einzug richtext text-em-55 !leading-serif mx-6 desktop:mx-0\">Heute beginnt f\u00fcr viele Kinder und Jugendliche die sch\u00f6nste Zeit des Jahres: die Sommerferien. Ist der heutige Schultag \u2013 mit Zeugnisvergabe \u2013 vor\u00fcber, m\u00fcssen sie erst wieder Mittwoch, 3.\u2005September, zur Schule. Dann beginnt f\u00fcr viele Kinder auch ein neuer Lebensabschnitt: Rund 3600 beginnen als Erstkl\u00e4ssler ihre Schullaufbahn, rund 3200 starten an einer weiterf\u00fchrenden Schule. <\/p>\n","protected":false},"excerpt":{"rendered":"Heute beginnt f\u00fcr viele Kinder und Jugendliche die sch\u00f6nste Zeit des Jahres: die Sommerferien. Ist der heutige Schultag&hellip;\n","protected":false},"author":2,"featured_media":1175077,"comment_status":"","ping_status":"","sticky":false,"template":"","format":"standard","meta":{"footnotes":"","_share_on_mastodon":"0"},"categories":[1840],"tags":[19939,5871,18182,131397,3364,29,198097,101152,4532,52827,30,9022,9906,1691,1209,9216,36974,246013,52826,966,52824,54184,11290,12293,4418],"class_list":["post-1175076","post","type-post","status-publish","format-standard","has-post-thumbnail","category-wuppertal","tag-betreuung","tag-grundschule","tag-ogs","tag-betreuungsbedarf","tag-de","tag-deutschland","tag-doerpfeld","tag-erstklaessler","tag-ferien","tag-foerderschule","tag-germany","tag-gesamtschule","tag-gesamtschulen","tag-gymnasium","tag-nordrhein-westfalen","tag-realschule","tag-schulbau","tag-schulbaukoordination","tag-schulbauoffensive","tag-schule","tag-schulentwicklungsplanung","tag-schuljahr","tag-sommerferien","tag-viertklaessler","tag-wuppertal"],"share_on_mastodon":{"url":"https:\/\/pubeurope.com\/@de\/116939426688053580","error":""},"_links":{"self":[{"href":"https:\/\/www.europesays.com\/de\/wp-json\/wp\/v2\/posts\/1175076","targetHints":{"allow":["GET"]}}],"collection":[{"href":"https:\/\/www.europesays.com\/de\/wp-json\/wp\/v2\/posts"}],"about":[{"href":"https:\/\/www.europesays.com\/de\/wp-json\/wp\/v2\/types\/post"}],"author":[{"embeddable":true,"href":"https:\/\/www.europesays.com\/de\/wp-json\/wp\/v2\/users\/2"}],"replies":[{"embeddable":true,"href":"https:\/\/www.europesays.com\/de\/wp-json\/wp\/v2\/comments?post=1175076"}],"version-history":[{"count":0,"href":"https:\/\/www.europesays.com\/de\/wp-json\/wp\/v2\/posts\/1175076\/revisions"}],"wp:featuredmedia":[{"embeddable":true,"href":"https:\/\/www.europesays.com\/de\/wp-json\/wp\/v2\/media\/1175077"}],"wp:attachment":[{"href":"https:\/\/www.europesays.com\/de\/wp-json\/wp\/v2\/media?parent=1175076"}],"wp:term":[{"taxonomy":"category","embeddable":true,"href":"https:\/\/www.europesays.com\/de\/wp-json\/wp\/v2\/categories?post=1175076"},{"taxonomy":"post_tag","embeddable":true,"href":"https:\/\/www.europesays.com\/de\/wp-json\/wp\/v2\/tags?post=1175076"}],"curies":[{"name":"wp","href":"https:\/\/api.w.org\/{rel}","templated":true}]}}