{"id":1175137,"date":"2026-07-18T06:29:30","date_gmt":"2026-07-18T06:29:30","guid":{"rendered":"https:\/\/www.europesays.com\/de\/1175137\/"},"modified":"2026-07-18T06:29:30","modified_gmt":"2026-07-18T06:29:30","slug":"lebensretter-aus-neuss-geehrt-feuerwehrmaenner-fuer-rettung-von-nachbarin-geehrt","status":"publish","type":"post","link":"https:\/\/www.europesays.com\/de\/1175137\/","title":{"rendered":"Lebensretter aus Neuss geehrt: Feuerwehrm\u00e4nner f\u00fcr Rettung von Nachbarin geehrt"},"content":{"rendered":"<p class=\"text_ohne_einzug richtext text-em-55 !leading-serif mx-6 desktop:mx-0\">F\u00fcr Matthias und Christoph Hilgers war es keine Heldentat \u2013 es war das Selbstverst\u00e4ndlichste der Welt. Jetzt wurden die beiden Neusser Feuerwehrm\u00e4nner von Regierungspr\u00e4sident Thomas Sch\u00fcrmann f\u00fcr ihren Einsatz im vergangenen Dezember ausgezeichnet. Gemeinsam mit f\u00fcnf weiteren Retterinnen und Rettern aus dem Regierungsbezirk empfingen sie die Ehrung in einer Feierstunde im Schl\u00f6sschen der Bezirksregierung D\u00fcsseldorf.<\/p>\n<p class=\"richtext text-em-55 !leading-serif mx-6 desktop:mx-0\">Es war der Abend des 11. Dezember, kurz nach 19 Uhr, als Christoph Hilgers vom Garten aus einen ungew\u00f6hnlichen Schein im Fenster seiner Nachbarin bemerkte. Ein Adventsgesteck hatte Feuer gefangen, weitere M\u00f6belst\u00fccke brannten bereits. Der 59-J\u00e4hrige z\u00f6gerte nicht: Mit einem Vorschlaghammer schlug er die Scheibe ein, rief seinen Sohn Matthias zur Hilfe und brachte die bettl\u00e4gerige 90-j\u00e4hrige Bewohnerin mit dem Rollstuhl durch die Balkont\u00fcr ins Freie. Matthias, 30 Jahre alt und noch in Hausschlappen, l\u00f6schte die Flammen \u2013 und beide retteten anschlie\u00dfend eine weitere Frau aus der bereits verrauchten Wohnung im Obergeschoss. Als die Feuerwehr eintraf, brannte es l\u00e4ngst nicht mehr.<\/p>\n<p class=\"richtext text-em-55 !leading-serif mx-6 desktop:mx-0\">Was die beiden M\u00e4nner auszeichnet, ist nicht nur ihr Mut \u2013 sondern ihre Profession. Matthias Hilgers ist hauptberuflich bei der Werkfeuerwehr von Alunorf t\u00e4tig und engagiert sich ehrenamtlich im L\u00f6schzug Hoisten, wo auch sein Vater aktiv ist. Sie wussten, was zu tun war. Und sie taten es. \u201eDas ist Berufsehre\u201c, sagt Matthias Hilgers. Mehr Worte braucht er daf\u00fcr nicht.<\/p>\n<p class=\"richtext text-em-55 !leading-serif mx-6 desktop:mx-0\">Bei der Feierstunde in D\u00fcsseldorf standen Vater und Sohn Seite an Seite mit f\u00fcnf weiteren Menschen, die in ganz anderen Situationen \u00e4hnlich reagiert hatten. Fynn Peters hatte im Juni vergangenen Jahres ein 16 Monate altes Kind vor dem Ertrinken im Spoykanal gerettet. Ebenfalls im vergangenen Juni waren Soheib Benhamza und Murat Yel mit zwei Freunden in ihrem Tretboot auf der Ruhr unterwegs, als sie Hilferufe von der Schlossbr\u00fccke in M\u00fclheim h\u00f6rten \u2013 zwei Menschen hatten sich ins Wasser gest\u00fcrzt. Sie retteten beide, doch die Frau starb sp\u00e4ter im Krankenhaus. Hannah Schlage und Enrico Paterno leisteten im vergangenen September in einer Essener Schule Erste Hilfe an einer mit einem Messer lebensgef\u00e4hrlich verletzten Lehrerin \u2013 obwohl der T\u00e4ter zu diesem Zeitpunkt noch nicht gefasst war.<\/p>\n<p class=\"richtext text-em-55 !leading-serif mx-6 desktop:mx-0\">\u201eSie alle haben in einem entscheidenden Moment nicht weggeschaut, sondern gehandelt\u201c, sagte Sch\u00fcrmann. \u201eSie haben Mut bewiesen, Verantwortung \u00fcbernommen und Menschen in gr\u00f6\u00dfter Not geholfen. Diese Selbstlosigkeit verdient h\u00f6chsten Respekt und Anerkennung.\u201c<\/p>\n","protected":false},"excerpt":{"rendered":"F\u00fcr Matthias und Christoph Hilgers war es keine Heldentat \u2013 es war das Selbstverst\u00e4ndlichste der Welt. Jetzt wurden&hellip;\n","protected":false},"author":2,"featured_media":1175138,"comment_status":"","ping_status":"","sticky":false,"template":"","format":"standard","meta":{"footnotes":"","_share_on_mastodon":"0"},"categories":[1831],"tags":[246025,3364,29,3405,79324,20372,987,985,246026,30,5402,13715,79186,10430,1209,1918,73470,181169],"class_list":["post-1175137","post","type-post","status-publish","format-standard","has-post-thumbnail","category-duesseldorf","tag-christoph-hilger","tag-de","tag-deutschland","tag-duesseldorf","tag-feierstunde","tag-fenster","tag-feuer","tag-feuerwehr","tag-feuerwehrmaenner","tag-germany","tag-maenner","tag-matthias","tag-nachbarin","tag-neuss","tag-nordrhein-westfalen","tag-sohn","tag-thomas-schuermann","tag-vorschlaghammer"],"share_on_mastodon":{"url":"https:\/\/pubeurope.com\/@de\/116939572049759074","error":""},"_links":{"self":[{"href":"https:\/\/www.europesays.com\/de\/wp-json\/wp\/v2\/posts\/1175137","targetHints":{"allow":["GET"]}}],"collection":[{"href":"https:\/\/www.europesays.com\/de\/wp-json\/wp\/v2\/posts"}],"about":[{"href":"https:\/\/www.europesays.com\/de\/wp-json\/wp\/v2\/types\/post"}],"author":[{"embeddable":true,"href":"https:\/\/www.europesays.com\/de\/wp-json\/wp\/v2\/users\/2"}],"replies":[{"embeddable":true,"href":"https:\/\/www.europesays.com\/de\/wp-json\/wp\/v2\/comments?post=1175137"}],"version-history":[{"count":0,"href":"https:\/\/www.europesays.com\/de\/wp-json\/wp\/v2\/posts\/1175137\/revisions"}],"wp:featuredmedia":[{"embeddable":true,"href":"https:\/\/www.europesays.com\/de\/wp-json\/wp\/v2\/media\/1175138"}],"wp:attachment":[{"href":"https:\/\/www.europesays.com\/de\/wp-json\/wp\/v2\/media?parent=1175137"}],"wp:term":[{"taxonomy":"category","embeddable":true,"href":"https:\/\/www.europesays.com\/de\/wp-json\/wp\/v2\/categories?post=1175137"},{"taxonomy":"post_tag","embeddable":true,"href":"https:\/\/www.europesays.com\/de\/wp-json\/wp\/v2\/tags?post=1175137"}],"curies":[{"name":"wp","href":"https:\/\/api.w.org\/{rel}","templated":true}]}}