{"id":1175206,"date":"2026-07-18T07:14:20","date_gmt":"2026-07-18T07:14:20","guid":{"rendered":"https:\/\/www.europesays.com\/de\/1175206\/"},"modified":"2026-07-18T07:14:20","modified_gmt":"2026-07-18T07:14:20","slug":"sv-waldhof-mannheim-vs-1-fc-nuernberg-heute-live-im-free-tv-sehen-wer-zeigt-uebertraegt-das-fussball-testspiel-im-tv-und-livestream","status":"publish","type":"post","link":"https:\/\/www.europesays.com\/de\/1175206\/","title":{"rendered":"SV Waldhof Mannheim vs. 1. FC N\u00fcrnberg heute live im Free-TV sehen: Wer zeigt \/ \u00fcbertr\u00e4gt das Fu\u00dfball Testspiel im TV und Livestream?"},"content":{"rendered":"<p>Der SV Waldhof Mannheim und 1. FC N\u00fcrnberg bestreiten am heutigen Samstag ein Testspiel. Wer k\u00fcmmert sich um die \u00dcbertragung im TV und Livestream? SPOX gibt Euch alle Informationen. <\/p>\n<p>Im Rahmen der Sommervorbereitung auf die neue Spielzeit stehen sich der SV Waldhof Mannheim und der 1. FC N\u00fcrnberg in einem Testspiel gegen\u00fcber. Austragungsort ist der CIRCUTEC Sportpark in Roth, der Ball rollt ab 16 Uhr. F\u00fcr die Mannschaft von Trainer Miroslav Klose ist es Oder erste echte H\u00e4rtest nach Siegen \u00fcber Kornburg und Ansbach. <\/p>\n<p>Doch wie ist es mit der \u00dcbertragung im TV und Livestream? Hier bekommt Ihr alle Informationen zur Live-Berichterstattung.<\/p>\n<p>SV Waldhof Mannheim vs. 1. FC N\u00fcrnberg heute live im Free-TV sehen: Wer zeigt \/ \u00fcbertr\u00e4gt das Fu\u00dfball Testspiel im TV und Livestream?<\/p>\n<p>Ihr k\u00f6nnt das Testspiel zwischen Waldhof Mannheim und N\u00fcrnberg nicht im Free-TV oder bei Anbietern wie Sky, DAZN oder MagentaTV anschauen. <\/p>\n<p>Es ist allerdings gut m\u00f6glich, dass der Club die Partie auf dem eigenen YouTube-Kanal streamt. Das war bereits in der vergangenen Spielzeit h\u00e4ufiger der Fall. <a href=\"https:\/\/www.youtube.com\/@fcnclubtv\/streams\" rel=\"nofollow noopener\" target=\"_blank\" data-affiliate-type=\"NONE\">Hier werdet Ihr f\u00fcndig.<\/a><\/p>\n<p>SV Waldhof Mannheim vs. 1. FC N\u00fcrnberg heute live im Free-TV sehen: Wer zeigt \/ \u00fcbertr\u00e4gt das Fu\u00dfball Testspiel im TV und Livestream? Wichtigste Infos<\/p>\n<tr>\n<td>\n<p><b><strong>Spiel<\/strong><\/b><\/p>\n<\/td>\n<td>\n<p>SV Waldhof Mannheim vs. 1. FC N\u00fcrnberg<\/p>\n<\/td>\n<\/tr>\n<tr>\n<td>\n<p><b><strong>Wettbewerb<\/strong><\/b><\/p>\n<\/td>\n<td>\n<p>Testspiel<\/p>\n<\/td>\n<\/tr>\n<tr>\n<td>\n<p><b><strong>Datum<\/strong><\/b><\/p>\n<\/td>\n<td>\n<p>Samstag, 18. Juli 2026<\/p>\n<\/td>\n<\/tr>\n<tr>\n<td>\n<p><b><strong>Uhrzeit<\/strong><\/b><\/p>\n<\/td>\n<td>\n<p>16 Uhr<\/p>\n<\/td>\n<\/tr>\n<tr>\n<td>\n<p><b><strong>\u00dcbertragung im Livestream und TV<\/strong><\/b><\/p>\n<\/td>\n<td>\n<p>wom\u00f6glich YouTube-Kanal  des 1. FC N\u00fcrnberg<\/p>\n<\/td>\n<\/tr>\n<p>SV Waldhof Mannheim vs. 1. FC N\u00fcrnberg heute live im Free-TV sehen: Wer zeigt \/ \u00fcbertr\u00e4gt das Fu\u00dfball Testspiel im TV und Livestream? Sommervorbereitung des FCN<\/p>\n<tr>\n<p><b><strong>Datum<\/strong><\/b><\/p>\n<p><b><strong>Ereignis \/ Spiel<\/strong><\/b><\/p>\n<\/tr>\n<tr>\n<td>\n<p>Mo., 29. Juni 2026<\/p>\n<\/td>\n<td>\n<p>Trainingsauftakt am Valznerweiher<\/p>\n<\/td>\n<\/tr>\n<tr>\n<td>\n<p>Mi., 08. Juli 2026<\/p>\n<\/td>\n<td>\n<p>TSV Kornburg vs. 1. FC N\u00fcrnberg 0:10<\/p>\n<\/td>\n<\/tr>\n<tr>\n<td>\n<p>Sa., 11. Juli 2026<\/p>\n<\/td>\n<td>\n<p>SpVgg Ansbach vs. 1. FC N\u00fcrnberg 1:5<\/p>\n<\/td>\n<\/tr>\n<tr>\n<td>\n<p>Sa., 18. Juli 2026 (16:00)<\/p>\n<\/td>\n<td>\n<p>1. FC N\u00fcrnberg vs. SV Waldhof Mannheim<\/p>\n<\/td>\n<\/tr>\n<tr>\n<td>\n<p>19. \u2013 26. Juli 2026<\/p>\n<\/td>\n<td>\n<p>Trainingslager in S\u00fcdtirol (Bruneck)<\/p>\n<\/td>\n<\/tr>\n<tr>\n<td>\n<p>Sa., 25. Juli 2026 (16:00)<\/p>\n<\/td>\n<td>\n<p>1. FC N\u00fcrnberg vs. FC Palermo<\/p>\n<\/td>\n<\/tr>\n<tr>\n<td>\n<p>07. \/ 08. \/ 09. August 2026<\/p>\n<\/td>\n<td>\n<p>Saisonstart 2. Bundesliga gegen Dynamo Dresden<\/p>\n<\/td>\n<\/tr>\n<tr>\n<td>\n<p>Sa., 22. August 2026 (15:30)<\/p>\n<\/td>\n<td>\n<p>Viktoria K\u00f6ln vs. 1. FC N\u00fcrnberg<\/p>\n<\/td>\n<\/tr>\n","protected":false},"excerpt":{"rendered":"Der SV Waldhof Mannheim und 1. FC N\u00fcrnberg bestreiten am heutigen Samstag ein Testspiel. Wer k\u00fcmmert sich um&hellip;\n","protected":false},"author":2,"featured_media":1175207,"comment_status":"","ping_status":"","sticky":false,"template":"","format":"standard","meta":{"footnotes":"","_share_on_mastodon":"0"},"categories":[1845],"tags":[783,621,995,1634,3364,29,8468,5878,548,663,3934,347,30,13,2096,14,15,3783,12,4604,17594],"class_list":["post-1175206","post","type-post","status-publish","format-standard","has-post-thumbnail","category-mannheim","tag-1-fc-nuernberg","tag-2-bundesliga","tag-3-liga","tag-baden-wuerttemberg","tag-de","tag-deutschland","tag-deutschland-2-bundesliga","tag-deutschland-3-liga","tag-eu","tag-europa","tag-europe","tag-fussball","tag-germany","tag-headlines","tag-mannheim","tag-nachrichten","tag-news","tag-nuernberg","tag-schlagzeilen","tag-soccer","tag-waldhof-mannheim"],"share_on_mastodon":{"url":"https:\/\/pubeurope.com\/@de\/116939749310110081","error":""},"_links":{"self":[{"href":"https:\/\/www.europesays.com\/de\/wp-json\/wp\/v2\/posts\/1175206","targetHints":{"allow":["GET"]}}],"collection":[{"href":"https:\/\/www.europesays.com\/de\/wp-json\/wp\/v2\/posts"}],"about":[{"href":"https:\/\/www.europesays.com\/de\/wp-json\/wp\/v2\/types\/post"}],"author":[{"embeddable":true,"href":"https:\/\/www.europesays.com\/de\/wp-json\/wp\/v2\/users\/2"}],"replies":[{"embeddable":true,"href":"https:\/\/www.europesays.com\/de\/wp-json\/wp\/v2\/comments?post=1175206"}],"version-history":[{"count":0,"href":"https:\/\/www.europesays.com\/de\/wp-json\/wp\/v2\/posts\/1175206\/revisions"}],"wp:featuredmedia":[{"embeddable":true,"href":"https:\/\/www.europesays.com\/de\/wp-json\/wp\/v2\/media\/1175207"}],"wp:attachment":[{"href":"https:\/\/www.europesays.com\/de\/wp-json\/wp\/v2\/media?parent=1175206"}],"wp:term":[{"taxonomy":"category","embeddable":true,"href":"https:\/\/www.europesays.com\/de\/wp-json\/wp\/v2\/categories?post=1175206"},{"taxonomy":"post_tag","embeddable":true,"href":"https:\/\/www.europesays.com\/de\/wp-json\/wp\/v2\/tags?post=1175206"}],"curies":[{"name":"wp","href":"https:\/\/api.w.org\/{rel}","templated":true}]}}