{"id":1175277,"date":"2026-07-18T07:55:16","date_gmt":"2026-07-18T07:55:16","guid":{"rendered":"https:\/\/www.europesays.com\/de\/1175277\/"},"modified":"2026-07-18T07:55:16","modified_gmt":"2026-07-18T07:55:16","slug":"luxusmeile-in-duesseldorf-stadtrat-beschliesst-den-umbau-der-koenigsallee","status":"publish","type":"post","link":"https:\/\/www.europesays.com\/de\/1175277\/","title":{"rendered":"Luxusmeile in D\u00fcsseldorf: Stadtrat beschlie\u00dft den Umbau der K\u00f6nigsallee"},"content":{"rendered":"<p class=\"text_ohne_einzug richtext text-em-55 !leading-serif mx-6 desktop:mx-0\">Der Umbau der K\u00f6nigsallee kommt. Der Stadtrat ist der von der Stadt vorgelegten Planung am Donnerstag gefolgt. Die Koalition aus CDU und Gr\u00fcnen hat mit einem gemeinsamen Antrag und Unterst\u00fctzung der SPD zudem noch einige \u00c4nderungen im Detail auf den Weg gebracht. Der wichtigste Punkt: Das Projekt soll m\u00f6glichst schneller umgesetzt werden als vorgesehen.<\/p>\n","protected":false},"excerpt":{"rendered":"Der Umbau der K\u00f6nigsallee kommt. Der Stadtrat ist der von der Stadt vorgelegten Planung am Donnerstag gefolgt. Die&hellip;\n","protected":false},"author":2,"featured_media":1175278,"comment_status":"","ping_status":"","sticky":false,"template":"","format":"standard","meta":{"footnotes":"","_share_on_mastodon":"0"},"categories":[1831],"tags":[5964,16546,2406,3364,29,3405,30,44,5896,246048,246046,125209,1209,8430,8733,14252,246047,1108,246045,49434,246044],"class_list":["post-1175277","post","type-post","status-publish","format-standard","has-post-thumbnail","category-duesseldorf","tag-umbau","tag-16546","tag-2406","tag-de","tag-deutschland","tag-duesseldorf","tag-germany","tag-koalition","tag-koenigsallee","tag-laengs","tag-laengsparkplaetzen","tag-luxusmeile","tag-nordrhein-westfalen","tag-parkplaetze","tag-radweg","tag-richtung","tag-schraegparkplaetze","tag-stadtrat","tag-vorgelegten","tag-vorgesehen","tag-zweirichtungsradweg"],"share_on_mastodon":{"url":"https:\/\/pubeurope.com\/@de\/116939910508978248","error":""},"_links":{"self":[{"href":"https:\/\/www.europesays.com\/de\/wp-json\/wp\/v2\/posts\/1175277","targetHints":{"allow":["GET"]}}],"collection":[{"href":"https:\/\/www.europesays.com\/de\/wp-json\/wp\/v2\/posts"}],"about":[{"href":"https:\/\/www.europesays.com\/de\/wp-json\/wp\/v2\/types\/post"}],"author":[{"embeddable":true,"href":"https:\/\/www.europesays.com\/de\/wp-json\/wp\/v2\/users\/2"}],"replies":[{"embeddable":true,"href":"https:\/\/www.europesays.com\/de\/wp-json\/wp\/v2\/comments?post=1175277"}],"version-history":[{"count":0,"href":"https:\/\/www.europesays.com\/de\/wp-json\/wp\/v2\/posts\/1175277\/revisions"}],"wp:featuredmedia":[{"embeddable":true,"href":"https:\/\/www.europesays.com\/de\/wp-json\/wp\/v2\/media\/1175278"}],"wp:attachment":[{"href":"https:\/\/www.europesays.com\/de\/wp-json\/wp\/v2\/media?parent=1175277"}],"wp:term":[{"taxonomy":"category","embeddable":true,"href":"https:\/\/www.europesays.com\/de\/wp-json\/wp\/v2\/categories?post=1175277"},{"taxonomy":"post_tag","embeddable":true,"href":"https:\/\/www.europesays.com\/de\/wp-json\/wp\/v2\/tags?post=1175277"}],"curies":[{"name":"wp","href":"https:\/\/api.w.org\/{rel}","templated":true}]}}