{"id":1175334,"date":"2026-07-18T08:27:19","date_gmt":"2026-07-18T08:27:19","guid":{"rendered":"https:\/\/www.europesays.com\/de\/1175334\/"},"modified":"2026-07-18T08:27:19","modified_gmt":"2026-07-18T08:27:19","slug":"innenminister-dobrindt-warnt-vor-verschaerfter-sicherheitslage","status":"publish","type":"post","link":"https:\/\/www.europesays.com\/de\/1175334\/","title":{"rendered":"Innenminister Dobrindt warnt vor versch\u00e4rfter Sicherheitslage"},"content":{"rendered":"<p>            <img loading=\"lazy\" decoding=\"async\" class=\"ts-image\" src=\"https:\/\/www.europesays.com\/de\/wp-content\/uploads\/2026\/07\/dobrindt-454.jpg\" alt=\"Alexander Dobrindt\" title=\"Alexander Dobrindt | Kay Nietfeld\/dpa\"\/><\/p>\n<p class=\"metatextline\">Stand: 18.07.2026 \u2022 09:24 Uhr<\/p>\n<p class=\"article-head__shorttext\">\n        <strong>Angesichts vermehrter Meldungen sch\u00e4tzt Bundesinnenminister Dobrindt die Bedrohungslage in Deutschland inzwischen als hoch ein. Anschlagspl\u00e4ne gegen das Land seien klar erkennbar, sagt der CSU-Politiker.<\/strong>\n    <\/p>\n<p class=\"textabsatz m-ten m-offset-one l-eight l-offset-two columns twelve\">Bundesinnenminister Alexander Dobrindt (CSU) warnt vor einer versch\u00e4rften Sicherheitslage in Deutschland. &#8222;Die vermehrte Melde- und Aufkl\u00e4rungslage hat mich dazu veranlasst, die bislang formulierte abstrakte Bedrohungslage zu einer hohen Bedrohungslage hochzustufen&#8220;, sagte er der <a href=\"https:\/\/www.welt.de\/politik\/deutschland\/plus6a5a19d3c722326276499829\/bedrohungslage-hochgestuft-anschlagsplaene-gegen-deutschland-klar-erkennbar-dobrindts-neue-sicherheitsrealitaet.html\" title=\"Welt am Sonntag: Dobrindt warnt vor versch\u00e4rfter Sicherheitslage\" class=\"textlink--extern js-link-dialog\" rel=\"noopener noreferrer nofollow\" target=\"_blank\" data-type=\"external\">Welt am Sonntag<\/a>. &#8222;Das bedeutet, dass in Deutschland jederzeit mit dem Risiko von Anschl\u00e4gen zu rechnen ist.&#8220;<\/p>\n<p class=\"textabsatz m-ten m-offset-one l-eight l-offset-two columns twelve\">Anschlagspl\u00e4ne gegen das Land seien klar erkennbar, erkl\u00e4rte der Minister weiter. Diese richteten sich nicht nur gegen die deutsche Infrastruktur, sondern auch gegen Personen oder Einrichtungen.<\/p>\n<p>    Mehr Befugnisse f\u00fcr Nachrichtendienste?<\/p>\n<p class=\"textabsatz m-ten m-offset-one l-eight l-offset-two columns twelve\">Dobrindt betonte in diesem Zusammenhang die Bedeutung der Geheimdienste. &#8222;Mein Ziel ist es, dass wir die Nachrichtendienste weiterentwickeln zu echten Geheimdiensten, um wettbewerbsf\u00e4hig und partnerschaftsf\u00e4hig mit unseren befreundeten Diensten im Ausland zu sein&#8220;, sagte Dobrindt.<\/p>\n<p class=\"textabsatz m-ten m-offset-one l-eight l-offset-two columns twelve\">Am 13. August wird sich das Bundeskabinett mit einer<a href=\"https:\/\/www.tagesschau.de\/investigativ\/ndr-wdr\/dobrindt-bnd-verfassungsschutz-reform-100.html\" title=\"BND-Gesetz - Dobrindt bremst offenbar Reform\" rel=\"nofollow noopener\" target=\"_blank\"> umfassenden Reform des Nachrichtendienstrechts<\/a> befassen. Dabei soll es den Diensten erstmals ausdr\u00fccklich erm\u00f6glicht werden, in bestimmten Gefahrenlagen selbst einzugreifen und nicht mehr nur Informationen zu sammeln und auszuwerten.<\/p>\n<p class=\"textabsatz m-ten m-offset-one l-eight l-offset-two columns twelve\">Kontrollieren soll die neuen Befugnisse ein Unabh\u00e4ngiger Kontrollrat, der entsprechende Ma\u00dfnahmen vorab genehmigen m\u00fcsse. Dobrindt betonte zugleich, die Trennung zur Polizei solle nicht aufgehoben werden. &#8222;Leute verhaften bleibt Aufgabe der Polizei&#8220;, sagte der Innenminister.<\/p>\n","protected":false},"excerpt":{"rendered":"Stand: 18.07.2026 \u2022 09:24 Uhr Angesichts vermehrter Meldungen sch\u00e4tzt Bundesinnenminister Dobrindt die Bedrohungslage in Deutschland inzwischen als hoch&hellip;\n","protected":false},"author":2,"featured_media":1175335,"comment_status":"","ping_status":"","sticky":false,"template":"","format":"standard","meta":{"footnotes":"","_share_on_mastodon":"0"},"categories":[5],"tags":[35348,13,14936,14,15,12,10,8,9,11],"class_list":["post-1175334","post","type-post","status-publish","format-standard","has-post-thumbnail","category-nachrichten","tag-dobrindt","tag-headlines","tag-innere-sicherheit","tag-nachrichten","tag-news","tag-schlagzeilen","tag-top-news","tag-top-meldungen","tag-topmeldungen","tag-topnews"],"share_on_mastodon":{"url":"https:\/\/pubeurope.com\/@de\/116940037956026931","error":""},"_links":{"self":[{"href":"https:\/\/www.europesays.com\/de\/wp-json\/wp\/v2\/posts\/1175334","targetHints":{"allow":["GET"]}}],"collection":[{"href":"https:\/\/www.europesays.com\/de\/wp-json\/wp\/v2\/posts"}],"about":[{"href":"https:\/\/www.europesays.com\/de\/wp-json\/wp\/v2\/types\/post"}],"author":[{"embeddable":true,"href":"https:\/\/www.europesays.com\/de\/wp-json\/wp\/v2\/users\/2"}],"replies":[{"embeddable":true,"href":"https:\/\/www.europesays.com\/de\/wp-json\/wp\/v2\/comments?post=1175334"}],"version-history":[{"count":0,"href":"https:\/\/www.europesays.com\/de\/wp-json\/wp\/v2\/posts\/1175334\/revisions"}],"wp:featuredmedia":[{"embeddable":true,"href":"https:\/\/www.europesays.com\/de\/wp-json\/wp\/v2\/media\/1175335"}],"wp:attachment":[{"href":"https:\/\/www.europesays.com\/de\/wp-json\/wp\/v2\/media?parent=1175334"}],"wp:term":[{"taxonomy":"category","embeddable":true,"href":"https:\/\/www.europesays.com\/de\/wp-json\/wp\/v2\/categories?post=1175334"},{"taxonomy":"post_tag","embeddable":true,"href":"https:\/\/www.europesays.com\/de\/wp-json\/wp\/v2\/tags?post=1175334"}],"curies":[{"name":"wp","href":"https:\/\/api.w.org\/{rel}","templated":true}]}}