{"id":1175397,"date":"2026-07-18T09:10:25","date_gmt":"2026-07-18T09:10:25","guid":{"rendered":"https:\/\/www.europesays.com\/de\/1175397\/"},"modified":"2026-07-18T09:10:25","modified_gmt":"2026-07-18T09:10:25","slug":"blitzeinschlag-zerstoert-haus-bei-nuernberg-millionenschaden","status":"publish","type":"post","link":"https:\/\/www.europesays.com\/de\/1175397\/","title":{"rendered":"Blitzeinschlag zerst\u00f6rt Haus bei N\u00fcrnberg \u2013 Millionenschaden"},"content":{"rendered":"<p>Brand bei N\u00fcrnberg <\/p>\n<p>Blitzeinschlag zerst\u00f6rt Dreifamilienhaus \u2013 Millionenschaden<\/p>\n<p>18.07.2026 &#8211; 09:50 UhrLesedauer: 1 Min.<\/p>\n<p><a href=\"#focus-0\" class=\"transition-colors block text-current relative\" data-sctrack=\"FocusGalleryImage.Reference\"><img fetchpriority=\"high\" data-testid=\"Opener.Image\"   loading=\"eager\" src=\"https:\/\/www.europesays.com\/de\/wp-content\/uploads\/2026\/07\/blitzeinschlag-in-nordrhein-westfalen-archivbild-die-kinder-im-pfingstlager-in-soest-bringen-nur-ein.jpeg\" alt=\"Blitzeinschlag in Nordrhein-Westfalen (Archivbild): Die Kinder im Pfingstlager in Soest bringen nur einen Schreck mit nach Hause.\" title=\"Blitzeinschlag in Nordrhein-Westfalen (Archivbild): Die Kinder im Pfingstlager in Soest bringen nur einen Schreck mit nach Hause.\" width=\"2048\" height=\"1152\" class=\"bg-[url:var(--lqipURL)] bg-cover bg-center flex h-full w-full max-w-full\" style=\"--lqipURL:url('https:\/\/images.t-online.de\/2024\/05\/pAyz6pVasCjm\/0x32:2048x1152\/fit-in\/150x0\/filters:blur(25)\/blitzeinschlag-in-nordrhein-westfalen-archivbild-die-kinder-im-pfingstlager-in-soest-bringen-nur-einen-schreck-mit-nach-hause.jpg')\" decoding=\"async\"\/><img loading=\"lazy\" src=\"https:\/\/nuernberg.t-online.de\/s\/paper\/_next\/static\/media\/zoom-in.f7dae02f.svg\" alt=\"Vergr\u00f6\u00dfern des Bildes\" title=\"Vergr\u00f6\u00dfern des Bildes\" class=\"block h-[calc(var(--height)_\/_16_*_1rem)] w-[calc(var(--width)_\/_16_*_1rem)] max-w-none absolute right-8 bottom-8 rounded-4 bg-snow p-8\" style=\"--width:32;--height:32\" decoding=\"async\"\/><\/a><\/p>\n<p>Blitzeinschlag \u00fcber einem Haus (Symbolbild): Nach einem Brand ist eine Familie ohne Obdach. (Quelle: Thomas Rensinghoff\/dpa)<\/p>\n<p><img loading=\"lazy\" src=\"https:\/\/nuernberg.t-online.de\/s\/paper\/_next\/static\/media\/audio-volume.6689034c.svg\" alt=\"\" title=\"\" class=\"block h-[calc(var(--height)_\/_16_*_1rem)] w-[calc(var(--width)_\/_16_*_1rem)] max-w-none group-hover:brightness-0 group-hover:invert\" style=\"--width:16;--height:16\" decoding=\"async\"\/>Vorlesen<\/p>\n<p>Aktuelle Zeit:0:00Gesamtdauer:0:00<\/p>\n<p>1x<\/p>\n<p class=\"text-center\">Jetzt neu bei t-online:<\/p>\n<p class=\"text-center\">Schriftgr\u00f6\u00dfe anpassen!<\/p>\n<p><img loading=\"lazy\" src=\"https:\/\/nuernberg.t-online.de\/s\/paper\/_next\/static\/media\/font-sizes.32942e33.svg\" alt=\"\" title=\"\" class=\"block h-[calc(var(--height)_\/_16_*_1rem)] w-[calc(var(--width)_\/_16_*_1rem)] max-w-none group-hover:hidden group-aria-expanded:hidden\" style=\"--width:16;--height:16\" decoding=\"async\"\/><img loading=\"lazy\" src=\"https:\/\/nuernberg.t-online.de\/s\/paper\/_next\/static\/media\/font-sizes-dark-mode.e382645c.svg\" alt=\"\" title=\"\" class=\"block h-[calc(var(--height)_\/_16_*_1rem)] w-[calc(var(--width)_\/_16_*_1rem)] max-w-none hidden group-hover:block group-aria-expanded:block\" style=\"--width:16;--height:16\" decoding=\"async\"\/><img loading=\"lazy\" src=\"https:\/\/nuernberg.t-online.de\/s\/paper\/_next\/static\/media\/sharing-menu-icon.1eb71368.svg\" alt=\"\" title=\"\" class=\"block h-[calc(var(--height)_\/_16_*_1rem)] w-[calc(var(--width)_\/_16_*_1rem)] max-w-none group-hover:brightness-0 group-hover:invert\" style=\"--width:16;--height:16\" decoding=\"async\"\/>Artikel teilen<\/p>\n<p class=\"font-bold text-18 leading-17 user-text-lg:text-22 user-text-xl:text-24\">Ein Blitz hat am Freitagabend ein Wohnhaus nahe N\u00fcrnberg in Brand gesetzt und unbewohnbar gemacht. Die Bewohner entkamen unverletzt.<\/p>\n<p class=\"text-18 leading-17 user-text-lg:text-22 user-text-xl:text-24\">Ein Blitzeinschlag hat am Freitagabend (17. Juli) in Winkelhaid, knapp 31 Kilometer von N\u00fcrnberg entfernt, ein Dreifamilienhaus in Brand gesetzt. Der Schaden liegt nach ersten Sch\u00e4tzungen bei rund einer Million Euro \u2013 das Haus ist nicht mehr bewohnbar.<\/p>\n<p class=\"text-18 leading-17 user-text-lg:text-22 user-text-xl:text-24\">Das Feuer brach im Dachstuhl aus. Die Bewohner konnten sich rechtzeitig in Sicherheit bringen, der L\u00f6scheinsatz dauerte mehrere Stunden und zog sich bis weit in die Nacht.<\/p>\n<p>Schwieriger Einsatz ging bis in die Nacht<\/p>\n<p class=\"text-18 leading-17 user-text-lg:text-22 user-text-xl:text-24\">Die Einsatzkr\u00e4fte standen vor besonderen Schwierigkeiten: Teile des Daches waren mit Blech eingedeckt, auf einer Fl\u00e4che befand sich zudem eine PV-Anlage. Um an die Brandherde heranzukommen, mussten Feuerwehrleute \u00fcber Drehleitern die Dachhaut \u00f6ffnen. Wegen der Gefahr einer Durchz\u00fcndung durften Atemschutztrupps den Spitzboden nicht betreten.<\/p>\n<p class=\"text-18 leading-17 user-text-lg:text-22 user-text-xl:text-24\">Die Alarmstufe wurde rasch von B3 auf B5 \u2013 Gro\u00dfbrand \u2013 angehoben, weitere Feuerwehren und zahlreiche Atemschutzger\u00e4tetr\u00e4ger r\u00fcckten nach. Am selben Abend wurde im Nachbarlandkreis Ansbach ein Haus von einem Blitz getroffen. Auch hier kam es zu einem Brand.<\/p>\n","protected":false},"excerpt":{"rendered":"Brand bei N\u00fcrnberg Blitzeinschlag zerst\u00f6rt Dreifamilienhaus \u2013 Millionenschaden 18.07.2026 &#8211; 09:50 UhrLesedauer: 1 Min. Blitzeinschlag \u00fcber einem Haus&hellip;\n","protected":false},"author":2,"featured_media":1175398,"comment_status":"","ping_status":"","sticky":false,"template":"","format":"standard","meta":{"footnotes":"","_share_on_mastodon":"0"},"categories":[1837],"tags":[722,17161,772,35731,3364,29,246064,30,3783,246065],"class_list":["post-1175397","post","type-post","status-publish","format-standard","has-post-thumbnail","category-nuernberg","tag-722","tag-17161","tag-bayern","tag-blitzeinschlag","tag-de","tag-deutschland","tag-dreifamilienhaus","tag-germany","tag-nuernberg","tag-winkelhaid"],"share_on_mastodon":{"url":"https:\/\/pubeurope.com\/@de\/116940207541738382","error":""},"_links":{"self":[{"href":"https:\/\/www.europesays.com\/de\/wp-json\/wp\/v2\/posts\/1175397","targetHints":{"allow":["GET"]}}],"collection":[{"href":"https:\/\/www.europesays.com\/de\/wp-json\/wp\/v2\/posts"}],"about":[{"href":"https:\/\/www.europesays.com\/de\/wp-json\/wp\/v2\/types\/post"}],"author":[{"embeddable":true,"href":"https:\/\/www.europesays.com\/de\/wp-json\/wp\/v2\/users\/2"}],"replies":[{"embeddable":true,"href":"https:\/\/www.europesays.com\/de\/wp-json\/wp\/v2\/comments?post=1175397"}],"version-history":[{"count":0,"href":"https:\/\/www.europesays.com\/de\/wp-json\/wp\/v2\/posts\/1175397\/revisions"}],"wp:featuredmedia":[{"embeddable":true,"href":"https:\/\/www.europesays.com\/de\/wp-json\/wp\/v2\/media\/1175398"}],"wp:attachment":[{"href":"https:\/\/www.europesays.com\/de\/wp-json\/wp\/v2\/media?parent=1175397"}],"wp:term":[{"taxonomy":"category","embeddable":true,"href":"https:\/\/www.europesays.com\/de\/wp-json\/wp\/v2\/categories?post=1175397"},{"taxonomy":"post_tag","embeddable":true,"href":"https:\/\/www.europesays.com\/de\/wp-json\/wp\/v2\/tags?post=1175397"}],"curies":[{"name":"wp","href":"https:\/\/api.w.org\/{rel}","templated":true}]}}