{"id":1175442,"date":"2026-07-18T09:37:21","date_gmt":"2026-07-18T09:37:21","guid":{"rendered":"https:\/\/www.europesays.com\/de\/1175442\/"},"modified":"2026-07-18T09:37:21","modified_gmt":"2026-07-18T09:37:21","slug":"trotz-platzmangel-weitere-unterkuenfte-fuer-asylsuchende-fallen-weg","status":"publish","type":"post","link":"https:\/\/www.europesays.com\/de\/1175442\/","title":{"rendered":"Trotz Platzmangel: Weitere Unterk\u00fcnfte f\u00fcr Asylsuchende fallen weg"},"content":{"rendered":"<p>        <img decoding=\"async\" src=\"https:\/\/www.europesays.com\/de\/wp-content\/uploads\/2026\/07\/gefluechtete464.webp\" alt=\"Fl\u00fcchtlinge kommen mit ihrem Gep\u00e4ck in einer Erstaufnahmeeinrichtung in Hamburg an.\" title=\"Fl\u00fcchtlinge kommen mit ihrem Gep\u00e4ck in einer Erstaufnahmeeinrichtung in Hamburg an. | dpa, Marcus Brandt\" class=\"responsive\"\/><\/p>\n<p>AUDIO: St\u00e4dtische Unterk\u00fcnfte in Hamburg sind weiterhin \u00fcberbelegt (1 Min)<\/p>\n<p>\n                Stand: 18.07.2026 11:22 Uhr<\/p>\n<p class=\"preface\">Die Zahl der Asylsuchenden, die Hamburg erreichen, ist zuletzt gesunken. Dennoch sind die Unterk\u00fcnfte in der Hansestadt weiterhin stark ausgelastet. Und die Engp\u00e4sse d\u00fcrften wohl noch weiter zunehmen.<\/p>\n<p class=\"\">Im Juni kamen 380 Asylsuchende nach Hamburg &#8211; das geht aus dem neuen Lagebild Fl\u00fcchtlinge des Amtes f\u00fcr Migration hervor. Im Mai waren es noch 414. Doch trotz der r\u00fcckl\u00e4ufigen Zahlen reichen die Pl\u00e4tze in den Wohnunterk\u00fcnften in Hamburg kaum aus. In diesem Jahr wurden bis Ende Mai <a href=\"https:\/\/www.ndr.de\/nachrichten\/hamburg\/weltfluechtlingstag-wie-ist-die-lage-in-hamburg,fluechtlinge-hamburg-110.html\" title=\"Weltfl\u00fcchtlingstag: Wie ist die Lage in Hamburg?\" rel=\"nofollow noopener\" target=\"_blank\">bereits 1.292 Pl\u00e4tze<\/a> in Unterk\u00fcnften abgebaut. Bis Ende des Jahres sollen Hunderte weitere Pl\u00e4tze wegfallen.<\/p>\n<p>    Teure Unterbringung in Hotels<\/p>\n<p class=\"\">Insbesondere teure Unterk\u00fcnfte wie etwa Hotelpl\u00e4tze, die die Stadt angemietet hat, sollen nach Pl\u00e4nen des Senats geschlossen werden. Stattdessen setzt die Sozialbeh\u00f6rde auf m\u00f6glichst dauerhafte Unterk\u00fcnfte. Doch diese st\u00e4dtischen Unterk\u00fcnfte sind h\u00e4ufig \u00fcberbelegt, da in ihnen nicht nur Asylsuchende, sondern auch andere wohnungslose Menschen untergebracht werden. Und die Wartelisten werden l\u00e4nger: Aktuell warten mehr als 2.200 Menschen auf einen Platz in einer dieser Unterk\u00fcnfte.<\/p>\n<p>    Kritik von der Linken<\/p>\n<p class=\"\">Die Linke in der Hamburgischen B\u00fcrgerschaft <a href=\"https:\/\/www.ndr.de\/nachrichten\/hamburg\/weniger-neuankoemmlinge-trotzdem-volle-fluechtlingsheime-in-hamburg,fluechtlinge-2336.html\" title=\"Weniger Neuank\u00f6mmlinge: Trotzdem volle Fl\u00fcchtlingsheime in Hamburg\" rel=\"nofollow noopener\" target=\"_blank\">kritisiert bereits seit L\u00e4ngerem<\/a>, dass sich die Unterbringungsnot durch den Abbau von Pl\u00e4tzen weiter versch\u00e4rft. Der rot-gr\u00fcne Senat fahre die Unterbringung an die Wand &#8211; auf Kosten der Integration und auf Kosten der Menschen, die dringend eine Unterkunft brauchen, so Die Linke.<\/p>\n<p class=\"\">Die Stadt Hamburg hat <a href=\"https:\/\/www.ndr.de\/nachrichten\/hamburg\/hamburg-zahlte-2025-mehr-als-160-millionen-euro-fuer-hotels-fuer-gefluechtete,kurzehh-3048.html\" title=\"Hamburg zahlte 2025 mehr als 160 Millionen Euro f\u00fcr Hotels f\u00fcr Gefl\u00fcchtete\" rel=\"nofollow noopener\" target=\"_blank\">im vergangenen Jahr<\/a> rund 164 Millionen Euro f\u00fcr die Unterbringung von Asylsuchenden in Hotels ausgegeben.<\/p>\n<p>        <img decoding=\"async\" src=\"https:\/\/www.europesays.com\/de\/wp-content\/uploads\/2026\/04\/fluechtlinge7306.webp.webp\" alt=\"Gefl\u00fcchtete in Hamburg.\" title=\"Gefl\u00fcchtete in Hamburg. | picture alliance\/dpa, Daniel Bockwoldt\" class=\"responsive\" loading=\"lazy\"\/><\/p>\n<p>Obwohl weniger Fl\u00fcchtlinge kommen, sind die Unterk\u00fcnfte in Hamburg weiterhin stark ausgelastet. Und eine Entspannung der Lage ist nicht in Sicht.<\/p>\n<p>        <img decoding=\"async\" src=\"https:\/\/www.europesays.com\/de\/wp-content\/uploads\/2026\/04\/fluechtlinge-2338.webp.webp\" alt=\"Bewohner einer Fl\u00fcchtlingsunterkunft gehen im Stadtteil Lokstedt \u00fcber eine Stra\u00dfe. Der Fl\u00fcchtlingszustrom im Norden dauert an. Die Hansestadt pr\u00fcft die Unterbringung in Gewerbehallen und Zelten.\" title=\"Bewohner einer Fl\u00fcchtlingsunterkunft gehen im Stadtteil Lokstedt \u00fcber eine Stra\u00dfe. Der Fl\u00fcchtlingszustrom im Norden dauert an. Die Hansestadt pr\u00fcft die Unterbringung in Gewerbehallen und Zelten. | picture alliance\/dpa | Marcus Brandt\" class=\"responsive\" loading=\"lazy\"\/><\/p>\n<p>Die Gr\u00fcnde f\u00fcr die weiterhin angespannte Lage sind auslaufende Mietvertr\u00e4ge und Unterk\u00fcnfte, die geschlossen oder saniert werden.<\/p>\n<p>        <img decoding=\"async\" src=\"https:\/\/www.europesays.com\/de\/wp-content\/uploads\/2026\/07\/fluechtlingsplaetze-100.webp\" alt=\"Ein Zimmer f\u00fcr Gefl\u00fcchtete mit mehreren Stockbetten \" title=\"Ein Zimmer f\u00fcr Gefl\u00fcchtete mit mehreren Stockbetten  | picture alliance\/dpa\/dpa POOL | Christian Charisius\" class=\"responsive\" loading=\"lazy\"\/><\/p>\n<p>Abgebaut werden unter anderem viele Hotelpl\u00e4tze, die f\u00fcr Gefl\u00fcchtete von der Stadt angemietet worden waren. Die Linksfraktion \u00fcbt Kritik.<\/p>\n","protected":false},"excerpt":{"rendered":"AUDIO: St\u00e4dtische Unterk\u00fcnfte in Hamburg sind weiterhin \u00fcberbelegt (1 Min) Stand: 18.07.2026 11:22 Uhr Die Zahl der Asylsuchenden,&hellip;\n","protected":false},"author":2,"featured_media":1175443,"comment_status":"","ping_status":"","sticky":false,"template":"","format":"standard","meta":{"footnotes":"","_share_on_mastodon":"0"},"categories":[1826],"tags":[75452,27613,29,12241,30,692,2382,80251],"class_list":["post-1175442","post","type-post","status-publish","format-standard","has-post-thumbnail","category-hamburg","tag-unterbringung","tag-asylsuchende","tag-deutschland","tag-gefluechtete","tag-germany","tag-hamburg","tag-senat","tag-unterkuenfte"],"share_on_mastodon":{"url":"https:\/\/pubeurope.com\/@de\/116940313239098717","error":""},"_links":{"self":[{"href":"https:\/\/www.europesays.com\/de\/wp-json\/wp\/v2\/posts\/1175442","targetHints":{"allow":["GET"]}}],"collection":[{"href":"https:\/\/www.europesays.com\/de\/wp-json\/wp\/v2\/posts"}],"about":[{"href":"https:\/\/www.europesays.com\/de\/wp-json\/wp\/v2\/types\/post"}],"author":[{"embeddable":true,"href":"https:\/\/www.europesays.com\/de\/wp-json\/wp\/v2\/users\/2"}],"replies":[{"embeddable":true,"href":"https:\/\/www.europesays.com\/de\/wp-json\/wp\/v2\/comments?post=1175442"}],"version-history":[{"count":0,"href":"https:\/\/www.europesays.com\/de\/wp-json\/wp\/v2\/posts\/1175442\/revisions"}],"wp:featuredmedia":[{"embeddable":true,"href":"https:\/\/www.europesays.com\/de\/wp-json\/wp\/v2\/media\/1175443"}],"wp:attachment":[{"href":"https:\/\/www.europesays.com\/de\/wp-json\/wp\/v2\/media?parent=1175442"}],"wp:term":[{"taxonomy":"category","embeddable":true,"href":"https:\/\/www.europesays.com\/de\/wp-json\/wp\/v2\/categories?post=1175442"},{"taxonomy":"post_tag","embeddable":true,"href":"https:\/\/www.europesays.com\/de\/wp-json\/wp\/v2\/tags?post=1175442"}],"curies":[{"name":"wp","href":"https:\/\/api.w.org\/{rel}","templated":true}]}}