{"id":1175448,"date":"2026-07-18T09:40:19","date_gmt":"2026-07-18T09:40:19","guid":{"rendered":"https:\/\/www.europesays.com\/de\/1175448\/"},"modified":"2026-07-18T09:40:19","modified_gmt":"2026-07-18T09:40:19","slug":"bvg-will-ki-gestuetzte-videoueberwachung-an-bahnhoefen-ausbauen","status":"publish","type":"post","link":"https:\/\/www.europesays.com\/de\/1175448\/","title":{"rendered":"BVG will KI-gest\u00fctzte Video\u00fcberwachung an Bahnh\u00f6fen ausbauen"},"content":{"rendered":"<p>Der geplante Testlauf im \u00f6ffentlichen Raum st\u00f6\u00dft auch auf Kritik. In einer Sitzung des Innenausschusses Anfang Juni stellte der als Experte geladene Matthias Marx vom Chaos Computer Club beispielsweise in Frage, ob es nicht doch m\u00f6glich sei, die von der KI erzeugten Strichfiguren im Nachhinein zu deanonymisieren, etwa \u00fcber Gang-Erkennung oder den Zeitstempel des Videomaterials. Zudem fehlten Infos \u00fcber die Testdatens\u00e4tze mit denen die KI trainiert wurde, um m\u00f6gliche Diskriminierungen auszuschlie\u00dfen.<\/p>\n<p>Das Portal <a href=\"https:\/\/netzpolitik.org\/2026\/videoueberwachung-in-berlin-adesso-se-baut-verhaltensscanner-fuer-die-polizei\/\" target=\"_blank\" rel=\"nofollow noopener\">&#8222;Netzpolitik&#8220;<\/a> berichtete in dieser Woche, dass das deutsche privatwirtschaftliche Unternehmen Adesso den Zuschlag f\u00fcr die KI-gest\u00fctzte \u00dcberwachung erhalten habe. Wie Netzpolitik recherchierte, gab es bei dem Unternehmen in der Vergangenheit bereits einen gro\u00dfen Cyber-Angriff, bei dem es den Angreifern gelang, sich monatelang unbemerkt im System des Unternehmens zu bewegen.<\/p>\n","protected":false},"excerpt":{"rendered":"Der geplante Testlauf im \u00f6ffentlichen Raum st\u00f6\u00dft auch auf Kritik. In einer Sitzung des Innenausschusses Anfang Juni stellte&hellip;\n","protected":false},"author":2,"featured_media":1175449,"comment_status":"","ping_status":"","sticky":false,"template":"","format":"standard","meta":{"footnotes":"","_share_on_mastodon":"0"},"categories":[1825],"tags":[296,29,30,136449,134296],"class_list":["post-1175448","post","type-post","status-publish","format-standard","has-post-thumbnail","category-berlin","tag-berlin","tag-deutschland","tag-germany","tag-rbb24bvg","tag-rbb24tagesschau"],"share_on_mastodon":{"url":"https:\/\/pubeurope.com\/@de\/116940323434227129","error":""},"_links":{"self":[{"href":"https:\/\/www.europesays.com\/de\/wp-json\/wp\/v2\/posts\/1175448","targetHints":{"allow":["GET"]}}],"collection":[{"href":"https:\/\/www.europesays.com\/de\/wp-json\/wp\/v2\/posts"}],"about":[{"href":"https:\/\/www.europesays.com\/de\/wp-json\/wp\/v2\/types\/post"}],"author":[{"embeddable":true,"href":"https:\/\/www.europesays.com\/de\/wp-json\/wp\/v2\/users\/2"}],"replies":[{"embeddable":true,"href":"https:\/\/www.europesays.com\/de\/wp-json\/wp\/v2\/comments?post=1175448"}],"version-history":[{"count":0,"href":"https:\/\/www.europesays.com\/de\/wp-json\/wp\/v2\/posts\/1175448\/revisions"}],"wp:featuredmedia":[{"embeddable":true,"href":"https:\/\/www.europesays.com\/de\/wp-json\/wp\/v2\/media\/1175449"}],"wp:attachment":[{"href":"https:\/\/www.europesays.com\/de\/wp-json\/wp\/v2\/media?parent=1175448"}],"wp:term":[{"taxonomy":"category","embeddable":true,"href":"https:\/\/www.europesays.com\/de\/wp-json\/wp\/v2\/categories?post=1175448"},{"taxonomy":"post_tag","embeddable":true,"href":"https:\/\/www.europesays.com\/de\/wp-json\/wp\/v2\/tags?post=1175448"}],"curies":[{"name":"wp","href":"https:\/\/api.w.org\/{rel}","templated":true}]}}