{"id":1175586,"date":"2026-07-18T11:00:19","date_gmt":"2026-07-18T11:00:19","guid":{"rendered":"https:\/\/www.europesays.com\/de\/1175586\/"},"modified":"2026-07-18T11:00:19","modified_gmt":"2026-07-18T11:00:19","slug":"kein-loewe-mehr-1860-muenchen-aendert-das-logo","status":"publish","type":"post","link":"https:\/\/www.europesays.com\/de\/1175586\/","title":{"rendered":"Kein L\u00f6we mehr: 1860 M\u00fcnchen \u00e4ndert das Logo"},"content":{"rendered":"<p class=\"text_ohne_einzug richtext text-em-55 !leading-serif mx-6 desktop:mx-0\">Die L\u00f6wen verlieren den L\u00f6wen: Fu\u00dfball-Regionalligist 1860 M\u00fcnchen hat im Streit mit seinem fr\u00fcheren Investor Hasan Ismaik sein Logo ge\u00e4ndert und l\u00e4uft zuk\u00fcnftig offenbar mit einem elliptischen Vereinswappen ohne das Vereinstier auf, das die M\u00fcnchner zuletzt 1911 auf dem Trikot trugen. Das Logo enth\u00e4lt die Buchstaben F und A, was f\u00fcr die Fu\u00dfballabteilung (FA) des Turn- und Sportvereines steht.<\/p>\n<p class=\"richtext text-em-55 !leading-serif mx-6 desktop:mx-0\">Hintergrund ist ein Rechtestreit mit Ismaik, dessen langj\u00e4hriger Kooperationsvertrag mit 1860 Anfang Juni einseitig von den M\u00fcnchnern aufgel\u00f6st worden war. Weil der Jordanier mit seiner TSV M\u00fcnchen von 1860 GmbH &amp; Co. KGaA Limited weiterhin \u00fcber die Rechte an dem bisherigen achteckigen Logo mit dem L\u00f6wen \u00fcber der Jahreszahl 1860 verf\u00fcgt, ist der Verein kreativ geworden. Den Wechselwunsch zum historischen Wappen wurde bereits beim Bayerischen Fu\u00dfball-Verband hinterlegt.<\/p>\n<p class=\"richtext text-em-55 !leading-serif mx-6 desktop:mx-0\">Das neue alte Logo ist bei den L\u00f6wen Teil einer gro\u00dfen Umstrukturierung. Bei der j\u00fcngsten Mitgliederversammlung Ende Juni hatte der Verein die Gr\u00fcndung einer eigenen GmbH beschlossen, um Profi-Fu\u00dfball zu gew\u00e4hrleisten, was bisher vor allem durch das Investorengeld \u00fcber die Firma Ismaiks m\u00f6glich war.<\/p>\n<p>Zwangsabstieg aus der 3. Liga      <\/p>\n<p class=\"richtext text-em-55 !leading-serif mx-6 desktop:mx-0\">Zuvor hatte 1860 einen Zwangsabstieg aus der 3. Liga verkraften m\u00fcssen. Bis Anfang Juni hatten die Verantwortlichen ein Defizit von 2,7 Millionen Euro aufbringen m\u00fcssen, was bis zu der vorgegebenen Frist nicht gelang.<\/p>\n<p class=\"richtext text-em-55 !leading-serif mx-6 desktop:mx-0\">Zwischenzeitlich war der Verein auf bestem Weg, in die kommende Saison in der Regionalliga nicht nur mit ver\u00e4ndertem Logo, sondern auch ohne Trikotsponsor zu gehen, ehe mit einem M\u00fcnchner Mode-Unternehmen ein Sponsor gefunden wurde. Unter der Kampagne \u201eFootball for the People\u201c hatten die Fans der L\u00f6wen zuvor versucht, durch ausreichende Spenden in H\u00f6he von 250.000 Euro als Trikotsponsor zu fungieren.<\/p>\n<p class=\"richtext text-em-55 !leading-serif mx-6 desktop:mx-0\">Mit mittlerweile knapp 330.000 Euro konnte das vorgegebene Ziel zwar erreicht werden, aus dem Sponsoring wird nun offenbar aber doch nichts. Im Raum steht nun, dass die Summe an den Verein gespendet wird.<\/p>\n","protected":false},"excerpt":{"rendered":"Die L\u00f6wen verlieren den L\u00f6wen: Fu\u00dfball-Regionalligist 1860 M\u00fcnchen hat im Streit mit seinem fr\u00fcheren Investor Hasan Ismaik sein&hellip;\n","protected":false},"author":2,"featured_media":1175587,"comment_status":"","ping_status":"","sticky":false,"template":"","format":"standard","meta":{"footnotes":"","_share_on_mastodon":"0"},"categories":[1827],"tags":[23228,772,29,30,16615,2263,246088,13839,14933,1268,27339,246087,246089,2127,37035,10434,37033,246085,246086,93332,21193],"class_list":["post-1175586","post","type-post","status-publish","format-standard","has-post-thumbnail","category-muenchen","tag-23228","tag-bayern","tag-deutschland","tag-germany","tag-hasan-ismaik","tag-investor","tag-investorengeld","tag-logo","tag-loewe","tag-muenchen","tag-rechte","tag-rechtestreit","tag-sportvereines","tag-streit","tag-traditionsverein","tag-verein","tag-vereinslogo","tag-vereinstier","tag-vereinswappen","tag-wappen","tag-zwangsabstieg"],"share_on_mastodon":{"url":"https:\/\/pubeurope.com\/@de\/116940637901971412","error":""},"_links":{"self":[{"href":"https:\/\/www.europesays.com\/de\/wp-json\/wp\/v2\/posts\/1175586","targetHints":{"allow":["GET"]}}],"collection":[{"href":"https:\/\/www.europesays.com\/de\/wp-json\/wp\/v2\/posts"}],"about":[{"href":"https:\/\/www.europesays.com\/de\/wp-json\/wp\/v2\/types\/post"}],"author":[{"embeddable":true,"href":"https:\/\/www.europesays.com\/de\/wp-json\/wp\/v2\/users\/2"}],"replies":[{"embeddable":true,"href":"https:\/\/www.europesays.com\/de\/wp-json\/wp\/v2\/comments?post=1175586"}],"version-history":[{"count":0,"href":"https:\/\/www.europesays.com\/de\/wp-json\/wp\/v2\/posts\/1175586\/revisions"}],"wp:featuredmedia":[{"embeddable":true,"href":"https:\/\/www.europesays.com\/de\/wp-json\/wp\/v2\/media\/1175587"}],"wp:attachment":[{"href":"https:\/\/www.europesays.com\/de\/wp-json\/wp\/v2\/media?parent=1175586"}],"wp:term":[{"taxonomy":"category","embeddable":true,"href":"https:\/\/www.europesays.com\/de\/wp-json\/wp\/v2\/categories?post=1175586"},{"taxonomy":"post_tag","embeddable":true,"href":"https:\/\/www.europesays.com\/de\/wp-json\/wp\/v2\/tags?post=1175586"}],"curies":[{"name":"wp","href":"https:\/\/api.w.org\/{rel}","templated":true}]}}