{"id":117561,"date":"2025-05-17T11:11:08","date_gmt":"2025-05-17T11:11:08","guid":{"rendered":"https:\/\/www.europesays.com\/de\/117561\/"},"modified":"2025-05-17T11:11:08","modified_gmt":"2025-05-17T11:11:08","slug":"wie-auschwitz-arzt-mengele-einer-bremer-biologin-zugearbeitet-hat","status":"publish","type":"post","link":"https:\/\/www.europesays.com\/de\/117561\/","title":{"rendered":"Wie Auschwitz-Arzt Mengele einer Bremer Biologin zugearbeitet hat"},"content":{"rendered":"<p class=\"article-toplinewrapper\">\nInterview<\/p>\n<p>Standdatum: 17. Mai 2025.<\/p>\n<p>Autorinnen und Autoren:<br \/>\nKristin Hunfeld und<br \/>\nHenry Borgelt<\/p>\n<p><img decoding=\"async\" class=\"image -image-with-fallback -image-rounded  lazyload\" src=\"data:image\/gif;base64,R0lGODlhEAAJAIAAAP\/\/\/\/\/\/\/yH5BAEKAAEALAAAAAAQAAkAAAIKjI+py+0Po5yUFQA7\"   alt=\"Eine Gruppe von Sinti und Roma im Konzentrationslager Belzec (um 1942)\" data-image-owner=\"dpa | akg-images\" data-image-title=\"Eine Gruppe von Sinti und Roma im Konzentrationslager Belzec (um 1942)\" data-image-src=\"https:\/\/www.butenunbinnen.de\/bilder\/karin-magnussen-ns-zeit-100~_v-800x450_c-1747402317620.jpg\" data-image-rights-src=\"\/bilder\/karin-magnussen-ns-zeit-100~_v-640x360_c-1747402317620.jpg\"\/><\/p>\n<p>Bild: dpa | akg-images<\/p>\n<p class=\"article-intro\">Der Bremer Historiker Hans Hesse hat ein Buch \u00fcber die grausamen Menschenversuche in der NS-Zeit geschrieben. Diese sind eng mit einer Bremerin verkn\u00fcpft \u2013 die daf\u00fcr nie b\u00fc\u00dfen musste.<\/p>\n<p>80 Jahre nach dem Ende der NS-Herrschaft in Deutschland ist viel \u00fcber die Gr\u00e4ueltaten der Nationalsozialisten bekannt. So auch \u00fcber die brutalen Menschenversuche des KZ-Arztes Josef Mengele in Auschwitz. Dass aber ausgerechnet eine Bremer NS-Biologin von den Experimenten profitierte, ist bisher weitgehend unbekannt. <\/p>\n<p>In seinem neuen Buch &#8222;\u2026 ich will \u2026, dass die Wahrheit siegt \u2026&#8220; besch\u00e4ftigt sich der Bremer Historiker Hans Hesse mit den Verfolgungsgeschichten von sechs Sinti-Familien, die Opfer der Bremer Biologin Karin Magnussen wurden. Im Interview erkl\u00e4rt Hesse, warum in dem neuen Buch vor allem die Opfer im Vordergrund stehen.<\/p>\n<p>Die NS-Biologin Karin Magnussen war vor allem an den Augen der Familienmitglieder interessiert. Warum?<\/p>\n<p class=\"questions-and-answers-answers\">Weil viele Mitglieder dieser Familie verschiedenfarbige Augen hatten. Der Begriff daf\u00fcr ist Heterochromie. Die Familienmitglieder haben beispielsweise blaue und braune Augen. Diese Anomalie wollte Magnussen genauer untersuchen und daf\u00fcr hatte sie sich diese Familie ausgeguckt. Sie hat die Familie schon drei Jahre lang beobachtet und als diese Familie dann nach Auschwitz kam, konnte sie ihre Versuche an der Familie von Mengele durchf\u00fchren lassen.<\/p>\n<p><a href=\"https:\/\/www.butenunbinnen.de\/bilder\/hesse-buch-falkenberg-100~_v-320x320_c-1747476296930.jpg\" data-gallery-entry-for=\"ns-bremen-hesse-magnussen-100\" data-size=\"1280x1280\" class=\"text-link\" rel=\"nofollow noopener\" target=\"_blank\"><\/p>\n<p><img decoding=\"async\" class=\"image -image-with-fallback -image-rounded  lazyload\" src=\"data:image\/gif;base64,R0lGODlhAQABAIAAAP\/\/\/wAAACH5BAEAAAAALAAAAAABAAEAAAICRAEAOw==\"   alt=\"Buchcover von \" ...=\"\" ich=\"\" will=\"\" dass=\"\" die=\"\" wahrheit=\"\" siegt=\"\" title=\"Bild: Edition Falkenberg\" data-image-owner=\"Edition Falkenberg\" data-image-title=\"Buchcover von &quot;... ich will ..., dass die Wahrheit siegt ...&quot;\" data-image-src=\"https:\/\/www.butenunbinnen.de\/bilder\/hesse-buch-falkenberg-100~_v-320x320_c-1747476296930.jpg\" data-image-rights-src=\"\/bilder\/hesse-buch-falkenberg-100~_v-640x360_c-1747476296930.jpg\"\/><\/p>\n<p><\/a><\/p>\n<p>Das Cover des Buches &#8222;\u2026 ich will \u2026, dass die Wahrheit siegt \u2026&#8220; von Hans Hesse.<\/p>\n<p>Bild: Edition Falkenberg<\/p>\n<p>Josef Mengele hat der Bremer Biologin also zugearbeitet?<\/p>\n<p class=\"questions-and-answers-answers\">Ja, Mengele hat ihr zugearbeitet. Es war also nicht so, dass er auf die Idee gekommen ist, sondern Magnussen hat die Versuche in Berlin-Dahlem an einem Institut ersonnen und dort zuerst Kaninchen mit Heterochromie gez\u00fcchtet. Die Erkenntnisse hat sie dann auf die Menschen in Auschwitz \u00fcbertragen.<\/p>\n<blockquote class=\"citation -citation-type-simple\">\n<p class=\"citation-text\">Das Perfide an diesen Menschenversuchen ist, dass diese Versuche den Tod der Menschen voraussetzen.<\/p>\n<p>Hans Hesse, Historiker und Autor<\/p>\n<\/blockquote>\n<p>Sie hat die Augen dann von Mengele zugeschickt bekommen. Wie sahen die Versuche an den Menschen aus?<\/p>\n<p class=\"questions-and-answers-answers\">Den Menschen wurde etwas in die Augen getr\u00e4ufelt und um das Ergebnis zu untersuchen, musste man dann irgendwie an die Augen kommen. Und die Augen konnte man nat\u00fcrlich nur bekommen, wenn die Menschen sterben. Magnussen wusste also, dass diese Menschen im KZ sterben werden und sie die Augen bekommen wird. Bis in die 70er Jahre hat sie noch Pr\u00e4parate und ganze Augen aus dieser Zeit gehabt.<\/p>\n<p>Karin Magnussen konnte nach der NS-Zeit unbehelligt als Lehrerin in Bremen leben. \u00dcber das Thema haben Sie bereits 2001 ein Buch geschrieben. Was ist alles an Arbeit und Recherche in dieses neue, umfangreichere Buch geflossen?<\/p>\n<p class=\"questions-and-answers-answers\">Kaum war das erste Buch, &#8222;Augen aus Auschwitz&#8220;, auf dem Markt, wurde ich nach den Opfern gefragt. Damals war ich der Erste, der gesagt hat, dass das eine Familie aus Oldenburg namens &#8222;Mechau&#8220; ist. Wir kannten nur den Namen. Ich wurde dann h\u00e4ufiger nach den Opfern gefragt: Wer waren die Opfer, kannst du dazu etwas recherchieren? Das ist jetzt in dem neuen Buch der Schwerpunkt: die Verfolgungsgeschichte von sechs Sinti-Familien, die von diesen NS-Forschungen betroffen sind.<\/p>\n<blockquote class=\"citation -citation-type-simple\">\n<p class=\"citation-text\">Magnussen ist Lehrerin geworden. Sie hat nie in irgendeiner Form etwas b\u00fc\u00dfen m\u00fcssen. Die Sinti mussten mitunter \u00fcber mehrere Jahrzehnte f\u00fcr ihre Wiedergutmachung k\u00e4mpfen.<\/p>\n<p>Hans Hesse, Historiker und Autor<\/p>\n<\/blockquote>\n<p>Das Interview f\u00fchrte Kristin Hunfeld f\u00fcr Bremen Zwei. F\u00fcr butenunbinnen.de hat Henry Borgelt das Gespr\u00e4ch aufgeschrieben und redigiert.<\/p>\n<p>Mehr zu Gewerbegebieten in Bremen und Bremerhaven:<\/p>\n<p class=\"article-legal-broadcast-reference\"><strong>Dieses Thema im Programm:<\/strong><br \/>\nBremen Zwei, Der Tag, 15. Mai 2025, 14:13 Uhr<\/p>\n","protected":false},"excerpt":{"rendered":"Interview Standdatum: 17. Mai 2025. Autorinnen und Autoren: Kristin Hunfeld und Henry Borgelt Bild: dpa | akg-images Der&hellip;\n","protected":false},"author":2,"featured_media":117562,"comment_status":"","ping_status":"","sticky":false,"template":"","format":"standard","meta":{"footnotes":""},"categories":[1824],"tags":[45205,18263,2420,1797,45206,3364,29,45204,597,30,45202,45201,37334,45203,39646,4438,36442,12337],"class_list":{"0":"post-117561","1":"post","2":"type-post","3":"status-publish","4":"format-standard","5":"has-post-thumbnail","7":"category-bremen","8":"tag-ich-will","9":"tag-auschwitz","10":"tag-bremen","11":"tag-buch","12":"tag-dass-die-wahrheit-siegt","13":"tag-de","14":"tag-deutschland","15":"tag-experimente","16":"tag-forschung","17":"tag-germany","18":"tag-hans-hesse","19":"tag-magnussen","20":"tag-mengele","21":"tag-menschenversuche","22":"tag-nationalsozialisten","23":"tag-nazis","24":"tag-roma","25":"tag-sinti"},"share_on_mastodon":{"url":"https:\/\/pubeurope.com\/@de\/114522874479272032","error":""},"_links":{"self":[{"href":"https:\/\/www.europesays.com\/de\/wp-json\/wp\/v2\/posts\/117561","targetHints":{"allow":["GET"]}}],"collection":[{"href":"https:\/\/www.europesays.com\/de\/wp-json\/wp\/v2\/posts"}],"about":[{"href":"https:\/\/www.europesays.com\/de\/wp-json\/wp\/v2\/types\/post"}],"author":[{"embeddable":true,"href":"https:\/\/www.europesays.com\/de\/wp-json\/wp\/v2\/users\/2"}],"replies":[{"embeddable":true,"href":"https:\/\/www.europesays.com\/de\/wp-json\/wp\/v2\/comments?post=117561"}],"version-history":[{"count":0,"href":"https:\/\/www.europesays.com\/de\/wp-json\/wp\/v2\/posts\/117561\/revisions"}],"wp:featuredmedia":[{"embeddable":true,"href":"https:\/\/www.europesays.com\/de\/wp-json\/wp\/v2\/media\/117562"}],"wp:attachment":[{"href":"https:\/\/www.europesays.com\/de\/wp-json\/wp\/v2\/media?parent=117561"}],"wp:term":[{"taxonomy":"category","embeddable":true,"href":"https:\/\/www.europesays.com\/de\/wp-json\/wp\/v2\/categories?post=117561"},{"taxonomy":"post_tag","embeddable":true,"href":"https:\/\/www.europesays.com\/de\/wp-json\/wp\/v2\/tags?post=117561"}],"curies":[{"name":"wp","href":"https:\/\/api.w.org\/{rel}","templated":true}]}}