{"id":1175644,"date":"2026-07-18T11:32:20","date_gmt":"2026-07-18T11:32:20","guid":{"rendered":"https:\/\/www.europesays.com\/de\/1175644\/"},"modified":"2026-07-18T11:32:20","modified_gmt":"2026-07-18T11:32:20","slug":"augsburg-verleiht-frueheres-bayern-talent-erneut-naechste-station-kroatien","status":"publish","type":"post","link":"https:\/\/www.europesays.com\/de\/1175644\/","title":{"rendered":"Augsburg verleiht fr\u00fcheres Bayern-Talent erneut: N\u00e4chste Station Kroatien"},"content":{"rendered":"<p>Gaziantep-Leihe entt\u00e4uschend: Nur ein Tor in 17 Eins\u00e4tzen<\/p>\n<p>F\u00fcr <a href=\"https:\/\/www.fussballdaten.de\/person\/yusuf-kabadayi\/\" target=\"_blank\" rel=\"nofollow noopener\">Kabadayi<\/a> w\u00e4re es bereits die zweite Leihe in Folge. In der abgelaufenen Saison war der Rechtsfu\u00df zu Gaziantep FK in die t\u00fcrkische S\u00fcper Lig ausgeliehen worden, wo er in 17 Eins\u00e4tzen lediglich ein Tor erzielte. Die Hoffnungen, die der FCA bei seiner Verpflichtung im Sommer 2024 in den geb\u00fcrtigen M\u00fcnchner gesetzt hatte, haben sich bislang nicht erf\u00fcllt.<\/p>\n<p class=\"mb20 mt30\">Kabadayi durchlief seit 2012 alle Jugendteams des FC Bayern und war als Toptalent in die Regionalliga-Mannschaft aufger\u00fcckt, ehe er 2023 auf Leihbasis zu Schalke 04 wechselte. <a href=\"https:\/\/www.fussballdaten.de\/vereine\/fc-augsburg\/\" title=\"Profil von FC Augsburg\" rel=\"nofollow noopener\" target=\"_blank\">Augsburg<\/a> verpflichtete ihn anschlie\u00dfend f\u00fcr rund 900.000 Euro und stattete ihn mit einem Vertrag bis 2028 aus. In der Bundesliga selbst kam er f\u00fcr Augsburg jedoch nie richtig zum Zug.<\/p>\n<p>Rijeka als neue Entwicklungsstation<\/p>\n<p class=\"mb20 mt30\">HNK Rijeka spielt in der ersten kroatischen Liga und spielt dort meistens in der Tabellenh\u00e4lfte mit. F\u00fcr Kabadayi w\u00e4re der Wechsel die Chance, nach der entt\u00e4uschenden T\u00fcrkei-Leihe endlich wieder Selbstvertrauen zu tanken und Spielpraxis zu sammeln. Ob Rijeka am Ende die Kaufoption zieht, d\u00fcrfte von Kabadayis Leistungen in der kommenden Saison abh\u00e4ngen.<\/p>\n","protected":false},"excerpt":{"rendered":"Gaziantep-Leihe entt\u00e4uschend: Nur ein Tor in 17 Eins\u00e4tzen F\u00fcr Kabadayi w\u00e4re es bereits die zweite Leihe in Folge.&hellip;\n","protected":false},"author":2,"featured_media":1175645,"comment_status":"","ping_status":"","sticky":false,"template":"","format":"standard","meta":{"footnotes":"","_share_on_mastodon":"0"},"categories":[1846],"tags":[680,772,246095,299,3364,29,49809,548,663,3934,7847,246094,347,30,13,14,27821,15,12,11291,230422],"class_list":["post-1175644","post","type-post","status-publish","format-standard","has-post-thumbnail","category-augsburg","tag-augsburg","tag-bayern","tag-bayern-talent","tag-bundesliga","tag-de","tag-deutschland","tag-erneut","tag-eu","tag-europa","tag-europe","tag-football","tag-frueheres","tag-fussball","tag-germany","tag-headlines","tag-nachrichten","tag-naechste","tag-news","tag-schlagzeilen","tag-station","tag-verleiht"],"share_on_mastodon":{"url":"https:\/\/pubeurope.com\/@de\/116940763809986344","error":""},"_links":{"self":[{"href":"https:\/\/www.europesays.com\/de\/wp-json\/wp\/v2\/posts\/1175644","targetHints":{"allow":["GET"]}}],"collection":[{"href":"https:\/\/www.europesays.com\/de\/wp-json\/wp\/v2\/posts"}],"about":[{"href":"https:\/\/www.europesays.com\/de\/wp-json\/wp\/v2\/types\/post"}],"author":[{"embeddable":true,"href":"https:\/\/www.europesays.com\/de\/wp-json\/wp\/v2\/users\/2"}],"replies":[{"embeddable":true,"href":"https:\/\/www.europesays.com\/de\/wp-json\/wp\/v2\/comments?post=1175644"}],"version-history":[{"count":0,"href":"https:\/\/www.europesays.com\/de\/wp-json\/wp\/v2\/posts\/1175644\/revisions"}],"wp:featuredmedia":[{"embeddable":true,"href":"https:\/\/www.europesays.com\/de\/wp-json\/wp\/v2\/media\/1175645"}],"wp:attachment":[{"href":"https:\/\/www.europesays.com\/de\/wp-json\/wp\/v2\/media?parent=1175644"}],"wp:term":[{"taxonomy":"category","embeddable":true,"href":"https:\/\/www.europesays.com\/de\/wp-json\/wp\/v2\/categories?post=1175644"},{"taxonomy":"post_tag","embeddable":true,"href":"https:\/\/www.europesays.com\/de\/wp-json\/wp\/v2\/tags?post=1175644"}],"curies":[{"name":"wp","href":"https:\/\/api.w.org\/{rel}","templated":true}]}}