{"id":1175662,"date":"2026-07-18T11:41:42","date_gmt":"2026-07-18T11:41:42","guid":{"rendered":"https:\/\/www.europesays.com\/de\/1175662\/"},"modified":"2026-07-18T11:41:42","modified_gmt":"2026-07-18T11:41:42","slug":"das-wuppertaler-berufskolleg-werther-bruecke-wird-wieder-zur-living-library","status":"publish","type":"post","link":"https:\/\/www.europesays.com\/de\/1175662\/","title":{"rendered":"Das Wuppertaler Berufskolleg Werther Br\u00fccke wird wieder zur Living Library"},"content":{"rendered":"<p class=\"text_ohne_einzug richtext text-em-55 !leading-serif mx-6 desktop:mx-0\">Ein besonderes Veranstaltungsformat findet bereits seit f\u00fcnf Jahren am letzten Schultag vor der Zeugnisausgabe am Berufskolleg Werther Br\u00fccke statt: Dann gibt es einen Projekttag, an dem eine Living Library mit \u201elebenden B\u00fcchern\u201c in die Schule kommt.<\/p>\n<p class=\"richtext text-em-55 !leading-serif mx-6 desktop:mx-0\">Authentischer, als Texte zum Thema \u201eDiskriminierung\u201c zu lesen, ist es f\u00fcr die Jugendlichen, mit Menschen zu sprechen, die von erlebter Ausgrenzung im Alltag berichten. Projektleiterin und Lehrerin Johanna St\u00fcrmer hatte elf \u201elebendige B\u00fccher\u201c eingeladen, die in kleinen Gruppen Fragen der Sch\u00fclerinnen und Sch\u00fcler, die zuvor im Unterricht erarbeitet worden waren, beantworteten und aus ihrem oft schwierigen Alltag berichteten. Jugendliche aus vier Kfz- und zwei Sanit\u00e4r-Heizungs-Klassen stellten sich in Kleingruppen den humorvollen, ergreifenden, aber auch emp\u00f6renden Berichten, erhielten im Rahmen des demokratief\u00f6rdernden Projekts einen anderen Blick auf einen Teil der Gesellschaft.<\/p>\n<p>\u00dcber Betroffenheit zum Umdenken im Berufsleben      <\/p>\n<p class=\"text_ohne_einzug richtext text-em-55 !leading-serif mx-6 desktop:mx-0\">\u201eBlo\u00df keine Behinderten einstelle \u2013 da kommt ja nichts bei raus!\u201c, solche \u00c4u\u00dferungen h\u00f6re man mitunter seitens der Unternehmen, erl\u00e4utert Johanna St\u00fcrmer. Die Betroffenheit ihrer Sch\u00fclerinnen und Sch\u00fcler, so hofft sie, f\u00fchre sp\u00e4ter in den Unternehmen zum Umdenken.<\/p>\n<p class=\"richtext text-em-55 !leading-serif mx-6 desktop:mx-0\">Viel Empathie war zu sp\u00fcren, als Edin nach der Unterst\u00fctzung der Krankenkasse fragte, wenn es um Hilfen zur Alltagsbew\u00e4ltigung von Jenna ging, die an einer Nervenerkrankung leidet, die ihr die Fortbewegung im Alltag teilweise unm\u00f6glich macht. Allein ihr Rollstuhl habe 8000 Euro gekostet, ohne R\u00e4der allerdings. Die h\u00e4tten noch einmal mit 11 000 Euro zu Buche geschlagen. \u201eDas muss ich mir zusammensparen, daf\u00fcr kaufe ich mir keine Klamotten\u201c, schilderte sie ihre Weise, selbst f\u00fcr ein Mehr an Lebensqualit\u00e4t zu sorgen. \u201eWir zahlen immer drauf!\u201c, erkl\u00e4rte sie mit Nachdruck und machte diesen Umstand am F\u00fchrerschein und Kauf eines Autos konkret: Der F\u00fchrerschein sei noch teurer als bei Menschen ohne Behinderung, die F\u00fchrerscheinpr\u00fcfung m\u00fcsse selbst organisiert, der Umbau eines Autos aus eigener Tasche finanziert werden. Aber ihr Fazit, ihre hohen Kosten betreffend, lautete auch: \u201eDas alles gibt mir viel Freiheit, und ich habe das Gef\u00fchl, nicht so sehr behindert zu sein.\u201c<\/p>\n<p class=\"richtext text-em-55 !leading-serif mx-6 desktop:mx-0\">Weil auch eine Sch\u00fclerin \u00e4hnliche Erfahrungen bei einem Familienmitglied gemacht hatte, entwickelte sich in der kleinen, besonnenen Gruppe ein richtiger Erfahrungsaustausch.<\/p>\n<p class=\"richtext text-em-55 !leading-serif mx-6 desktop:mx-0\">In einer anderen Gruppe ging es humorvoll zu. Erika ist sehbehindert, hatte f\u00fcr ihre Gespr\u00e4chspartnerinnen und -partner schwarze Brillen mitgebracht, damit sie die Orientierungslosigkeit selbst erleben konnten. \u201eIch kenne den D\u00fcsseldorfer Bahnhof sehr genau!\u201c, verbl\u00fcffte sie die Jugendlichen. Ohne Hilfe von Menschen, die mit ihr neue Wege und Orte erkundeten, sei sie aber im Alltag oft verloren.<\/p>\n<p class=\"richtext text-em-55 !leading-serif mx-6 desktop:mx-0\">Erstaunlich fand die Gruppe, dass sie bereits nach wenigen Metern einer Busfahrt an der Kurvenf\u00fchrung erkenne, ob sie in die richtige Linie eingestiegen sei.<\/p>\n","protected":false},"excerpt":{"rendered":"Ein besonderes Veranstaltungsformat findet bereits seit f\u00fcnf Jahren am letzten Schultag vor der Zeugnisausgabe am Berufskolleg Werther Br\u00fccke&hellip;\n","protected":false},"author":2,"featured_media":1175663,"comment_status":"","ping_status":"","sticky":false,"template":"","format":"standard","meta":{"footnotes":"","_share_on_mastodon":"0"},"categories":[1840],"tags":[22083,246101,36909,600,3364,29,30,20684,35164,1722,53767,80501,78037,1209,3212,6715,4418],"class_list":["post-1175662","post","type-post","status-publish","format-standard","has-post-thumbnail","category-wuppertal","tag-alltag","tag-alltagsbewaeltigung","tag-berufskolleg","tag-bruecke","tag-de","tag-deutschland","tag-germany","tag-gruppe","tag-johanna","tag-jugendliche","tag-kleingruppen","tag-library","tag-living","tag-nordrhein-westfalen","tag-texte","tag-werther","tag-wuppertal"],"share_on_mastodon":{"url":"https:\/\/pubeurope.com\/@de\/116940799206685374","error":""},"_links":{"self":[{"href":"https:\/\/www.europesays.com\/de\/wp-json\/wp\/v2\/posts\/1175662","targetHints":{"allow":["GET"]}}],"collection":[{"href":"https:\/\/www.europesays.com\/de\/wp-json\/wp\/v2\/posts"}],"about":[{"href":"https:\/\/www.europesays.com\/de\/wp-json\/wp\/v2\/types\/post"}],"author":[{"embeddable":true,"href":"https:\/\/www.europesays.com\/de\/wp-json\/wp\/v2\/users\/2"}],"replies":[{"embeddable":true,"href":"https:\/\/www.europesays.com\/de\/wp-json\/wp\/v2\/comments?post=1175662"}],"version-history":[{"count":0,"href":"https:\/\/www.europesays.com\/de\/wp-json\/wp\/v2\/posts\/1175662\/revisions"}],"wp:featuredmedia":[{"embeddable":true,"href":"https:\/\/www.europesays.com\/de\/wp-json\/wp\/v2\/media\/1175663"}],"wp:attachment":[{"href":"https:\/\/www.europesays.com\/de\/wp-json\/wp\/v2\/media?parent=1175662"}],"wp:term":[{"taxonomy":"category","embeddable":true,"href":"https:\/\/www.europesays.com\/de\/wp-json\/wp\/v2\/categories?post=1175662"},{"taxonomy":"post_tag","embeddable":true,"href":"https:\/\/www.europesays.com\/de\/wp-json\/wp\/v2\/tags?post=1175662"}],"curies":[{"name":"wp","href":"https:\/\/api.w.org\/{rel}","templated":true}]}}