{"id":1175695,"date":"2026-07-18T12:01:55","date_gmt":"2026-07-18T12:01:55","guid":{"rendered":"https:\/\/www.europesays.com\/de\/1175695\/"},"modified":"2026-07-18T12:01:55","modified_gmt":"2026-07-18T12:01:55","slug":"nuernberger-altstadt-im-sommer-dieser-rundgang-lohnt-sich","status":"publish","type":"post","link":"https:\/\/www.europesays.com\/de\/1175695\/","title":{"rendered":"N\u00fcrnberger Altstadt im Sommer: Dieser Rundgang lohnt sich"},"content":{"rendered":"<p>Historischer Rundgang <\/p>\n<p>N\u00fcrnbergs Altstadt bei diesem Spaziergang neu entdecken<\/p>\n<p>Aktualisiert am 18.07.2026 &#8211; 05:43 UhrLesedauer: 2 Min.<\/p>\n<p><a href=\"#focus-0\" class=\"transition-colors block text-current relative\" data-sctrack=\"FocusGalleryImage.Reference\"><img fetchpriority=\"high\" data-testid=\"Opener.Image\"   loading=\"eager\" src=\"https:\/\/www.europesays.com\/de\/wp-content\/uploads\/2026\/07\/der-henkersteg-in-nuernberg-ist-eine-historische-ueberdachte-holzbruecke-aus-dem-jahr.jpg\" alt=\"imago images 0807468568\" title=\"imago images 0807468568\" width=\"4000\" height=\"2250\" class=\"bg-[url:var(--lqipURL)] bg-cover bg-center flex h-full w-full max-w-full\" style=\"--lqipURL:url('https:\/\/images.t-online.de\/2025\/08\/H5bgclhMqHE2\/0x0:4000x2250\/fit-in\/150x0\/filters:blur(25)\/der-henkersteg-in-nuernberg-ist-eine-historische-ueberdachte-holzbruecke-aus-dem-jahr.jpg')\" decoding=\"async\"\/><img loading=\"lazy\" src=\"https:\/\/nuernberg.t-online.de\/s\/paper\/_next\/static\/media\/zoom-in.f7dae02f.svg\" alt=\"Vergr\u00f6\u00dfern des Bildes\" title=\"Vergr\u00f6\u00dfern des Bildes\" class=\"block h-[calc(var(--height)_\/_16_*_1rem)] w-[calc(var(--width)_\/_16_*_1rem)] max-w-none absolute right-8 bottom-8 rounded-4 bg-snow p-8\" style=\"--width:32;--height:32\" decoding=\"async\"\/><\/a><\/p>\n<p>Der Henkersteg in N\u00fcrnberg: Der historische Bau l\u00e4sst nicht nur Touristen staunen. Gerade wird er saniert, ein Hingucker aber ist er allemal. (Quelle: IMAGO\/Ardan Fuessmann)<\/p>\n<p><img loading=\"lazy\" src=\"https:\/\/nuernberg.t-online.de\/s\/paper\/_next\/static\/media\/audio-volume.6689034c.svg\" alt=\"\" title=\"\" class=\"block h-[calc(var(--height)_\/_16_*_1rem)] w-[calc(var(--width)_\/_16_*_1rem)] max-w-none group-hover:brightness-0 group-hover:invert\" style=\"--width:16;--height:16\" decoding=\"async\"\/>Vorlesen<\/p>\n<p>Aktuelle Zeit:0:00Gesamtdauer:0:00<\/p>\n<p>1x<\/p>\n<p class=\"text-center\">Jetzt neu bei t-online:<\/p>\n<p class=\"text-center\">Schriftgr\u00f6\u00dfe anpassen!<\/p>\n<p><img loading=\"lazy\" src=\"https:\/\/nuernberg.t-online.de\/s\/paper\/_next\/static\/media\/font-sizes.32942e33.svg\" alt=\"\" title=\"\" class=\"block h-[calc(var(--height)_\/_16_*_1rem)] w-[calc(var(--width)_\/_16_*_1rem)] max-w-none group-hover:hidden group-aria-expanded:hidden\" style=\"--width:16;--height:16\" decoding=\"async\"\/><img loading=\"lazy\" src=\"https:\/\/nuernberg.t-online.de\/s\/paper\/_next\/static\/media\/font-sizes-dark-mode.e382645c.svg\" alt=\"\" title=\"\" class=\"block h-[calc(var(--height)_\/_16_*_1rem)] w-[calc(var(--width)_\/_16_*_1rem)] max-w-none hidden group-hover:block group-aria-expanded:block\" style=\"--width:16;--height:16\" decoding=\"async\"\/><img loading=\"lazy\" src=\"https:\/\/nuernberg.t-online.de\/s\/paper\/_next\/static\/media\/sharing-menu-icon.1eb71368.svg\" alt=\"\" title=\"\" class=\"block h-[calc(var(--height)_\/_16_*_1rem)] w-[calc(var(--width)_\/_16_*_1rem)] max-w-none group-hover:brightness-0 group-hover:invert\" style=\"--width:16;--height:16\" decoding=\"async\"\/>Artikel teilen<\/p>\n<p class=\"font-bold text-18 leading-17 user-text-lg:text-22 user-text-xl:text-24\">Die N\u00fcrnberger Altstadt bezaubert gerade im Sommer mit malerischer Kulisse und einzigartigen Ecken. Dieser Rundgang ist klassisch und bringt doch Neues zutage.<\/p>\n<p class=\"text-18 leading-17 user-text-lg:text-22 user-text-xl:text-24\">Wer in diesen Sommertagen durch die N\u00fcrnberger Altstadt streift, erlebt die Stadt in ihrem vielleicht sch\u00f6nsten Licht. Ein Spaziergang durch das historische Zentrum verbindet Geschichte, Architektur und Genuss.<\/p>\n<p class=\"text-18 leading-17 user-text-lg:text-22 user-text-xl:text-24\">Der Rundgang beginnt an der <strong class=\"font-bold\">Lorenzkirche<\/strong>, einem der bedeutendsten Sakralbauten S\u00fcddeutschlands. Das m\u00e4chtige Westportal und die Kunstwerke von Veit Sto\u00df und Adam Kraft \u2013 der filigrane &#8222;Engelsgru\u00df&#8220; und das sp\u00e4tgotische Sakramentshaus \u2013 ziehen die Blicke auf sich. Im Inneren erklingt eine der gr\u00f6\u00dften Orgelanlagen Deutschlands. Von dort geht&#8217;s entlang der K\u00f6nig- auf die Kaiserstra\u00dfe.<\/p>\n<p>N\u00fcrnberg im Zeichen der Bratwurst<\/p>\n<p class=\"text-18 leading-17 user-text-lg:text-22 user-text-xl:text-24\">Von hier f\u00fchrt der Weg nach rechts \u00fcber die 1486 erbaute <strong class=\"font-bold\">Karlsbr\u00fccke<\/strong> auf die <strong class=\"font-bold\">Pegnitzinsel<\/strong> mit dem <strong class=\"font-bold\">Tr\u00f6delmarkt<\/strong>: Kopfsteinpflaster, Fachwerk und kleine Boutiquen bestimmen dort das Bild. Ein Stopp im N\u00fcrnberger <strong class=\"font-bold\">Bratwurstmuseum<\/strong> an der Bratwurstgasse direkt am Tr\u00f6delmarkt lohnt sich f\u00fcr alle, die mehr \u00fcber die ber\u00fchmteste Spezialit\u00e4t der Stadt erfahren m\u00f6chten.<\/p>\n<p><a href=\"#focus-1\" class=\"transition-colors block text-current relative\" data-sctrack=\"FocusGalleryImage.Reference\"><img   loading=\"lazy\" src=\"https:\/\/www.europesays.com\/de\/wp-content\/uploads\/2026\/07\/stadtblick-nuernberg-01-082025-aussenansicht-des-historischen-henkerhauses-in-der-nuernberger-altsta.jpeg\" alt=\"imago images 0828720473\" title=\"imago images 0828720473\" width=\"4000\" height=\"2250\" class=\"h-full w-full max-w-full rounded-8\" decoding=\"async\"\/><img loading=\"lazy\" src=\"https:\/\/nuernberg.t-online.de\/s\/paper\/_next\/static\/media\/zoom-in.f7dae02f.svg\" alt=\"Vergr\u00f6\u00dfern des Bildes\" title=\"Vergr\u00f6\u00dfern des Bildes\" class=\"block h-[calc(var(--height)_\/_16_*_1rem)] w-[calc(var(--width)_\/_16_*_1rem)] max-w-none absolute right-8 bottom-8 rounded-4 bg-snow p-8\" style=\"--width:32;--height:32\" decoding=\"async\"\/>N\u00fcrnbergs Altstadt: Immer einen Spaziergang wert. (Quelle: IMAGO\/Ardan Fuessmann\/imago)<\/a><\/p>\n<p class=\"text-18 leading-17 user-text-lg:text-22 user-text-xl:text-24\">Nur wenige Schritte weiter spannt sich der <strong class=\"font-bold\">Henkersteg<\/strong> \u00fcber die Pegnitz, der einst den Henker \u00fcber den Fluss f\u00fchrte \u2013 von seinem Wohnhaus, dem heutigen Museum <strong class=\"font-bold\">Henkerhaus<\/strong>, zur Stadtseite. Es ist der beste Weg, um die Pegnitz vor malerischer Kulisse zu \u00fcberqueren. Schon an der n\u00e4chsten Ecke etwa \u00f6ffnet sich der Blick unter anderem auf den <strong class=\"font-bold\">Weinstadel<\/strong>.<\/p>\n<ul class=\"text-18 leading-17 block pl-24 *:pb-16 *:before:inline-block *:before:size-8 *:before:bg-magenta *:before:mt-0 *:before:mr-12 *:before:mb-2 *:before:-ml-[20px]\">\n<li><a href=\"https:\/\/nuernberg.t-online.de\/region\/nuernberg\/id_100986516\/dieses-museum-in-nuernberg-dreht-sich-komplett-um-die-rostbratwurst.html\" class=\"transition-colors cursor-pointer no-underline md:hover:text-magenta md:focus:text-magenta border-b border-solid border-current text-salemsfur md:hover:border-magenta\" data-tracking=\"{&quot;action&quot;:&quot;click&quot;,&quot;category&quot;:&quot;intextLink&quot;,&quot;label&quot;:&quot;\/region\/nuernberg\/id_100986516\/dieses-museum-in-nuernberg-dreht-sich-komplett-um-die-rostbratwurst.html&quot;}\" data-sctrack=\"BodyAnchor\" rel=\"nofollow noopener\" target=\"_blank\">Dieses N\u00fcrnberger Museum ist nicht nur f\u00fcr Touristen Pflicht<\/a><\/li>\n<li><a href=\"https:\/\/nuernberg.t-online.de\/region\/nuernberg\/id_101039956\/nuernberger-bratwurst-ist-nationalheiligtum-bratwurstmuseum-erklaert-gruende.html\" class=\"transition-colors cursor-pointer no-underline md:hover:text-magenta md:focus:text-magenta border-b border-solid border-current text-salemsfur md:hover:border-magenta\" data-tracking=\"{&quot;action&quot;:&quot;click&quot;,&quot;category&quot;:&quot;intextLink&quot;,&quot;label&quot;:&quot;\/region\/nuernberg\/id_101039956\/nuernberger-bratwurst-ist-nationalheiligtum-bratwurstmuseum-erklaert-gruende.html&quot;}\" data-sctrack=\"BodyAnchor\" rel=\"nofollow noopener\" target=\"_blank\">Warum die Bratwurst in N\u00fcrnberg ein Heiligtum ist<\/a><\/li>\n<\/ul>\n<p class=\"text-18 leading-17 user-text-lg:text-22 user-text-xl:text-24\">Weitere Highlights auf dem Weg sind au\u00dferdem die <strong class=\"font-bold\">Maxbr\u00fccke<\/strong> und der <strong class=\"font-bold\">Maxplatz<\/strong>. Hier zeigt sich N\u00fcrnberg besonders fotogen. Ein beliebtes Fotomotiv ist auch der <strong class=\"font-bold\">Kettensteg<\/strong>, eine der \u00e4ltesten erhaltenen eisernen H\u00e4ngebr\u00fccken Kontinentaleuropas, die sich elegant \u00fcber die Pegnitz spannt.<\/p>\n<p class=\"text-18 leading-17 user-text-lg:text-22 user-text-xl:text-24\">Weiter geht es rechts in die <strong class=\"font-bold\">Wei\u00dfgerbergasse<\/strong>, eine der sch\u00f6nsten Stra\u00dfen N\u00fcrnbergs, in der noch rund zwanzig historische Fachwerkh\u00e4user aus dem 15. bis 18. Jahrhundert erhalten sind. Dahinter ragen die T\u00fcrme der <strong class=\"font-bold\">Sebalduskirche<\/strong> auf, der \u00e4ltesten Pfarrkirche der Stadt. Nur wenige Gehminuten nach oben erhebt sich die <strong class=\"font-bold\">Kaiserburg<\/strong>, das Wahrzeichen N\u00fcrnbergs, deren Burgmauer einen weiten Blick \u00fcber die D\u00e4cher der Altstadt freigibt.<\/p>\n<p><a href=\"#focus-2\" class=\"transition-colors block text-current relative\" data-sctrack=\"FocusGalleryImage.Reference\"><img   loading=\"lazy\" src=\"https:\/\/www.europesays.com\/de\/wp-content\/uploads\/2026\/07\/kaiserburg-vorhof-fachwerkhaeuser-tiefer-brunnen-sinnwellturm-altstadt-nuernberg-mittelfranken-frank.jpeg\" alt=\"imago images 153655901\" title=\"imago images 153655901\" width=\"4000\" height=\"2250\" class=\"h-full w-full max-w-full rounded-8\" decoding=\"async\"\/><img loading=\"lazy\" src=\"https:\/\/nuernberg.t-online.de\/s\/paper\/_next\/static\/media\/zoom-in.f7dae02f.svg\" alt=\"Vergr\u00f6\u00dfern des Bildes\" title=\"Vergr\u00f6\u00dfern des Bildes\" class=\"block h-[calc(var(--height)_\/_16_*_1rem)] w-[calc(var(--width)_\/_16_*_1rem)] max-w-none absolute right-8 bottom-8 rounded-4 bg-snow p-8\" style=\"--width:32;--height:32\" decoding=\"async\"\/>Die Kaiserburg: Wer N\u00fcrnberg erleben will, muss hier hinauf. (Quelle: IMAGO\/Peter Widmann\/imago)<\/a><\/p>\n","protected":false},"excerpt":{"rendered":"Historischer Rundgang N\u00fcrnbergs Altstadt bei diesem Spaziergang neu entdecken Aktualisiert am 18.07.2026 &#8211; 05:43 UhrLesedauer: 2 Min. Der&hellip;\n","protected":false},"author":2,"featured_media":361426,"comment_status":"","ping_status":"","sticky":false,"template":"","format":"standard","meta":{"footnotes":"","_share_on_mastodon":"0"},"categories":[1837],"tags":[2201,522,246104,772,3364,29,30,99480,3783,14204,30698,15698,21136,246103],"class_list":["post-1175695","post","type-post","status-publish","format-standard","has-post-thumbnail","category-nuernberg","tag-2201","tag-522","tag-adam-kraft","tag-bayern","tag-de","tag-deutschland","tag-germany","tag-henkersteg","tag-nuernberg","tag-pegnitz","tag-rundgang","tag-spaziergang","tag-sueddeutschland","tag-veit-stoss"],"share_on_mastodon":{"url":"https:\/\/pubeurope.com\/@de\/116940884953412496","error":""},"_links":{"self":[{"href":"https:\/\/www.europesays.com\/de\/wp-json\/wp\/v2\/posts\/1175695","targetHints":{"allow":["GET"]}}],"collection":[{"href":"https:\/\/www.europesays.com\/de\/wp-json\/wp\/v2\/posts"}],"about":[{"href":"https:\/\/www.europesays.com\/de\/wp-json\/wp\/v2\/types\/post"}],"author":[{"embeddable":true,"href":"https:\/\/www.europesays.com\/de\/wp-json\/wp\/v2\/users\/2"}],"replies":[{"embeddable":true,"href":"https:\/\/www.europesays.com\/de\/wp-json\/wp\/v2\/comments?post=1175695"}],"version-history":[{"count":0,"href":"https:\/\/www.europesays.com\/de\/wp-json\/wp\/v2\/posts\/1175695\/revisions"}],"wp:featuredmedia":[{"embeddable":true,"href":"https:\/\/www.europesays.com\/de\/wp-json\/wp\/v2\/media\/361426"}],"wp:attachment":[{"href":"https:\/\/www.europesays.com\/de\/wp-json\/wp\/v2\/media?parent=1175695"}],"wp:term":[{"taxonomy":"category","embeddable":true,"href":"https:\/\/www.europesays.com\/de\/wp-json\/wp\/v2\/categories?post=1175695"},{"taxonomy":"post_tag","embeddable":true,"href":"https:\/\/www.europesays.com\/de\/wp-json\/wp\/v2\/tags?post=1175695"}],"curies":[{"name":"wp","href":"https:\/\/api.w.org\/{rel}","templated":true}]}}