{"id":1175714,"date":"2026-07-18T12:15:16","date_gmt":"2026-07-18T12:15:16","guid":{"rendered":"https:\/\/www.europesays.com\/de\/1175714\/"},"modified":"2026-07-18T12:15:16","modified_gmt":"2026-07-18T12:15:16","slug":"dortmund-polizei-fahndet-mit-ki-selfie-nach-maedchen-14-regional","status":"publish","type":"post","link":"https:\/\/www.europesays.com\/de\/1175714\/","title":{"rendered":"Dortmund: Polizei fahndet mit KI-Selfie nach M\u00e4dchen (14) | Regional"},"content":{"rendered":"<p><a class=\"skip-content skip-content--link\" href=\"#in-content-skip-link-target-v-0-0\">TTS-Player \u00fcberspringen\u21b5<\/a><a id=\"in-content-skip-link-target-v-0-0\" class=\"skip-content--target-link-hidden skip-content skip-content--target-link\" href=\"#in-content-skip-link-target-v-0-0\">Artikel weiterlesen<\/a><\/p>\n<p data-780e759e=\"0-762\">Dortmund \u2013 <b>Das Foto zeigt ein junges M\u00e4dchen (14), wie es sich selbst gerne sieht. Ein Selfie vor dem Spiegel, mit KI-Filtern bearbeitet f\u00fcr soziale Medien. Fast k\u00f6nnte man meinen, es handelt sich um eine Puppe. Ausgerechnet dieses Bild nutzt jetzt die Dortmunder Polizei, um das Kind zu finden.<\/b><\/p>\n<p data-780e759e=\"0-762\">Seit fast einem Monat fehlt von der Sch\u00fclerin jede Spur. Am 20. Juni hatte sie eine Jugendeinrichtung in <a href=\"https:\/\/www.bild.de\/regional\/dortmund\/home-tEfE9FBcspDqbA9qV8Aj\" class=\"text-link\" rel=\"nofollow noopener\" target=\"_blank\">Dortmund<\/a> (<a href=\"https:\/\/www.bild.de\/regional\/nordrhein-westfalen\/home-npIP0qL0giWP1ZFIOHn2\" class=\"text-link\" rel=\"nofollow noopener\" target=\"_blank\">Nordrhein-Westfalen<\/a>) verlassen \u2013 und kehrte nicht zur\u00fcck. Polizeisprecherin Diana Kr\u00f6mer: \u201eAktuelle Anlaufadressen sind nicht bekannt, eine Gef\u00e4hrdung kann nicht ausgeschlossen werden.\u201c<\/p>\n<p>Nutzer kritisieren Fotoauswahl im Netz<\/p>\n<p data-780e759e=\"0-762\">Deshalb hat ein Richter jetzt die \u00f6ffentliche Fahndung mit einem Foto angeordnet. Im Netz wundern sich viele \u00fcber das stark bearbeitete Selfie. Ein Nutzer fragt: \u201eWird ein M\u00e4dchen oder eine Comic-Figur vermisst? Wer soll sie anhand dieser Abbildung wiedererkennen?\u201c Und eine Frau kommentiert: \u201eSo ein unechtes Foto, da wird die Kleine nie gefunden.\u201c Eine andere spekuliert: \u201eEs h\u00e4tte sicherlich auch ein \u201anormales\u2018 Foto gegeben, worauf man sie sicherlich besser erkannt und gefunden h\u00e4tte.\u201c<\/p>\n<p data-780e759e=\"763-1428\">Offenbar nicht. Die <a href=\"https:\/\/www.bild.de\/regional\/aktuelles\/polizei\/polizeieinsatz-alle-infos-76681760.bild.html\" class=\"text-link\" rel=\"nofollow noopener\" target=\"_blank\">Polizei<\/a> antwortet: \u201eDas ist leider immer nicht so einfach. Wir haben in der Regel keine gro\u00dfe Auswahl, was aktuelle Fotos angeht.\u201c Jetzt hoffen die Ermittler, dass Menschen die junge <a href=\"https:\/\/www.bild.de\/news\/aktuelles\/vermisste-personen\/thema-vermisste-personen-alle-infos-80909876.bild.html\" class=\"text-link\" rel=\"nofollow noopener\" target=\"_blank\">Vermisste<\/a> trotzdem erkennen. <\/p>\n<p>Beschreibung der Vermissten:<\/p>\n<ul class=\"unordered-list\">\n<li>1,56 Meter<\/li>\n<li>schlank<\/li>\n<li>braune Augen<\/li>\n<li>dunkelbraune Haare<\/li>\n<\/ul>\n<p data-780e759e=\"1429-1905\">Die Kripo bittet um Hinweise auf den Aufenthaltsort des vermissten M\u00e4dchens. Zeugen k\u00f6nnen sich unter Tel. 0231\/1327441 melden.<\/p>\n<p data-780e759e=\"1429-1905\">Laut Bundeskriminalamt werden jedes Jahr in Deutschland zehntausende Kinder und Jugendliche als vermisst gemeldet. Die \u00fcberwiegende Mehrheit kehre innerhalb kurzer Zeit zur\u00fcck. Ein Sprecher: \u201eEinige F\u00e4lle bleiben jedoch \u00fcber Jahre hinweg ungekl\u00e4rt und stellen die Angeh\u00f6rigen vor eine belastende Ungewissheit.\u201c<\/p>\n","protected":false},"excerpt":{"rendered":"TTS-Player \u00fcberspringen\u21b5Artikel weiterlesen Dortmund \u2013 Das Foto zeigt ein junges M\u00e4dchen (14), wie es sich selbst gerne sieht.&hellip;\n","protected":false},"author":2,"featured_media":1175715,"comment_status":"","ping_status":"","sticky":false,"template":"","format":"standard","meta":{"footnotes":"","_share_on_mastodon":"0"},"categories":[1833],"tags":[5511,3364,29,217,122,123,30,3860,1209,121,63108,120,119,1348],"class_list":["post-1175714","post","type-post","status-publish","format-standard","has-post-thumbnail","category-dortmund","tag-kinderheim","tag-de","tag-deutschland","tag-dortmund","tag-fahndungen","tag-fahndungsfoto","tag-germany","tag-maedchen","tag-nordrhein-westfalen","tag-polizei","tag-selfie","tag-vermisst","tag-vermisste-personen","tag-wegener-andreas"],"share_on_mastodon":{"url":"https:\/\/pubeurope.com\/@de\/116940933958413664","error":""},"_links":{"self":[{"href":"https:\/\/www.europesays.com\/de\/wp-json\/wp\/v2\/posts\/1175714","targetHints":{"allow":["GET"]}}],"collection":[{"href":"https:\/\/www.europesays.com\/de\/wp-json\/wp\/v2\/posts"}],"about":[{"href":"https:\/\/www.europesays.com\/de\/wp-json\/wp\/v2\/types\/post"}],"author":[{"embeddable":true,"href":"https:\/\/www.europesays.com\/de\/wp-json\/wp\/v2\/users\/2"}],"replies":[{"embeddable":true,"href":"https:\/\/www.europesays.com\/de\/wp-json\/wp\/v2\/comments?post=1175714"}],"version-history":[{"count":0,"href":"https:\/\/www.europesays.com\/de\/wp-json\/wp\/v2\/posts\/1175714\/revisions"}],"wp:featuredmedia":[{"embeddable":true,"href":"https:\/\/www.europesays.com\/de\/wp-json\/wp\/v2\/media\/1175715"}],"wp:attachment":[{"href":"https:\/\/www.europesays.com\/de\/wp-json\/wp\/v2\/media?parent=1175714"}],"wp:term":[{"taxonomy":"category","embeddable":true,"href":"https:\/\/www.europesays.com\/de\/wp-json\/wp\/v2\/categories?post=1175714"},{"taxonomy":"post_tag","embeddable":true,"href":"https:\/\/www.europesays.com\/de\/wp-json\/wp\/v2\/tags?post=1175714"}],"curies":[{"name":"wp","href":"https:\/\/api.w.org\/{rel}","templated":true}]}}