{"id":1175739,"date":"2026-07-18T12:28:44","date_gmt":"2026-07-18T12:28:44","guid":{"rendered":"https:\/\/www.europesays.com\/de\/1175739\/"},"modified":"2026-07-18T12:28:44","modified_gmt":"2026-07-18T12:28:44","slug":"15-jaehriger-nach-badeunfall-am-allermoeher-see-in-hamburg-gestorben","status":"publish","type":"post","link":"https:\/\/www.europesays.com\/de\/1175739\/","title":{"rendered":"15-J\u00e4hriger nach Badeunfall am Allerm\u00f6her See in Hamburg gestorben"},"content":{"rendered":"<p>        <img decoding=\"async\" src=\"https:\/\/www.europesays.com\/de\/wp-content\/uploads\/2026\/07\/allermoehe-104.webp\" alt=\"Rettungseinsatz am Allerm\u00f6her See in Hamburg-Bergedorf.\" title=\"Rettungseinsatz am Allerm\u00f6her See in Hamburg-Bergedorf. | NDR, Elias Bartl\" class=\"responsive\"\/><\/p>\n<p>AUDIO: 15-J\u00e4hriger erliegt nach Badeunfall seinen schweren Verletzungen (1 Min)<\/p>\n<p>\n                Stand: 18.07.2026 10:47 Uhr<\/p>\n<p class=\"preface\">Im Allerm\u00f6her See in Hamburg-Bergedorf ist am Freitag ein 15-J\u00e4hriger untergegangen. Taucher der Feuerwehr und der Deutschen Lebens-Rettungs-Gesellschaft (DLRG) zogen den leblosen Jugendlichen aus dem Wasser. In der Nacht zum Samstag ist er gestorben.<\/p>\n<p class=\"\">Die Rettungstaucher und -taucherinnen fanden den Jungen gegen 17.30 Uhr und zogen ihn aus dem Wasser, wie die Feuerwehr mitteilte. Ein Rettungswagen brachte ihn anschlie\u00dfend ins Universit\u00e4tskrankenhaus Hamburg-Eppendorf (UKE), wo ihn \u00c4rztinnen und \u00c4rzte an eine Herz-Lungen-Maschine anschlossen. In der Nacht zum Samstag verstarb er an seinen schweren Verletzungen.<\/p>\n<p class=\"\">Zuvor hatten Augenzeuginnen und Augenzeugen am Freitagnachmittag beobachtet, dass der Jugendliche in dem Badesee unterging. Freunde des 15-J\u00e4hrigen reagierten sofort und sprachen Erwachsene am Ufer an, berichtete ein NDR Reporter. Diese hielten das Ganze aber zun\u00e4chst f\u00fcr einen Scherz, was den Notruf verz\u00f6gerte.<\/p>\n<p>    Leblosen Jungen in zehn Metern Tiefe entdeckt<\/p>\n<p class=\"\">Die Feuerwehr und die DLRG suchten anschlie\u00dfend mit Taucherinnen und Tauchern &#8211; auch ein Rettungshubschrauber war im Einsatz. Zudem setzte die Polizei eine Drohne ein. Etwa 45 Minuten nach dem Notruf entdeckten die Einsatzkr\u00e4fte mithilfe eines Sonars den leblosen 15-J\u00e4hrigen in rund zehn Metern Tiefe. Acht Personen, die das Geschehen mitangesehen hatten, wurden vor Ort vom Kriseninterventionsteam betreut.<\/p>\n<p>    Feuerwehr appelliert an Badeg\u00e4ste und warnt<\/p>\n<p class=\"\">Frank Scheffler, Einsatzleiter der Feuerwehr, appellierte an Badeg\u00e4ste, auf keinen Fall als Nichtschwimmer oder -schwimmerin ins Wasser zu gehen. Man solle &#8222;nicht mit vollem Magen, schon gar nicht unter Drogen- oder Alkoholeinfluss und auch nicht alleine und ohne Aufsicht&#8220; baden gehen. Wenn man untergehende Leute beobachte, dann solle man sich sogenannte Peilmarken merken &#8211; also zum Beispiel ein rot belaubter Baum, der in Flucht der Unfallstelle steht, so Scheffler.<\/p>\n<p class=\"\">Am Allerm\u00f6her See kommt es seit Jahren immer wieder zu t\u00f6dlichen Badeunf\u00e4llen. Eine steile Abbruchkante unter Wasser macht den See besonders gef\u00e4hrlich. Ein Gedenkstein am Ufer erinnert an die Toten.<\/p>\n","protected":false},"excerpt":{"rendered":"AUDIO: 15-J\u00e4hriger erliegt nach Badeunfall seinen schweren Verletzungen (1 Min) Stand: 18.07.2026 10:47 Uhr Im Allerm\u00f6her See in&hellip;\n","protected":false},"author":2,"featured_media":1173707,"comment_status":"","ping_status":"","sticky":false,"template":"","format":"standard","meta":{"footnotes":"","_share_on_mastodon":"0"},"categories":[1826],"tags":[55683,44384,29,245737,30,692,121,48344,1284],"class_list":["post-1175739","post","type-post","status-publish","format-standard","has-post-thumbnail","category-hamburg","tag-15-jaehriger","tag-allermoeher-see","tag-deutschland","tag-dlrg-feuerwehr","tag-germany","tag-hamburg","tag-polizei","tag-taucher","tag-unfall"],"share_on_mastodon":{"url":"https:\/\/pubeurope.com\/@de\/116940984286525319","error":""},"_links":{"self":[{"href":"https:\/\/www.europesays.com\/de\/wp-json\/wp\/v2\/posts\/1175739","targetHints":{"allow":["GET"]}}],"collection":[{"href":"https:\/\/www.europesays.com\/de\/wp-json\/wp\/v2\/posts"}],"about":[{"href":"https:\/\/www.europesays.com\/de\/wp-json\/wp\/v2\/types\/post"}],"author":[{"embeddable":true,"href":"https:\/\/www.europesays.com\/de\/wp-json\/wp\/v2\/users\/2"}],"replies":[{"embeddable":true,"href":"https:\/\/www.europesays.com\/de\/wp-json\/wp\/v2\/comments?post=1175739"}],"version-history":[{"count":0,"href":"https:\/\/www.europesays.com\/de\/wp-json\/wp\/v2\/posts\/1175739\/revisions"}],"wp:featuredmedia":[{"embeddable":true,"href":"https:\/\/www.europesays.com\/de\/wp-json\/wp\/v2\/media\/1173707"}],"wp:attachment":[{"href":"https:\/\/www.europesays.com\/de\/wp-json\/wp\/v2\/media?parent=1175739"}],"wp:term":[{"taxonomy":"category","embeddable":true,"href":"https:\/\/www.europesays.com\/de\/wp-json\/wp\/v2\/categories?post=1175739"},{"taxonomy":"post_tag","embeddable":true,"href":"https:\/\/www.europesays.com\/de\/wp-json\/wp\/v2\/tags?post=1175739"}],"curies":[{"name":"wp","href":"https:\/\/api.w.org\/{rel}","templated":true}]}}