{"id":1175772,"date":"2026-07-18T12:50:00","date_gmt":"2026-07-18T12:50:00","guid":{"rendered":"https:\/\/www.europesays.com\/de\/1175772\/"},"modified":"2026-07-18T12:50:00","modified_gmt":"2026-07-18T12:50:00","slug":"polens-praesident-nawrocki-mit-vetos-macht-er-tusk-das-regieren-schwer","status":"publish","type":"post","link":"https:\/\/www.europesays.com\/de\/1175772\/","title":{"rendered":"Polens Pr\u00e4sident Nawrocki: Mit Vetos macht er Tusk das Regieren schwer"},"content":{"rendered":"<p>            <img loading=\"lazy\" decoding=\"async\" class=\"ts-image\" src=\"https:\/\/www.europesays.com\/de\/wp-content\/uploads\/2026\/07\/tusk-nawrocki-104.jpg\" alt=\"Karol Nawrocki (r) und Donald Tusk\" title=\"Karol Nawrocki (r) und Donald Tusk | dpa\"\/><\/p>\n<p class=\"metatextline\">Stand: 18.07.2026 \u2022 13:02 Uhr<\/p>\n<p class=\"article-head__shorttext\">\n        <strong>Polens Pr\u00e4sident Nawrocki ist seit knapp einem Jahr im Amt. Seither hat er historisch viele Gesetze der Regierung von Premier Tusk per Veto gestoppt. Trotz Blockadehaltung ist er derzeit der beliebteste Politiker im Land.<\/strong>\n    <\/p>\n<p class=\"textabsatz m-ten m-offset-one l-eight l-offset-two columns twelve\">Die Veto-Aktivit\u00e4ten des polnischen Pr\u00e4sidenten bremsen die Regierung aus. Die Partei von Premier Donald Tusk hat diesem Vorgang sogar eine Webseite gewidmet, die die Vetos von Karol Nawrocki auflistet. Der Staatschef wird dort als &#8222;Vetomat&#8220; bezeichnet: Als jemand, der die Gesetze wie am laufenden Band zu stoppen scheint.<\/p>\n<p class=\"textabsatz m-ten m-offset-one l-eight l-offset-two columns twelve\">Nawrocki hat mehr als 240 Gesetze bewilligt. Gegen 41 hat er ein Veto eingelegt. Das sind zwar nur 15 Prozent. Doch das ist einmalig in der Geschichte Polens. So viel, wie Nawrocki in knapp einem Jahr blockiert hat, haben seine Vorg\u00e4nger nicht mal in zwei Amtszeiten abgelehnt.<\/p>\n<p class=\"textabsatz m-ten m-offset-one l-eight l-offset-two columns twelve\">Eine &#8222;peinliche Situation&#8220;, sagt Publizist Adam Szostkiewicz. Der demokratisch gew\u00e4hlte Pr\u00e4sident der Republik Polen zerst\u00f6re die Pl\u00e4ne der Regierung.<\/p>\n<p>    Spannungen vorprogrammiert<\/p>\n<p class=\"textabsatz m-ten m-offset-one l-eight l-offset-two columns twelve\">Nawrocki ist dem rechtskonservativen Lager zuzuordnen. Er wurde von der PiS-Partei als Pr\u00e4sidentschaftskandidat aufgestellt. Nach seiner Wahl im Sommer 2025 gab er zu verstehen, dass er den Kurs auf Kollision mit der linksliberalen Koalition des Premierministers Tusk nimmt.<\/p>\n<p class=\"textabsatz m-ten m-offset-one l-eight l-offset-two columns twelve\">Auch Tusk machte fr\u00fch deutlich, er werde &#8222;r\u00fccksichtslos&#8220; vorgehen, sollte der Pr\u00e4sident die Regierungsgesch\u00e4fte st\u00f6ren. Inzwischen hat sich gezeigt, wie effektiv Nawrocki Sand ins Regierungsgetriebe streuen kann.<\/p>\n<p class=\"textabsatz m-ten m-offset-one l-eight l-offset-two columns twelve\">So blockierte er gleich dreimal die Gesetze der Regierung, die den Krypto-Markt regulieren wollte. Der Ausl\u00f6ser war ein Skandal mit der gr\u00f6\u00dften polnischen Krypto-B\u00f6rse. Tausende Polinnen und Polen konnten kein Geld abheben. Die Situation machte deutlich, die Regulierung ist dringend n\u00f6tig. Doch bis heute gibt es keine &#8211; wegen des dreimaligen pr\u00e4sidialen Vetos muss das Kabinett zum vierten Mal einen Gesetzentwurf dazu vorlegen.<\/p>\n<p class=\"absatzbild__info__text\">\n                        Politische Gegner, die eigentlich zur Zusammenarbeit verpflichtet w\u00e4ren: Polens Premier Tusk und Pr\u00e4sident Nawrocki.\n                    <\/p>\n<p>    Sympathisant der Libert\u00e4ren<\/p>\n<p class=\"textabsatz m-ten m-offset-one l-eight l-offset-two columns twelve\">Journalist Szostkiewicz findet die Krypto-Vetos von Nawrocki logisch, schlie\u00dflich sympathisiere der polnische Pr\u00e4sident mit den US-Libert\u00e4ren. Das sei ganz &#8222;im Geiste der Trumpisten&#8220;: Man wolle jegliche Regulierung verhindern. &#8222;Im Gegenzug erhalte man die Freiheit, so viel Geld wie m\u00f6glich zu verdienen &#8211; ohne jegliche Kontrolle&#8220;, kommentiert Szostkiewicz.<\/p>\n<p class=\"textabsatz m-ten m-offset-one l-eight l-offset-two columns twelve\">Die USA sind f\u00fcr Polen strategisch wichtig. Nawrocki kritisiert oft Berlin und Br\u00fcssel, lobt dagegen seinen guten Draht ins Wei\u00dfe Haus. In seinen Reden tauchen \u00c4hnlichkeiten zu Trumps &#8222;America First&#8220;-Parolen auf &#8211; nur eben nach eigener Lesart: &#8222;Polen zuerst. Die Polen zuerst.&#8220;<\/p>\n<p>    Wichtige Investitionen blockiert<\/p>\n<p class=\"textabsatz m-ten m-offset-one l-eight l-offset-two columns twelve\">Ein weiteres Beispiel, wie sich Nawrocki der Regierung in den Weg stellte, ist das sogenannte SAFE-Programm. Im Rahmen dieses Programms k\u00f6nnen sich EU-L\u00e4nder zu g\u00fcnstigen Konditionen Geld aus Br\u00fcssel leihen, um in Verteidigung zu investieren. Polen, ein Land an der Ostflanke der NATO, k\u00f6nnte davon massiv profitieren. Es geht um mehr als 43 Milliarden Euro.<\/p>\n<p class=\"textabsatz m-ten m-offset-one l-eight l-offset-two columns twelve\">Doch als die Regierung ein Gesetz zu SAFE vorlegte, <a href=\"https:\/\/www.tagesschau.de\/ausland\/europa\/polen-ablehnung-eu-ruestungskredite-100.html\" title=\"Polen Pr\u00e4sident Nawrocki lehnt milliardenschweren EU-R\u00fcstungskredit ab\" rel=\"nofollow noopener\" target=\"_blank\">folgte Nawrockis Veto<\/a>. Er argumentierte, Polen mache seine Sicherheit und Verteidigungsf\u00e4higkeit von Br\u00fcssel abh\u00e4ngig. Vom Kredit w\u00fcrden westliche Banken und Finanzinstitute profitieren.<\/p>\n<p class=\"textabsatz m-ten m-offset-one l-eight l-offset-two columns twelve\">Stattdessen schlug der Pr\u00e4sident vor, die Reserven der Nationalbank auszugeben. Polnische Finanzexperten hielten das f\u00fcr kaum machbar, manche glaubten, das w\u00e4re sogar verfassungswidrig. Die Regierung Tusk reagierte auf das Veto mit einem Plan B &#8211; und fand einen Weg, am Pr\u00e4sidenten vorbei die Gelder aus Br\u00fcssel zu bekommen. Aber es blieb h\u00e4ngen: Nawrocki blockiert nicht nur, er macht auch Vorschl\u00e4ge.<\/p>\n<p>    Harter Kurs gegen\u00fcber der Ukraine<\/p>\n<p class=\"textabsatz m-ten m-offset-one l-eight l-offset-two columns twelve\">Auch im aktuellen Geschichtsstreit mit der Ukraine sammelte Nawrocki Sympathiepunkte. Seit Ende Mai schwelt zwischen den beiden L\u00e4ndern ein Konflikt. Ausgel\u00f6st wurde er durch eine Entscheidung von Wolodymyr Selenskyj: Eine ukrainische Milit\u00e4reinheit hatte ihn gebeten, den Beinamen der &#8222;UPA-Helden&#8220; zu erhalten. Der ukrainische Pr\u00e4sident bewilligte das.<\/p>\n<p class=\"textabsatz m-ten m-offset-one l-eight l-offset-two columns twelve\">In Polen l\u00f6ste die Umbenennung gro\u00dfe Emp\u00f6rung aus. Die Aufstandsarmee UPA k\u00e4mpfte im Zweiten Weltkrieg gegen die Sowjets, exekutierte aber auch Tausende Polen. Nawrocki reagierte: Er entzog seinem ukrainischen Amtskollegen <a href=\"https:\/\/www.tagesschau.de\/ausland\/europa\/polen-ukraine-110.html\" title=\"Polens Pr\u00e4sident entzieht Selenskyj h\u00f6chsten Orden\" rel=\"nofollow noopener\" target=\"_blank\">den h\u00f6chsten polnischen Staatsorden<\/a>. Daraufhin schickte <a href=\"https:\/\/www.tagesschau.de\/ausland\/europa\/polen-ukraine-112.html\" title=\"Selenskyj schickt polnischen Orden zur\u00fcck\" rel=\"nofollow noopener\" target=\"_blank\">Selenskyj den Orden per Post zur\u00fcck<\/a>. Nawrockis harter Kurs wurde von der \u00f6ffentlichen Meinung belohnt.<\/p>\n<p>    Laut Umfragen der vertrauensw\u00fcrdigste Politiker<\/p>\n<p class=\"textabsatz m-ten m-offset-one l-eight l-offset-two columns twelve\">Wenn man Passanten nach Karol Nawrocki fragt, wird deutlich, wie gespalten Polen ist. Die Vetos des Pr\u00e4sidenten seien &#8222;tragisch&#8220;, ist zu h\u00f6ren. Aber auch: Die Regierung versch\u00e4rfe den Konflikt, nicht der Pr\u00e4sident, er wolle &#8222;normal arbeiten&#8220;. Laut Umfragen ist Nawrocki derzeit beliebt: F\u00fcr etwa 53 Prozent der Polinnen und Polen ist er der Politiker, dem sie am meisten vertrauen. Die zahlreichen Vetos haben offenbar nicht geschadet.<\/p>\n<p class=\"textabsatz m-ten m-offset-one l-eight l-offset-two columns twelve\">Mit dem Stopp von Gesetzen wolle der polnische Pr\u00e4sident die Regierung funktionsunf\u00e4hig machen, betont Publizist Adam Szostkiewicz. Das schnelle Tempo bei den Vetos l\u00e4sst sich laut Szostkiewicz mit dem anstehenden Wahlkampf erkl\u00e4ren. &#8222;Dann kann man zahlreiche Beispiele bringen, wie die Regierung nicht in der Lage war, ihre Gesetze durchzukriegen.&#8220;<\/p>\n<p class=\"textabsatz m-ten m-offset-one l-eight l-offset-two columns twelve\">In Polen wird im Herbst 2027 ein neues Parlament gew\u00e4hlt. Pr\u00e4sident Nawrocki wird sich aus dem Wahlkampf wohl kaum raushalten.<\/p>\n","protected":false},"excerpt":{"rendered":"Stand: 18.07.2026 \u2022 13:02 Uhr Polens Pr\u00e4sident Nawrocki ist seit knapp einem Jahr im Amt. Seither hat er&hellip;\n","protected":false},"author":2,"featured_media":1175773,"comment_status":"","ping_status":"","sticky":false,"template":"","format":"standard","meta":{"footnotes":"","_share_on_mastodon":"0"},"categories":[3],"tags":[13,14,55486,15,3917,12,10,8,9,11,39623,103,104],"class_list":["post-1175772","post","type-post","status-publish","format-standard","has-post-thumbnail","category-welt","tag-headlines","tag-nachrichten","tag-nawrocki","tag-news","tag-polen","tag-schlagzeilen","tag-top-news","tag-top-meldungen","tag-topmeldungen","tag-topnews","tag-tusk","tag-welt","tag-world"],"share_on_mastodon":{"url":"https:\/\/pubeurope.com\/@de\/116941071876637660","error":""},"_links":{"self":[{"href":"https:\/\/www.europesays.com\/de\/wp-json\/wp\/v2\/posts\/1175772","targetHints":{"allow":["GET"]}}],"collection":[{"href":"https:\/\/www.europesays.com\/de\/wp-json\/wp\/v2\/posts"}],"about":[{"href":"https:\/\/www.europesays.com\/de\/wp-json\/wp\/v2\/types\/post"}],"author":[{"embeddable":true,"href":"https:\/\/www.europesays.com\/de\/wp-json\/wp\/v2\/users\/2"}],"replies":[{"embeddable":true,"href":"https:\/\/www.europesays.com\/de\/wp-json\/wp\/v2\/comments?post=1175772"}],"version-history":[{"count":0,"href":"https:\/\/www.europesays.com\/de\/wp-json\/wp\/v2\/posts\/1175772\/revisions"}],"wp:featuredmedia":[{"embeddable":true,"href":"https:\/\/www.europesays.com\/de\/wp-json\/wp\/v2\/media\/1175773"}],"wp:attachment":[{"href":"https:\/\/www.europesays.com\/de\/wp-json\/wp\/v2\/media?parent=1175772"}],"wp:term":[{"taxonomy":"category","embeddable":true,"href":"https:\/\/www.europesays.com\/de\/wp-json\/wp\/v2\/categories?post=1175772"},{"taxonomy":"post_tag","embeddable":true,"href":"https:\/\/www.europesays.com\/de\/wp-json\/wp\/v2\/tags?post=1175772"}],"curies":[{"name":"wp","href":"https:\/\/api.w.org\/{rel}","templated":true}]}}