{"id":1175946,"date":"2026-07-18T14:31:16","date_gmt":"2026-07-18T14:31:16","guid":{"rendered":"https:\/\/www.europesays.com\/de\/1175946\/"},"modified":"2026-07-18T14:31:16","modified_gmt":"2026-07-18T14:31:16","slug":"40-jahre-frauentreff-thema-im-podcast-der-stadt-ludwigshafen","status":"publish","type":"post","link":"https:\/\/www.europesays.com\/de\/1175946\/","title":{"rendered":"40 Jahre Frauentreff: Thema im Podcast der Stadt &#8211; Ludwigshafen"},"content":{"rendered":"<p><b\/>Die neueste Folge des Podcasts \u201e<a class=\"rtr-entity\" data-rtr-entity=\"Ludwigshafen\" data-rtr-id=\"26b4406521e36b503c690e53e1b9dec3bdb26dfe\" data-rtr-score=\"73.31799884991375\" data-rtr-etype=\"location\" data-rtr-index=\"4\" href=\"http:\/\/rheinpfalz.de\/lokal\/ludwigshafen.html\" rel=\"nofollow noopener\" target=\"_blank\">Ludwigshafen<\/a>, schon geh\u00f6rt? Der Podcast der Stadtverwaltung\u201c besch\u00e4ftigt sich mit einer st\u00e4dtischen Einrichtung, die einst als zeitlich begrenztes Projekt startete, sich dann aber etablierte und bis heute einen ganz wichtigen Ort f\u00fcr Menschen in Ludwigshafen darstellt: der  Internationale Frauentreff. <\/p>\n<p>Im Jahr seines 40-j\u00e4hrigen Bestehens zeigt Leiterin Rosanna Sambito-Cavallaro die Anf\u00e4nge nach der Gr\u00fcndung und die vielseitigen Aufgaben der Einrichtung in der Bismarckstra\u00dfe auf. Egal ob als Mittler mit guter Vernetzung zu fachspezifischen Beratungsstellen oder einfach nur als \u201eLebenshilfe\u201c: der Frauentreff sei  einer der wichtigsten Anlaufpunkte f\u00fcr migrantische Frauen in Ludwigshafen. Und, so berichtet Sambito-Cavallaro, ihre Einrichtung diene auch dem Kampf gegen die Einsamkeit: durch Freizeitaktivit\u00e4ten wie gemeinsame Treffen oder  Projekte im Hackmuseumsgarten. Zudem gebe sie Einblick in die vielen Geschichten und Lebenswege von Frauen, die den Frauentreff in den letzten 40 Jahren besucht haben. Die Leiterin des Frauentreffs berichtet von Frauen, die selbst als Migrantinnen kamen und heute andere Frauen unterrichten, und erkl\u00e4rt, wie man sich als Ludwigshafener B\u00fcrgerin, zum Beispiel als Lernpatin, einbringen kann. Au\u00dferdem erf\u00e4hrt man, was Sambito-Cavallaro an ihrer Arbeit so wichtig ist.<\/p>\n<p>\u201eLudwigshafen, schon geh\u00f6rt? \u2013 der Podcast der Stadtverwaltung\u201c kann \u00fcberall dort geh\u00f6rt werden, wo es Podcasts gibt, ist auf <a href=\"https:\/\/www.ludwigshafen.de\" target=\"_blank\" class=\"external-link-new-window\" title=\"\" rel=\"nofollow noopener\">www.ludwigshafen.de<\/a> verf\u00fcgbar und kann auch auf dem Youtube-Kanal der Stadtverwaltung unter www.youtube.com\/StadtLudwigshafen angeh\u00f6rt werden.<\/p>\n","protected":false},"excerpt":{"rendered":"Die neueste Folge des Podcasts \u201eLudwigshafen, schon geh\u00f6rt? Der Podcast der Stadtverwaltung\u201c besch\u00e4ftigt sich mit einer st\u00e4dtischen Einrichtung,&hellip;\n","protected":false},"author":2,"featured_media":1175947,"comment_status":"","ping_status":"","sticky":false,"template":"","format":"standard","meta":{"footnotes":"","_share_on_mastodon":"0"},"categories":[1845],"tags":[1634,3364,29,548,663,3934,57939,30,13,4060,25476,2096,14,15,246121,12],"class_list":["post-1175946","post","type-post","status-publish","format-standard","has-post-thumbnail","category-mannheim","tag-baden-wuerttemberg","tag-de","tag-deutschland","tag-eu","tag-europa","tag-europe","tag-frauentreff","tag-germany","tag-headlines","tag-lokal","tag-ludwigshafen","tag-mannheim","tag-nachrichten","tag-news","tag-rosanna-sambito-cavallaro","tag-schlagzeilen"],"share_on_mastodon":{"url":"https:\/\/pubeurope.com\/@de\/116941467611160110","error":""},"_links":{"self":[{"href":"https:\/\/www.europesays.com\/de\/wp-json\/wp\/v2\/posts\/1175946","targetHints":{"allow":["GET"]}}],"collection":[{"href":"https:\/\/www.europesays.com\/de\/wp-json\/wp\/v2\/posts"}],"about":[{"href":"https:\/\/www.europesays.com\/de\/wp-json\/wp\/v2\/types\/post"}],"author":[{"embeddable":true,"href":"https:\/\/www.europesays.com\/de\/wp-json\/wp\/v2\/users\/2"}],"replies":[{"embeddable":true,"href":"https:\/\/www.europesays.com\/de\/wp-json\/wp\/v2\/comments?post=1175946"}],"version-history":[{"count":0,"href":"https:\/\/www.europesays.com\/de\/wp-json\/wp\/v2\/posts\/1175946\/revisions"}],"wp:featuredmedia":[{"embeddable":true,"href":"https:\/\/www.europesays.com\/de\/wp-json\/wp\/v2\/media\/1175947"}],"wp:attachment":[{"href":"https:\/\/www.europesays.com\/de\/wp-json\/wp\/v2\/media?parent=1175946"}],"wp:term":[{"taxonomy":"category","embeddable":true,"href":"https:\/\/www.europesays.com\/de\/wp-json\/wp\/v2\/categories?post=1175946"},{"taxonomy":"post_tag","embeddable":true,"href":"https:\/\/www.europesays.com\/de\/wp-json\/wp\/v2\/tags?post=1175946"}],"curies":[{"name":"wp","href":"https:\/\/api.w.org\/{rel}","templated":true}]}}