{"id":1176168,"date":"2026-07-18T16:45:20","date_gmt":"2026-07-18T16:45:20","guid":{"rendered":"https:\/\/www.europesays.com\/de\/1176168\/"},"modified":"2026-07-18T16:45:20","modified_gmt":"2026-07-18T16:45:20","slug":"flughafen-duesseldorf-british-airways-flieger-hat-ueber-london-probleme","status":"publish","type":"post","link":"https:\/\/www.europesays.com\/de\/1176168\/","title":{"rendered":"Flughafen D\u00fcsseldorf: British Airways-Flieger hat \u00fcber London Probleme"},"content":{"rendered":"<p>Flug von D\u00fcsseldorf <\/p>\n<p>Technischer Defekt: Piloten setzen Notruf ab<\/p>\n<p>18.07.2026 &#8211; 17:31 UhrLesedauer: 2 Min.<\/p>\n<p><a href=\"#focus-0\" class=\"transition-colors block text-current relative\" data-sctrack=\"FocusGalleryImage.Reference\"><img fetchpriority=\"high\" data-testid=\"Opener.Image\"   loading=\"eager\" src=\"https:\/\/www.europesays.com\/de\/wp-content\/uploads\/2026\/07\/ein-airbus-a320-der-fluglinie-british-airways-beim-start-archivfoto-ein-flieger-aus-duesseldorf-geri.jpeg\" alt=\"Ein Airbus A320 der Fluglinie British Airways beim Start (Archivfoto): Ein Flieger aus D\u00fcsseldorf geriet bei der Landung in London in Schwierigkeiten.\" title=\"Ein Airbus A320 der Fluglinie British Airways beim Start (Archivfoto): Ein Flieger aus D\u00fcsseldorf geriet bei der Landung in London in Schwierigkeiten.\" width=\"4737\" height=\"2664\" class=\"bg-[url:var(--lqipURL)] bg-cover bg-center flex h-full w-full max-w-full\" style=\"--lqipURL:url('https:\/\/images.t-online.de\/2026\/07\/3NRJlPykoGnF\/243x0:4737x2664\/fit-in\/150x0\/filters:blur(25)\/ein-airbus-a320-der-fluglinie-british-airways-beim-start-archivfoto-ein-flieger-aus-duesseldorf-geriet-bei-der-landung-in-london-in-schwierigkeiten.jpg')\" decoding=\"async\"\/><img loading=\"lazy\" src=\"https:\/\/duesseldorf.t-online.de\/s\/paper\/_next\/static\/media\/zoom-in.f7dae02f.svg\" alt=\"Vergr\u00f6\u00dfern des Bildes\" title=\"Vergr\u00f6\u00dfern des Bildes\" class=\"block h-[calc(var(--height)_\/_16_*_1rem)] w-[calc(var(--width)_\/_16_*_1rem)] max-w-none absolute right-8 bottom-8 rounded-4 bg-snow p-8\" style=\"--width:32;--height:32\" decoding=\"async\"\/><\/a><\/p>\n<p>Ein Airbus A320 der Fluglinie British Airways beim Start (Symbolfoto): Ein Flieger aus D\u00fcsseldorf geriet bei der Landung in London in Schwierigkeiten. (Quelle: Kevin Hackert\/imago)<\/p>\n<p><img loading=\"lazy\" src=\"https:\/\/duesseldorf.t-online.de\/s\/paper\/_next\/static\/media\/audio-volume.6689034c.svg\" alt=\"\" title=\"\" class=\"block h-[calc(var(--height)_\/_16_*_1rem)] w-[calc(var(--width)_\/_16_*_1rem)] max-w-none group-hover:brightness-0 group-hover:invert\" style=\"--width:16;--height:16\" decoding=\"async\"\/>Vorlesen<\/p>\n<p>Aktuelle Zeit:0:00Gesamtdauer:0:00<\/p>\n<p>1x<\/p>\n<p class=\"text-center\">Jetzt neu bei t-online:<\/p>\n<p class=\"text-center\">Schriftgr\u00f6\u00dfe anpassen!<\/p>\n<p><img loading=\"lazy\" src=\"https:\/\/duesseldorf.t-online.de\/s\/paper\/_next\/static\/media\/font-sizes.32942e33.svg\" alt=\"\" title=\"\" class=\"block h-[calc(var(--height)_\/_16_*_1rem)] w-[calc(var(--width)_\/_16_*_1rem)] max-w-none group-hover:hidden group-aria-expanded:hidden\" style=\"--width:16;--height:16\" decoding=\"async\"\/><img loading=\"lazy\" src=\"https:\/\/duesseldorf.t-online.de\/s\/paper\/_next\/static\/media\/font-sizes-dark-mode.e382645c.svg\" alt=\"\" title=\"\" class=\"block h-[calc(var(--height)_\/_16_*_1rem)] w-[calc(var(--width)_\/_16_*_1rem)] max-w-none hidden group-hover:block group-aria-expanded:block\" style=\"--width:16;--height:16\" decoding=\"async\"\/><img loading=\"lazy\" src=\"https:\/\/duesseldorf.t-online.de\/s\/paper\/_next\/static\/media\/sharing-menu-icon.1eb71368.svg\" alt=\"\" title=\"\" class=\"block h-[calc(var(--height)_\/_16_*_1rem)] w-[calc(var(--width)_\/_16_*_1rem)] max-w-none group-hover:brightness-0 group-hover:invert\" style=\"--width:16;--height:16\" decoding=\"async\"\/>Artikel teilen<\/p>\n<p class=\"font-bold text-18 leading-17 user-text-lg:text-22 user-text-xl:text-24\">Ein Airbus auf dem Weg von D\u00fcsseldorf weicht kurzzeitig von seiner Route ab und sackt deutlich ab. Was die britische Flugunfallbeh\u00f6rde jetzt kl\u00e4ren will.<\/p>\n<p class=\"text-18 leading-17 user-text-lg:text-22 user-text-xl:text-24\">Ein Airbus A320 der Fluggesellschaft British Airways ist auf dem Weg von D\u00fcsseldorf nach London Heathrow offenbar in eine ernste Krisensituation geraten. Die Crew musste w\u00e4hrend des Landeanflugs am 6. Juli gleich zweimal einen Notruf absetzen \u2013 am Ende landete die Maschine sicher, doch die <a href=\"https:\/\/duesseldorf.t-online.de\/region\/duesseldorf\/id_101344074\/flughafen-duesseldorf-verdi-tobt-ueber-toiletten-regel-so-stimmen-leser-ab.html\" class=\"transition-colors cursor-pointer no-underline md:hover:text-magenta md:focus:text-magenta border-b border-solid border-current text-salemsfur md:hover:border-magenta\" data-tracking=\"{&quot;action&quot;:&quot;click&quot;,&quot;category&quot;:&quot;intextLink&quot;,&quot;label&quot;:&quot;\/region\/duesseldorf\/id_101344074\/flughafen-duesseldorf-verdi-tobt-ueber-toiletten-regel-so-stimmen-leser-ab.html&quot;}\" data-sctrack=\"BodyAnchor\" rel=\"nofollow noopener\" target=\"_blank\">britische Flugunfallbeh\u00f6rde AAIB hat inzwischen Ermittlungen aufgenommen<\/a>.<\/p>\n<p class=\"text-18 leading-17 user-text-lg:text-22 user-text-xl:text-24\">Der Vorfall wurde am Freitag durch einen Bericht des Portals &#8222;Aviation Herald&#8220;, das als verl\u00e4ssliche Quelle f\u00fcr Geschehen in der Luftfahrtindustrie gilt, bekannt. Demnach befand sich die Maschine mit dem <a href=\"https:\/\/duesseldorf.t-online.de\/region\/duesseldorf\/id_101342352\/fahrerlose-shuttles-am-flughafen-duesseldorf-so-faehrt-man-kostenlos-mit.html\" class=\"transition-colors cursor-pointer no-underline md:hover:text-magenta md:focus:text-magenta border-b border-solid border-current text-salemsfur md:hover:border-magenta\" data-tracking=\"{&quot;action&quot;:&quot;click&quot;,&quot;category&quot;:&quot;intextLink&quot;,&quot;label&quot;:&quot;\/region\/duesseldorf\/id_101342352\/fahrerlose-shuttles-am-flughafen-duesseldorf-so-faehrt-man-kostenlos-mit.html&quot;}\" data-sctrack=\"BodyAnchor\" rel=\"nofollow noopener\" target=\"_blank\">Kennzeichen G-EUUN im Landeanflug auf Heathrow<\/a>, als das Flugzeug einen Ausfall des sogenannten Air Data Reference-Systems (ADR) erlitt.<\/p>\n<ul class=\"text-18 leading-17 block pl-24 *:pb-16 *:before:inline-block *:before:size-8 *:before:bg-magenta *:before:mt-0 *:before:mr-12 *:before:mb-2 *:before:-ml-[20px]\">\n<li><strong class=\"font-bold\">Flug nach D\u00fcsseldorf:<\/strong> <a href=\"https:\/\/duesseldorf.t-online.de\/region\/duesseldorf\/id_101347806\/flughafen-duesseldorf-passagier-ohrfeigt-stewardess-wegen-sitznachbarin.html\" class=\"transition-colors cursor-pointer no-underline md:hover:text-magenta md:focus:text-magenta border-b border-solid border-current text-salemsfur md:hover:border-magenta\" data-tracking=\"{&quot;action&quot;:&quot;click&quot;,&quot;category&quot;:&quot;intextLink&quot;,&quot;label&quot;:&quot;\/region\/duesseldorf\/id_101347806\/flughafen-duesseldorf-passagier-ohrfeigt-stewardess-wegen-sitznachbarin.html&quot;}\" data-sctrack=\"BodyAnchor\" rel=\"nofollow noopener\" target=\"_blank\">Passagier ohrfeigt Stewardess \u2013 wegen Scharia<\/a><\/li>\n<li><strong class=\"font-bold\">Ferienstart am D\u00fcsseldorfer Flughafen:<\/strong> <a href=\"https:\/\/duesseldorf.t-online.de\/region\/duesseldorf\/id_101341290\/flughafen-duesseldorf-diese-fehler-kosten-reisenden-zum-ferien-start-zeit.html\" class=\"transition-colors cursor-pointer no-underline md:hover:text-magenta md:focus:text-magenta border-b border-solid border-current text-salemsfur md:hover:border-magenta\" data-tracking=\"{&quot;action&quot;:&quot;click&quot;,&quot;category&quot;:&quot;intextLink&quot;,&quot;label&quot;:&quot;\/region\/duesseldorf\/id_101341290\/flughafen-duesseldorf-diese-fehler-kosten-reisenden-zum-ferien-start-zeit.html&quot;}\" data-sctrack=\"BodyAnchor\" rel=\"nofollow noopener\" target=\"_blank\">Diese Fehler kosten Reisende Zeit<\/a><\/li>\n<\/ul>\n<p>Mehrere Pannen in Airbus: Piloten rufen auf Flug von D\u00fcsseldorf h\u00f6chste Warnstufe aus<\/p>\n<p class=\"text-18 leading-17 user-text-lg:text-22 user-text-xl:text-24\">Dieser Defekt sorgte daf\u00fcr, dass der Airbus in den sogenannten &#8222;Alternate Law&#8220;-Modus wechselte \u2013 eine eingeschr\u00e4nkte Steuerungsebene, die bei technischen St\u00f6rungen automatisch aktiviert wird. Gleichzeitig l\u00f6ste der Fehler eine Str\u00f6mungsabriss-Warnung im Cockpit der Maschine aus. Die Piloten reagierten laut dem Bericht mit einem &#8222;PAN-PAN&#8220;-Funkspruch, der zweith\u00f6chsten Dringlichkeitsstufe im Luftverkehr, brachen den Anflug ab und gingen in eine Warteschleife \u00fcber London.<\/p>\n<p>Im Video | Passagiere harren stundenlang in \u00fcberhitzter Maschine aus<\/p>\n<p><img loading=\"lazy\" src=\"https:\/\/duesseldorf.t-online.de\/s\/paper\/_next\/static\/media\/loading-indicator-magenta.1f35d8de.svg\" alt=\"Video l\u00e4dt\" title=\"Video l\u00e4dt\" class=\"block h-[calc(var(--height)_\/_16_*_1rem)] w-[calc(var(--width)_\/_16_*_1rem)] max-w-none undefined\" style=\"--width:32;--height:32\" decoding=\"async\"\/>Player wird geladen<\/p>\n<p class=\"text-18 leading-17 user-text-lg:text-22 user-text-xl:text-24\">Anschlie\u00dfend positionierte sich die Besatzung f\u00fcr einen zweiten Anflug auf dieselbe Landebahn. Doch auch dieser Versuch verlief laut &#8222;Aviation Herald&#8220; nicht ohne Komplikationen: In etwa 3.000 Fu\u00df (etwa 914 Meter \u00fcber dem Erdboden) H\u00f6he kam es zu einer weiteren Str\u00f6mungsabriss-Warnung.<\/p>\n<p>Britische Beh\u00f6rde will Pannen in D\u00fcsseldorfer Flieger untersuchen<\/p>\n<p class=\"text-18 leading-17 user-text-lg:text-22 user-text-xl:text-24\">Die Piloten leiteten daraufhin ein abruptes Korrekturman\u00f6ver ein: <a href=\"https:\/\/duesseldorf.t-online.de\/region\/duesseldorf\/id_101320312\/flughafen-duesseldorf-groesste-solaranlage-ihrer-art-glaenzt-neben-landebahn.html\" class=\"transition-colors cursor-pointer no-underline md:hover:text-magenta md:focus:text-magenta border-b border-solid border-current text-salemsfur md:hover:border-magenta\" data-tracking=\"{&quot;action&quot;:&quot;click&quot;,&quot;category&quot;:&quot;intextLink&quot;,&quot;label&quot;:&quot;\/region\/duesseldorf\/id_101320312\/flughafen-duesseldorf-groesste-solaranlage-ihrer-art-glaenzt-neben-landebahn.html&quot;}\" data-sctrack=\"BodyAnchor\" rel=\"nofollow noopener\" target=\"_blank\">Dabei sank die Maschine auf rund 2.200 Fu\u00df<\/a> (etwa 670 Meter \u00fcber dem Boden) ab und wich kurzzeitig nach links von der eigentlichen Anflugroute ab, bevor sie zur\u00fcck auf ihren eigentlich geplanten Kurs einschwenkte. Rund 30 Minuten nach dem Abbruch des ersten Anflugs setzte der Airbus schlie\u00dflich sicher auf.<\/p>\n","protected":false},"excerpt":{"rendered":"Flug von D\u00fcsseldorf Technischer Defekt: Piloten setzen Notruf ab 18.07.2026 &#8211; 17:31 UhrLesedauer: 2 Min. Ein Airbus A320&hellip;\n","protected":false},"author":2,"featured_media":1176169,"comment_status":"","ping_status":"","sticky":false,"template":"","format":"standard","meta":{"footnotes":"","_share_on_mastodon":"0"},"categories":[1831],"tags":[48380,44757,33287,68370,3364,29,3405,14121,36047,246143,30,4036,91163,1209,8110],"class_list":["post-1176168","post","type-post","status-publish","format-standard","has-post-thumbnail","category-duesseldorf","tag-48380","tag-airbus-a320","tag-airbus-s-a-s","tag-british-airways","tag-de","tag-deutschland","tag-duesseldorf","tag-flughafen-duesseldorf-international","tag-fluglinie","tag-flugunfallbehoerde","tag-germany","tag-london","tag-london-heathrow","tag-nordrhein-westfalen","tag-symbolfoto"],"share_on_mastodon":{"url":"https:\/\/pubeurope.com\/@de\/116941996697196515","error":""},"_links":{"self":[{"href":"https:\/\/www.europesays.com\/de\/wp-json\/wp\/v2\/posts\/1176168","targetHints":{"allow":["GET"]}}],"collection":[{"href":"https:\/\/www.europesays.com\/de\/wp-json\/wp\/v2\/posts"}],"about":[{"href":"https:\/\/www.europesays.com\/de\/wp-json\/wp\/v2\/types\/post"}],"author":[{"embeddable":true,"href":"https:\/\/www.europesays.com\/de\/wp-json\/wp\/v2\/users\/2"}],"replies":[{"embeddable":true,"href":"https:\/\/www.europesays.com\/de\/wp-json\/wp\/v2\/comments?post=1176168"}],"version-history":[{"count":0,"href":"https:\/\/www.europesays.com\/de\/wp-json\/wp\/v2\/posts\/1176168\/revisions"}],"wp:featuredmedia":[{"embeddable":true,"href":"https:\/\/www.europesays.com\/de\/wp-json\/wp\/v2\/media\/1176169"}],"wp:attachment":[{"href":"https:\/\/www.europesays.com\/de\/wp-json\/wp\/v2\/media?parent=1176168"}],"wp:term":[{"taxonomy":"category","embeddable":true,"href":"https:\/\/www.europesays.com\/de\/wp-json\/wp\/v2\/categories?post=1176168"},{"taxonomy":"post_tag","embeddable":true,"href":"https:\/\/www.europesays.com\/de\/wp-json\/wp\/v2\/tags?post=1176168"}],"curies":[{"name":"wp","href":"https:\/\/api.w.org\/{rel}","templated":true}]}}