{"id":1176258,"date":"2026-07-18T17:38:21","date_gmt":"2026-07-18T17:38:21","guid":{"rendered":"https:\/\/www.europesays.com\/de\/1176258\/"},"modified":"2026-07-18T17:38:21","modified_gmt":"2026-07-18T17:38:21","slug":"ubuntu-festival-in-wuppertal-mit-mitmachaktion","status":"publish","type":"post","link":"https:\/\/www.europesays.com\/de\/1176258\/","title":{"rendered":"Ubuntu-Festival in Wuppertal mit Mitmachaktion"},"content":{"rendered":"<p class=\"text_ohne_einzug richtext text-em-55 !leading-serif mx-6 desktop:mx-0\">Ubuntu\u201c: \u201eIch bin, weil wir sind\u201c. Unter diesem Leitsatz, der aus dem Afrikanischen stammt, verwandeln sich das Pina Bausch Zentrum und sein Vorplatz vom 20. bis 26. Juli in einen lebendigen Treffpunkt, an dem sich Menschen aus allen Teilen der Stadtgesellschaft zusammenfinden k\u00f6nnen.<\/p>\n<p class=\"richtext text-em-55 !leading-serif mx-6 desktop:mx-0\">Es wird bunt, vielf\u00e4ltig und kreativ: Veranstaltet vom K\u00fcnstlerkollektiv Colour Collective Wuppertal in enger Kooperation mit dem Pina Bausch Zentrum und der Colour Community zeigt das \u201eUbuntu Festival\u201c \u2013 nach einem erfolgreichen Anlauf im vergangenen Jahr \u2013 zum zweiten Mal, wie Kunst und Kultur Barrieren \u00fcberwinden und die Menschen enger zusammenbringen k\u00f6nnen.<\/p>\n<p class=\"richtext text-em-55 !leading-serif mx-6 desktop:mx-0\">Das Festival dreht sich um das Thema \u201eKarneval der Vielfalt\u201c \u2013 die Kunstausstellung der \u201eArtfam7+\u201c f\u00fchrt mit ihrer Vernissage am Sonntag, 19. Juli, in diese bunte Welt ein. Lange bespielte die K\u00fcnstlerformation die Rathausgalerie, bietet in Zusammenarbeit mit weiteren K\u00fcnstlern jetzt eine Bandbreite an abstrakter, aber auch gegenst\u00e4ndlicher Kunst.<\/p>\n<p class=\"richtext text-em-55 !leading-serif mx-6 desktop:mx-0\">Am Montag, 20. Juli, beginnt das \u201eSummer-Lab Ubuntu\u201c mit einem Kinderworkshop, der als interdisziplin\u00e4res Format geplant ist, wie Bettina Milz, Leiterin der Vorlaufphase Pina Bausch Zentrum, erz\u00e4hlt. Verschiedenste Akteure sind dabei, sodass ein bunter Workshop aus Tanz, Malerei und Akrobatik entsteht. Daneben findet unter der Woche auch ein Upcycling-Workshop statt \u2013 die Ergebnisse der beiden Kurse werden am darauffolgenden Wochenende pr\u00e4sentiert, wenn am Freitag, 24. Juli, und am Samstag, 25. Juli, die beiden Open-Air-Tage des Festivals stattfinden. Das musikalische Programm ist umfangreich und reicht von den Pr\u00e4sentationen der Workshop-Ergebnisse \u00fcber Tanzperformances bis hin zu Musik von Horst Jesu\u00e9 Wegener, den Sufi Dub Brothers und einer Fashionshow mit Noella Babu. Am Samstag, 24. Juli, um 12 Uhr zieht zudem ein Karnevalszug vom Laurentiusplatz bis zum Vorplatz des Pina Bausch Zentrums, wo es mit dem Programm weitergeht.<\/p>\n<p>Filmwerkstatt sucht viele Stimmen f\u00fcr Mitmachaktion      <\/p>\n<p class=\"text_ohne_einzug richtext text-em-55 !leading-serif mx-6 desktop:mx-0\">Mit dabei ist auch die Wuppertaler Filmwerkstatt mit ihrer Begegnungslounge \u2013 ein Projekt, das den vielf\u00e4ltigen, bunten Charakter der Veranstaltung in besonderer Weise einfangen will. Unter der Leitfrage \u201eWas bedeutet Vielfalt f\u00fcr dich?\u201c starten die Organisatorinnen einen interaktiven Aufruf und m\u00f6chten mit den Menschen vor Ort ins Gespr\u00e4ch kommen.<\/p>\n<p class=\"richtext text-em-55 !leading-serif mx-6 desktop:mx-0\">\u201eWir w\u00fcnschen uns, dass die Festivalg\u00e4ste ihre Gedanken und Perspektiven zu dem Thema teilen und m\u00f6chten verschiedene Stimmen aus der Stadt einfangen\u201c, erkl\u00e4rt Camilla Jacob, die die Filmwerkstatt vor zwei Jahren ins Leben rief. Sophia Rie\u00df, die kurz darauf ins Projekt einstieg, f\u00fcgt hinzu: \u201eViele Menschen haben Barrieren aufgebaut und werden dadurch daran gehindert, zusammenzukommen. Wir wollen diese Barrieren zum Schmelzen bringen, f\u00fcr mehr Gemeinschaft sorgen. Es geht darum, Verbindungen auf- und Barrieren abzubauen.\u201c<\/p>\n<p class=\"richtext text-em-55 !leading-serif mx-6 desktop:mx-0\">An den beiden Festivaltagen am 24. und 25. Juli baut die Filmwerkstatt zu diesem Zweck im Inneren des Pina Bausch Zentrums Loungem\u00f6bel auf, gibt dem Ganzen durch einen Livestream einen \u201eperformativen Touch\u201c und m\u00f6chte \u201edie sch\u00f6nsten Momente der Gespr\u00e4che auffangen\u201c, so Camilla Jacob. Das Ziel ist eine bunte, k\u00fcnstlerische Videocollage, die im Herbst oder Winter pr\u00e4sentiert werden wird; in welchem Rahmen das geschehe, werde derzeit noch gekl\u00e4rt. \u201eViele vergessen, was mit Film alles m\u00f6glich ist. Wir wollen die sch\u00f6nsten Emotionen sp\u00e4ter nochmal aufleben lassen\u201c, betont Rie\u00df.<\/p>\n","protected":false},"excerpt":{"rendered":"Ubuntu\u201c: \u201eIch bin, weil wir sind\u201c. Unter diesem Leitsatz, der aus dem Afrikanischen stammt, verwandeln sich das Pina&hellip;\n","protected":false},"author":2,"featured_media":1176259,"comment_status":"","ping_status":"","sticky":false,"template":"","format":"standard","meta":{"footnotes":"","_share_on_mastodon":"0"},"categories":[1840],"tags":[246160,14142,26638,93787,3364,29,5561,246161,63619,92,5774,30,1209,14141,7789,24470,61,4418,13885],"class_list":["post-1176258","post","type-post","status-publish","format-standard","has-post-thumbnail","category-wuppertal","tag-barrieren","tag-bausch","tag-bunt","tag-colour","tag-de","tag-deutschland","tag-festival","tag-festivalgaeste","tag-festivaltagen","tag-film","tag-filmwerkstatt","tag-germany","tag-nordrhein-westfalen","tag-pina","tag-programm","tag-ubuntu","tag-vielfalt","tag-wuppertal","tag-zentrum"],"share_on_mastodon":{"url":"https:\/\/pubeurope.com\/@de\/116942203104217046","error":""},"_links":{"self":[{"href":"https:\/\/www.europesays.com\/de\/wp-json\/wp\/v2\/posts\/1176258","targetHints":{"allow":["GET"]}}],"collection":[{"href":"https:\/\/www.europesays.com\/de\/wp-json\/wp\/v2\/posts"}],"about":[{"href":"https:\/\/www.europesays.com\/de\/wp-json\/wp\/v2\/types\/post"}],"author":[{"embeddable":true,"href":"https:\/\/www.europesays.com\/de\/wp-json\/wp\/v2\/users\/2"}],"replies":[{"embeddable":true,"href":"https:\/\/www.europesays.com\/de\/wp-json\/wp\/v2\/comments?post=1176258"}],"version-history":[{"count":0,"href":"https:\/\/www.europesays.com\/de\/wp-json\/wp\/v2\/posts\/1176258\/revisions"}],"wp:featuredmedia":[{"embeddable":true,"href":"https:\/\/www.europesays.com\/de\/wp-json\/wp\/v2\/media\/1176259"}],"wp:attachment":[{"href":"https:\/\/www.europesays.com\/de\/wp-json\/wp\/v2\/media?parent=1176258"}],"wp:term":[{"taxonomy":"category","embeddable":true,"href":"https:\/\/www.europesays.com\/de\/wp-json\/wp\/v2\/categories?post=1176258"},{"taxonomy":"post_tag","embeddable":true,"href":"https:\/\/www.europesays.com\/de\/wp-json\/wp\/v2\/tags?post=1176258"}],"curies":[{"name":"wp","href":"https:\/\/api.w.org\/{rel}","templated":true}]}}