{"id":1176368,"date":"2026-07-18T18:50:16","date_gmt":"2026-07-18T18:50:16","guid":{"rendered":"https:\/\/www.europesays.com\/de\/1176368\/"},"modified":"2026-07-18T18:50:16","modified_gmt":"2026-07-18T18:50:16","slug":"iran-krieg-teheran-setzt-rahmenabkommen-mit-den-usa-aus-zwei-us-soldaten-sterben-bei-angriffen-auf-jordanien","status":"publish","type":"post","link":"https:\/\/www.europesays.com\/de\/1176368\/","title":{"rendered":"Iran-Krieg: Teheran setzt Rahmenabkommen mit den USA aus \u2013 zwei US-Soldaten sterben bei Angriffen auf Jordanien"},"content":{"rendered":"<p>Der Iran-Krieg ist wieder aufgeflammt: Nach mehreren Angriffen der USA setzt die F\u00fchrung in Teheran das j\u00fcngst erst verhandelte Rahmenabkommen aus. Durch iranische Angriffe kamen zwei US-Soldaten ums Leben.<\/p>\n<p class=\"is-first-paragraph\" data-external=\"Article.FirstParagraph\">Das Rahmenabkommen zwischen den USA und dem Iran hat nach Ansicht der Regierung in Teheran keinen Bestand mehr. Man habe das Abkommen ausgesetzt, sagte Vizeau\u00dfenminister Kasem Gharibabadi laut einem Bericht der Nachrichtenagentur Fars. \u201eWir sind mit der Verteidigung des Landes besch\u00e4ftigt\u201c, zitierte die Agentur den Minister aus einem TV-Interview.<\/p>\n<p>\u201eLeider haben die Amerikaner mit ihren aggressiven Ma\u00dfnahmen gegen ihre Verpflichtungen aus der Absichtserkl\u00e4rung von Islamabad versto\u00dfen\u201c, f\u00fchrte Gharibabadi weiter aus. Das sei der Grund gewesen, warum auch der Iran sich nicht mehr an die Vereinbarung gebunden f\u00fchlt.<\/p>\n<p>In einer im Fernsehen verlesenen Erkl\u00e4rung bezeichnete der neue oberste F\u00fchrer des Iran, <a class=\"is-link c-block-items__link c-link--rich-text-renderer\" href=\"https:\/\/www.welt.de\/politik\/ausland\/article69b924b4fc05063917a4e214\/modschtaba-chameinei-soll-nur-um-sekunden-dem-tod-entgangen-sein-brisante-audioaufnahme-enthuellt.html\" data-internal-tracking-enabled=\"true\" data-internal-tracking=\"{&quot;action&quot;:&quot;click&quot;,&quot;label&quot;:&quot;link&quot;,&quot;name&quot;:&quot;Inline Element&quot;,&quot;data&quot;:{&quot;source&quot;:&quot;&quot;,&quot;target&quot;:&quot;https:\/\/www.welt.de\/politik\/ausland\/article69b924b4fc05063917a4e214\/modschtaba-chameinei-soll-nur-um-sekunden-dem-tod-entgangen-sein-brisante-audioaufnahme-enthuellt.html&quot;,&quot;trackingName&quot;:&quot;&quot;,&quot;trackingLabel&quot;:&quot;&quot;}}\" rel=\"nofollow noopener\" target=\"_blank\">Modschtaba Chamenei<\/a>, die Unterschrift von US-Pr\u00e4sident Donald Trump unter der Vereinbarung als \u201ewertlos\u201c und \u201eung\u00fcltig\u201c. In der Erkl\u00e4rung drohte er mit \u201eunvergesslichen Lektionen\u201c, sollte die USA ihre Angriffe fortsetzen. Seit Kriegsbeginn hat sich der Sohn des get\u00f6teten <a class=\"is-link c-block-items__link c-link--rich-text-renderer\" href=\"https:\/\/www.welt.de\/politik\/ausland\/article6a49f9230b14ed961bb525c1\/chamenei-trauerfeier-warum-lebt-der-groesste-bastard-der-welt-noch-dichter-fordert-tod-von-trump.html\" data-internal-tracking-enabled=\"true\" data-internal-tracking=\"{&quot;action&quot;:&quot;click&quot;,&quot;label&quot;:&quot;link&quot;,&quot;name&quot;:&quot;Inline Element&quot;,&quot;data&quot;:{&quot;source&quot;:&quot;&quot;,&quot;target&quot;:&quot;https:\/\/www.welt.de\/politik\/ausland\/article6a49f9230b14ed961bb525c1\/chamenei-trauerfeier-warum-lebt-der-groesste-bastard-der-welt-noch-dichter-fordert-tod-von-trump.html&quot;,&quot;trackingName&quot;:&quot;&quot;,&quot;trackingLabel&quot;:&quot;&quot;}}\" rel=\"nofollow noopener\" target=\"_blank\">Ajatollah Ali Chamenei<\/a> bisher nicht in der \u00d6ffentlichkeit gezeigt.<\/p>\n<p>Die USA und der Iran hatten sich Mitte Juni eigentlich auf ein Rahmenabkommen geeinigt, das den Weg f\u00fcr ein dauerhaftes Ende des Kriegs ebnen soll. Darin war vereinbart worden, innerhalb von 60 Tagen einen endg\u00fcltigen Deal auszuhandeln. Es beinhaltet auch die Forderung nach einer \u00d6ffnung der Stra\u00dfe von Hormus. Seit Anfang April galt zudem eine Waffenruhe. Anfang Juli war der Konflikt aber wieder eskaliert.<\/p>\n<p>Iran t\u00f6tet zwei US-Soldaten in Jordanien<\/p>\n<p>In der Nacht zum Samstag <a class=\"is-link c-block-items__link c-link--rich-text-renderer\" href=\"https:\/\/www.welt.de\/politik\/ausland\/article6a5a8f55c722326276499e77\/nahost-krieg-usa-greifen-iran-erneut-an-teheran-spricht-von-explodierten-oeltankern-in-strasse-von-hormus.html\" data-internal-tracking-enabled=\"true\" data-internal-tracking=\"{&quot;action&quot;:&quot;click&quot;,&quot;label&quot;:&quot;link&quot;,&quot;name&quot;:&quot;Inline Element&quot;,&quot;data&quot;:{&quot;source&quot;:&quot;&quot;,&quot;target&quot;:&quot;https:\/\/www.welt.de\/politik\/ausland\/article6a5a8f55c722326276499e77\/nahost-krieg-usa-greifen-iran-erneut-an-teheran-spricht-von-explodierten-oeltankern-in-strasse-von-hormus.html&quot;,&quot;trackingName&quot;:&quot;&quot;,&quot;trackingLabel&quot;:&quot;&quot;}}\" rel=\"nofollow noopener\" target=\"_blank\">griffen die USA die siebte Nacht in Folge<\/a> Infrastruktur und milit\u00e4rische Ziele im Iran an, darunter auch Br\u00fccken. Der Iran reagierte erneut mit Angriffen auf US-Verb\u00fcndete in der Region, darunter Jordanien, Kuwait und Bahrain.<\/p>\n<p>Wie am Samstag bekannt wurde, starben bei einem Angriff auf einen von den USA genutzten Luftwaffenst\u00fctzpunkt in Jordanien zwei US-Soldaten. Ein weiterer Milit\u00e4rangeh\u00f6riger werde vermisst, teilte das US-Verteidigungsministerium am Samstag mit. Das Regionalkommando Centcom erkl\u00e4rte, vier US-Soldaten seien zudem verletzt worden, als sich die US-Armee und verb\u00fcndete Truppen in Jordanien \u201egegen iranische Raketen- und Drohnenangriffe verteidigten\u201c.<\/p>\n<p>Die schwersten Sch\u00e4den entstanden in Kuwait, wo das iranische Milit\u00e4r nach Angaben der kuwaitischen Beh\u00f6rden und der staatlichen \u00d6lgesellschaft eine Meerwasserentsalzungsanlage und eine \u00d6lanlage angegriffen hatte.<\/p>\n<p>Bei den Angriffen wurden mehrere Menschen auf dem Gel\u00e4nde der \u00d6lanlage verletzt. In der Meerwasserentsalzungsanlage brach ein Brand aus. Es war der zweite Angriff auf eine Entsalzungsanlage innerhalb von zwei Tagen in dem W\u00fcstenstaat, der zu 90 Prozent auf Entsalzung f\u00fcr sein Trinkwasser angewiesen ist.<\/p>\n<p>Nach Angaben der kuwaitischen Feuerwehr wurden mehrere Feuerwehrleute und ein Arbeiter bei der Bek\u00e4mpfung von zwei weiteren Br\u00e4nden verletzt, die durch iranische Angriffe ausgel\u00f6st worden waren. Kuwait sperrte am Morgen vor\u00fcbergehend seinen Luftraum; die Fluglinie Kuwait Airways teilte mit, dass die meisten Fl\u00fcge von und in die Hauptstadt umgeplant w\u00fcrden.<\/p>\n<p>Die irakischen Beh\u00f6rden erkl\u00e4rten, \u00fcber der Stadt Erbil seien Angriffsdrohnen abgefangen worden. Die staatliche jordanische Nachrichtenagentur Petra berichtete, die Luftabwehrsysteme des K\u00f6nigreichs h\u00e4tten iranische Raketen abgeschossen. In Bahrain wurde laut Angaben der Regierung mehrfach Luftalarm ausgel\u00f6st. <\/p>\n<p>Weniger Passagen durch die Stra\u00dfe von Hormus<\/p>\n<p>US-Pr\u00e4sident Donald Trump hat in den vergangenen Tagen erneut gedroht, iranische Kraftwerke und Br\u00fccken anzugreifen, um den Iran dazu zu zwingen, seinen Zugriff auf die Stra\u00dfe von Hormus zu lockern. Durch die Meerenge wurde in Friedenszeiten etwa ein F\u00fcnftel des weltweit gehandelten \u00d6ls und Erdgases verschifft.<\/p>\n<p>Die USA haben zudem erneut eine Seeblockade gegen iranische H\u00e4fen verh\u00e4ngt, um die Roh\u00f6llieferungen des Landes zu unterbinden. Laut der Datenbank MarineTraffic sank die Zahl der Schiffe, die die Meerenge passierten, am Donnerstag auf acht, das war der niedrigste Wert seit drei Wochen. <\/p>\n<p>dpa\/AP\/sebe<\/p>\n","protected":false},"excerpt":{"rendered":"Der Iran-Krieg ist wieder aufgeflammt: Nach mehreren Angriffen der USA setzt die F\u00fchrung in Teheran das j\u00fcngst erst&hellip;\n","protected":false},"author":2,"featured_media":1176369,"comment_status":"","ping_status":"","sticky":false,"template":"","format":"standard","meta":{"footnotes":"","_share_on_mastodon":"0"},"categories":[3],"tags":[114,13,345,190800,30157,14,15,110,12,45,10,8,9,11,113,64,103,104],"class_list":["post-1176368","post","type-post","status-publish","format-standard","has-post-thumbnail","category-welt","tag-donald-geb-1946","tag-headlines","tag-iran","tag-iran-krieg-maerz-2026","tag-kuwait","tag-nachrichten","tag-news","tag-newsteam","tag-schlagzeilen","tag-texttospeech","tag-top-news","tag-top-meldungen","tag-topmeldungen","tag-topnews","tag-trump","tag-usa","tag-welt","tag-world"],"share_on_mastodon":{"url":"https:\/\/pubeurope.com\/@de\/116942485994672676","error":""},"_links":{"self":[{"href":"https:\/\/www.europesays.com\/de\/wp-json\/wp\/v2\/posts\/1176368","targetHints":{"allow":["GET"]}}],"collection":[{"href":"https:\/\/www.europesays.com\/de\/wp-json\/wp\/v2\/posts"}],"about":[{"href":"https:\/\/www.europesays.com\/de\/wp-json\/wp\/v2\/types\/post"}],"author":[{"embeddable":true,"href":"https:\/\/www.europesays.com\/de\/wp-json\/wp\/v2\/users\/2"}],"replies":[{"embeddable":true,"href":"https:\/\/www.europesays.com\/de\/wp-json\/wp\/v2\/comments?post=1176368"}],"version-history":[{"count":0,"href":"https:\/\/www.europesays.com\/de\/wp-json\/wp\/v2\/posts\/1176368\/revisions"}],"wp:featuredmedia":[{"embeddable":true,"href":"https:\/\/www.europesays.com\/de\/wp-json\/wp\/v2\/media\/1176369"}],"wp:attachment":[{"href":"https:\/\/www.europesays.com\/de\/wp-json\/wp\/v2\/media?parent=1176368"}],"wp:term":[{"taxonomy":"category","embeddable":true,"href":"https:\/\/www.europesays.com\/de\/wp-json\/wp\/v2\/categories?post=1176368"},{"taxonomy":"post_tag","embeddable":true,"href":"https:\/\/www.europesays.com\/de\/wp-json\/wp\/v2\/tags?post=1176368"}],"curies":[{"name":"wp","href":"https:\/\/api.w.org\/{rel}","templated":true}]}}