{"id":1176383,"date":"2026-07-18T18:58:16","date_gmt":"2026-07-18T18:58:16","guid":{"rendered":"https:\/\/www.europesays.com\/de\/1176383\/"},"modified":"2026-07-18T18:58:16","modified_gmt":"2026-07-18T18:58:16","slug":"frueher-gladbach-und-fortuna-engelhardt-zurueck-zum-sc-freiburg","status":"publish","type":"post","link":"https:\/\/www.europesays.com\/de\/1176383\/","title":{"rendered":"Fr\u00fcher Gladbach und Fortuna: Engelhardt zur\u00fcck zum SC Freiburg"},"content":{"rendered":"<p class=\"text_ohne_einzug richtext text-em-55 !leading-serif mx-6 desktop:mx-0\">F\u00fcr Borussia <a href=\"https:\/\/rp-online.de\/thema\/moenchengladbach\/\" rel=\"nofollow noopener\" target=\"_blank\">M\u00f6nchengladbach<\/a> gibt es bei den ersten beiden Ausw\u00e4rtsspielen der kommenden Saison ein Wiedersehen mit dem Sechser-Paar der vergangenen Saison. Allerdings in zwei Etappen und rund 650 Kilometer voneinander entfernt.<\/p>\n<p class=\"richtext text-em-55 !leading-serif mx-6 desktop:mx-0\">Zun\u00e4chst treffen die Gladbacher am ersten Spieltag bei RB Leipzig auf Rocco Reitz. Der Spross der Gladbacher Akademie ist f\u00fcr 20 Millionen Euro zu RB Leipzig gewechselt. In seinem Instagram-Account gibt es die ersten Bilder von Reitz im RB-Outfit. \u201eEin neues Kapitel beginnt\u201c, hat er unter das Video von seinem ersten Tag bei RB geschrieben. Am 29. August ist das Spiel.<\/p>\n<p class=\"richtext text-em-55 !leading-serif mx-6 desktop:mx-0\">Zwei Wochen sp\u00e4ter geht es f\u00fcr Gladbach dann zum <a href=\"https:\/\/rp-online.de\/thema\/sc-freiburg\/\" rel=\"nofollow noopener\" target=\"_blank\">SC Freiburg<\/a>. Der Sport-Club aus dem Breisgau hat am Samstag Yannik Engelhardt von Como 1907 verpflichtet. Mit dem SC Freiburg war Engelhardt sich l\u00e4ngst einig, nun sind auch die Klubs zusammengekommen. Rund 7,5 Millionen Euro werden an Como \u00fcberwiesen. Engelhardt und Reitz bildeten in der vergangenen Saison meist das Duo vor der Gladbacher Abwehr.<\/p>\n<p class=\"richtext text-em-55 !leading-serif mx-6 desktop:mx-0\">Engelhardt, der 2024 f\u00fcr acht Millionen Euro von <a href=\"https:\/\/rp-online.de\/thema\/fortuna-duesseldorf\/\" rel=\"nofollow noopener\" target=\"_blank\">Fortuna D\u00fcsseldorf<\/a> nach Como ging und 2025 f\u00fcr eine Saison auf Leihbasis zu Borussia, soll einen langfristigen Vertrag bekommen haben, \u00fcber die Dauer des Kontrakts machte der SCF aber keine Angaben.<\/p>\n<p class=\"richtext text-em-55 !leading-serif mx-6 desktop:mx-0\">In Gladbach sagte Sportchef Rouven Schr\u00f6der nach der Saison zun\u00e4chst, dass Engelhardt \u201eerst mal\u201c nach Como zur\u00fcckkehren werde. Doch war schnell klar, dass es nichts werden w\u00fcrde mit einer festen Verpflichtung. Zumal in Enzo Leopold und Zento Uno recht zeitig zwei Neue f\u00fcr das defensive Mittelfeld geholt wurden.<\/p>\n<p class=\"richtext text-em-55 !leading-serif mx-6 desktop:mx-0\">Die Geschichte von Engelhardt gleicht ein wenig der von Haris Tabakovic, wobei der Bosnier noch ein WM-Abenteuer eingeflochten hat. Beide spielten als Leihspieler eine gute Rolle in Gladbach, doch letztlich waren beide f\u00fcr Gladbach nicht erschwinglich. <a href=\"https:\/\/rp-online.de\/sport\/fussball\/borussia\/vertrag-bis-2029-ex-borusse-tabakovic-wechselt-zu-rb-salzburg-hungrig-auf-erfolge_aid-151033403\" rel=\"nofollow noopener\" target=\"_blank\">F\u00fcr Tabakovic zahlt RB Salzburg, sein neuer Klub, f\u00fcnf Millionen Euro<\/a>, f\u00fcr Engelhardt nun der SC Freiburg noch mal 2,5 Millionen Euro mehr, sieben Millionen zahlte der Sport-Club unter anderem f\u00fcr einen anderen Ex-Gladbacher, als er ihn von der TSG Hoffenheim zur\u00fcckholte: <a href=\"https:\/\/rp-online.de\/thema\/vincenzo-grifo\/\" rel=\"nofollow noopener\" target=\"_blank\">Vincenzo Grifo<\/a>.<\/p>\n<p class=\"richtext text-em-55 !leading-serif mx-6 desktop:mx-0\">Zw\u00f6lf Millionen Euro w\u00e4ren es in Summe gewesen f\u00fcr Tabakovic und Engelhardt, um beide fix zu verpflichten. Insgesamt 12,5 Millionen Euro hat Schr\u00f6der bisher in diesem Transfersommer ausgegeben, doch hat er daf\u00fcr sieben neue Spieler verpflichtet und so den Kader in voller Breite neu aufgestellt.<\/p>\n<p class=\"richtext text-em-55 !leading-serif mx-6 desktop:mx-0\">Beide, Tabakovic wie Engelhardt, haben ihren Job in Gladbach gut gemacht. Doch es gab auch Gr\u00fcnde, von der Verpflichtung abzusehen. Tabakovic w\u00e4re mit seinen 32 Jahren keiner mit dem in Gladbach notwendigen Wertsteigerungspotenzial gewesen. Und Engelhardt fehlten letztlich die ganz eindeutigen F\u00fchrungsqualit\u00e4ten, die es gebraucht h\u00e4tte, um zweifellos die von Como geforderte Summe zu investieren.<\/p>\n<p class=\"richtext text-em-55 !leading-serif mx-6 desktop:mx-0\">Jenseits der Tatsache, dass beide nur eine Saison f\u00fcr Gladbach t\u00e4tig und \u00fcber die Leihe hinaus nicht erschwinglich waren, gibt es weitere Gemeinsamkeiten. F\u00fcr beide bedeutet der neue Klub eine R\u00fcckkehr. Tabakovic spielt wie schon bei Austria Lustenau und Austria <a href=\"https:\/\/rp-online.de\/thema\/wien\/\" rel=\"nofollow noopener\" target=\"_blank\">Wien<\/a> wieder in <a href=\"https:\/\/rp-online.de\/thema\/oesterreich\/\" rel=\"nofollow noopener\" target=\"_blank\">\u00d6sterreich<\/a> und Engelhardt geh\u00f6rte schon der zweiten Mannschaft der Freiburger an.<\/p>\n<p>Ex-Gladbacher Engelhardt mit Freiburg in der Conference League      <\/p>\n<p class=\"richtext text-em-55 !leading-serif mx-6 desktop:mx-0\">Zudem: Tabakovic und Engelhardt spielen in der n\u00e4chsten Saison international. RB Salzburg spielt in der Qualifikation zur <a href=\"https:\/\/rp-online.de\/thema\/europa\/\" rel=\"nofollow noopener\" target=\"_blank\">Europa<\/a> League, die Freiburger sind in der Conference League dabei. Das Europa-Thema h\u00e4tte Gladbach nicht geboten. Beide Ex-Leihborussen bekommen beim neuen Arbeitgeber langfristige Vertr\u00e4ge. Tabakovic unterschrieb bis 2029, bei Engelhardt d\u00fcrfte mindestens noch ein Jahr dazukommen.<\/p>\n<p class=\"richtext text-em-55 !leading-serif mx-6 desktop:mx-0\">Tabakovic wie Engelhardt werden bei ihren neuen Klubs durchaus Jobs mit einigem Anspruch haben. Tabakovic soll RB Salzburg nach drei Jahren ohne Meistertitel wieder nach ganz oben schie\u00dfen in \u00d6sterreich. Und Engelhardt soll in Freiburg Nachfolger von WM-Fahrer Johan Manzambi werden, der f\u00fcr fast 70 Millionen Euro inklusive Bonuszahlungen zu Europa-League-Sieger Aston Villa geht.<\/p>\n","protected":false},"excerpt":{"rendered":"F\u00fcr Borussia M\u00f6nchengladbach gibt es bei den ersten beiden Ausw\u00e4rtsspielen der kommenden Saison ein Wiedersehen mit dem Sechser-Paar&hellip;\n","protected":false},"author":2,"featured_media":1176384,"comment_status":"","ping_status":"","sticky":false,"template":"","format":"standard","meta":{"footnotes":"","_share_on_mastodon":"0"},"categories":[1849],"tags":[3364,29,548,663,3934,30,13,4455,14,15,1209,12,87254],"class_list":["post-1176383","post","type-post","status-publish","format-standard","has-post-thumbnail","category-moenchengladbach","tag-de","tag-deutschland","tag-eu","tag-europa","tag-europe","tag-germany","tag-headlines","tag-moenchengladbach","tag-nachrichten","tag-news","tag-nordrhein-westfalen","tag-schlagzeilen","tag-tabakovic"],"share_on_mastodon":{"url":"https:\/\/pubeurope.com\/@de\/116942517450683223","error":""},"_links":{"self":[{"href":"https:\/\/www.europesays.com\/de\/wp-json\/wp\/v2\/posts\/1176383","targetHints":{"allow":["GET"]}}],"collection":[{"href":"https:\/\/www.europesays.com\/de\/wp-json\/wp\/v2\/posts"}],"about":[{"href":"https:\/\/www.europesays.com\/de\/wp-json\/wp\/v2\/types\/post"}],"author":[{"embeddable":true,"href":"https:\/\/www.europesays.com\/de\/wp-json\/wp\/v2\/users\/2"}],"replies":[{"embeddable":true,"href":"https:\/\/www.europesays.com\/de\/wp-json\/wp\/v2\/comments?post=1176383"}],"version-history":[{"count":0,"href":"https:\/\/www.europesays.com\/de\/wp-json\/wp\/v2\/posts\/1176383\/revisions"}],"wp:featuredmedia":[{"embeddable":true,"href":"https:\/\/www.europesays.com\/de\/wp-json\/wp\/v2\/media\/1176384"}],"wp:attachment":[{"href":"https:\/\/www.europesays.com\/de\/wp-json\/wp\/v2\/media?parent=1176383"}],"wp:term":[{"taxonomy":"category","embeddable":true,"href":"https:\/\/www.europesays.com\/de\/wp-json\/wp\/v2\/categories?post=1176383"},{"taxonomy":"post_tag","embeddable":true,"href":"https:\/\/www.europesays.com\/de\/wp-json\/wp\/v2\/tags?post=1176383"}],"curies":[{"name":"wp","href":"https:\/\/api.w.org\/{rel}","templated":true}]}}