{"id":1176418,"date":"2026-07-18T19:18:19","date_gmt":"2026-07-18T19:18:19","guid":{"rendered":"https:\/\/www.europesays.com\/de\/1176418\/"},"modified":"2026-07-18T19:18:19","modified_gmt":"2026-07-18T19:18:19","slug":"wm-2026-frankreich-england-hier-im-live-ticker-fussball","status":"publish","type":"post","link":"https:\/\/www.europesays.com\/de\/1176418\/","title":{"rendered":"WM 2026: Frankreich \u2013 England hier im Live-Ticker | Fu\u00dfball"},"content":{"rendered":"<p><img loading=\"lazy\" decoding=\"async\" src=\"https:\/\/www.europesays.com\/de\/wp-content\/uploads\/2026\/07\/vgzm.2150080-6a58b9618e06d6769140ed41.gif\" width=\"1\" height=\"1\" alt=\"\" class=\"vgwort-pixel\"\/>WM 2026: Frankreich \u2013 England hier im Live-Ticker<img fetchpriority=\"high\" decoding=\"async\" width=\"992\" height=\"558\" alt=\"Kylian Mbapp\u00e9 (27) k\u00e4mpft im Spiel um Platz drei um einen vers\u00f6hnlichen WM-Abschluss\" loading=\"eager\" src=\"https:\/\/www.europesays.com\/de\/wp-content\/uploads\/2026\/07\/362486226211dc4de6b8a9e896e95d99,d6f5cee5.jpeg\"   class=\"landscape\"\/><\/p>\n<p class=\"fig__caption__text\">Kylian Mbapp\u00e9 (27) k\u00e4mpft im Spiel um Platz drei um einen vers\u00f6hnlichen WM-Abschluss<\/p>\n<p>Foto: Getty Images<\/p>\n<p>18.07.2026 &#8211; 21:00 Uhr <\/p>\n<p><b>Das kleine Finale der <\/b><a href=\"https:\/\/sportbild.bild.de\/fussball\/wm-yTCPXgTTl9P1AhquZhcL.sport.html?t_ref=https%253A%252F%252Fm.sportbild.bild.de%252Ffussball%252Fwm-yTCPXgTTl9P1AhquZhcL.sport.html\" class=\"text-link\" rel=\"nofollow noopener\" target=\"_blank\"><b>Weltmeisterschaft <\/b><\/a><b>steht an! <\/b><\/p>\n<p>Im Spiel um Platz drei treffen England und Frankreich aufeinander. Anpfiff ist am Samstag um 23 Uhr im Hard Rock Stadium in Miami. Beide Teams verpassten den Einzug ins Endspiel und wollen sich nun zumindest mit der Bronzemedaille aus dem Turnier verabschieden.<\/p>\n<p>England musste sich im Halbfinale Argentinien mit 1:2 geschlagen geben, Frankreich scheiterte einen Tag zuvor mit 0:2 an Spanien. Nun geht es f\u00fcr beide Teams im kleinen Finale nicht nur um die Bronzemedaille, sondern auch um zwei Millionen US-Dollar mehr Preisgeld: Der Drittplatzierte erh\u00e4lt 29 Millionen, der Vierte 27 Millionen US-Dollar. Zudem wird die Partie besonders emotional f\u00fcr Frankreichs Trainer Didier Deschamps (57), der zum letzten Mal als Nationalcoach an der Seitenlinie stehen wird.<\/p>\n<p>WM 2026: Frankreich gegen England im Live-Ticker<\/p>\n<p class=\"article-content-user-report\"><a href=\"https:\/\/sportbild.bild.de\/fussball\/spielplan-der-fussball-wm-2026-termine-ergebnisse-687629908987fc112b69e5d3\" target=\"_blank\" rel=\"noopener nofollow\" class=\"anchor anchor--external\">Spielplan der Fu\u00dfball-WM 2026<\/a><\/p>\n","protected":false},"excerpt":{"rendered":"WM 2026: Frankreich \u2013 England hier im Live-Ticker Kylian Mbapp\u00e9 (27) k\u00e4mpft im Spiel um Platz drei um&hellip;\n","protected":false},"author":2,"featured_media":1176419,"comment_status":"","ping_status":"","sticky":false,"template":"","format":"standard","meta":{"footnotes":"","_share_on_mastodon":"0"},"categories":[3974],"tags":[331,332,548,663,3934,3980,156,38029,13,19542,5426,14,232646,61497,55213,15,7721,12,62906,185552,1927,11404],"class_list":["post-1176418","post","type-post","status-publish","format-standard","has-post-thumbnail","category-frankreich","tag-aktuelle-nachrichten","tag-aktuelle-news","tag-eu","tag-europa","tag-europe","tag-france","tag-frankreich","tag-fussball-wm-2026","tag-headlines","tag-kylian-mbappe","tag-live-ticker","tag-nachrichten","tag-nationalmannschaft-argentinien","tag-nationalmannschaft-england","tag-nationalmannschaft-frankreich","tag-news","tag-nofeed","tag-schlagzeilen","tag-spobi-fussball","tag-spobi-international","tag-sport-standard","tag-wm"],"share_on_mastodon":{"url":"https:\/\/pubeurope.com\/@de\/116942596281478627","error":""},"_links":{"self":[{"href":"https:\/\/www.europesays.com\/de\/wp-json\/wp\/v2\/posts\/1176418","targetHints":{"allow":["GET"]}}],"collection":[{"href":"https:\/\/www.europesays.com\/de\/wp-json\/wp\/v2\/posts"}],"about":[{"href":"https:\/\/www.europesays.com\/de\/wp-json\/wp\/v2\/types\/post"}],"author":[{"embeddable":true,"href":"https:\/\/www.europesays.com\/de\/wp-json\/wp\/v2\/users\/2"}],"replies":[{"embeddable":true,"href":"https:\/\/www.europesays.com\/de\/wp-json\/wp\/v2\/comments?post=1176418"}],"version-history":[{"count":0,"href":"https:\/\/www.europesays.com\/de\/wp-json\/wp\/v2\/posts\/1176418\/revisions"}],"wp:featuredmedia":[{"embeddable":true,"href":"https:\/\/www.europesays.com\/de\/wp-json\/wp\/v2\/media\/1176419"}],"wp:attachment":[{"href":"https:\/\/www.europesays.com\/de\/wp-json\/wp\/v2\/media?parent=1176418"}],"wp:term":[{"taxonomy":"category","embeddable":true,"href":"https:\/\/www.europesays.com\/de\/wp-json\/wp\/v2\/categories?post=1176418"},{"taxonomy":"post_tag","embeddable":true,"href":"https:\/\/www.europesays.com\/de\/wp-json\/wp\/v2\/tags?post=1176418"}],"curies":[{"name":"wp","href":"https:\/\/api.w.org\/{rel}","templated":true}]}}