{"id":1176438,"date":"2026-07-18T19:30:17","date_gmt":"2026-07-18T19:30:17","guid":{"rendered":"https:\/\/www.europesays.com\/de\/1176438\/"},"modified":"2026-07-18T19:30:17","modified_gmt":"2026-07-18T19:30:17","slug":"fussball-vor-trainingslager-nuernberg-gewinnt-xxl-test-gegen-mannheim-region","status":"publish","type":"post","link":"https:\/\/www.europesays.com\/de\/1176438\/","title":{"rendered":"Fu\u00dfball: Vor Trainingslager: N\u00fcrnberg gewinnt XXL-Test gegen Mannheim &#8211; Region"},"content":{"rendered":"<p>Matchwinner war Piet Scobel mit einem Doppelpack in der 66. und 93. Minute, der dem &#8222;Club&#8220; den Sieg brachte. Zuvor hatten die G\u00e4ste aus Mannheim zweimal dank der Treffer von Julian Ulbricht (44.) und Terrence Boyd (64.) gef\u00fchrt. Das zwischenzeitliche 1:1 war Javier Fernandez gelungen (55.). &#8222;Es ist ein sch\u00f6nes Gef\u00fchl, mal wieder getroffen zu haben&#8220;, sagte Scobel.<\/p>\n","protected":false},"excerpt":{"rendered":"Matchwinner war Piet Scobel mit einem Doppelpack in der 66. und 93. Minute, der dem &#8222;Club&#8220; den Sieg&hellip;\n","protected":false},"author":2,"featured_media":1176439,"comment_status":"","ping_status":"","sticky":false,"template":"","format":"standard","meta":{"footnotes":"","_share_on_mastodon":"0"},"categories":[1837],"tags":[783,621,1634,772,3364,29,996,30,3783,71866,17594],"class_list":["post-1176438","post","type-post","status-publish","format-standard","has-post-thumbnail","category-nuernberg","tag-1-fc-nuernberg","tag-2-bundesliga","tag-baden-wuerttemberg","tag-bayern","tag-de","tag-deutschland","tag-dritte-liga","tag-germany","tag-nuernberg","tag-testspiele","tag-waldhof-mannheim"],"share_on_mastodon":{"url":"https:\/\/pubeurope.com\/@de\/116942643344703219","error":""},"_links":{"self":[{"href":"https:\/\/www.europesays.com\/de\/wp-json\/wp\/v2\/posts\/1176438","targetHints":{"allow":["GET"]}}],"collection":[{"href":"https:\/\/www.europesays.com\/de\/wp-json\/wp\/v2\/posts"}],"about":[{"href":"https:\/\/www.europesays.com\/de\/wp-json\/wp\/v2\/types\/post"}],"author":[{"embeddable":true,"href":"https:\/\/www.europesays.com\/de\/wp-json\/wp\/v2\/users\/2"}],"replies":[{"embeddable":true,"href":"https:\/\/www.europesays.com\/de\/wp-json\/wp\/v2\/comments?post=1176438"}],"version-history":[{"count":0,"href":"https:\/\/www.europesays.com\/de\/wp-json\/wp\/v2\/posts\/1176438\/revisions"}],"wp:featuredmedia":[{"embeddable":true,"href":"https:\/\/www.europesays.com\/de\/wp-json\/wp\/v2\/media\/1176439"}],"wp:attachment":[{"href":"https:\/\/www.europesays.com\/de\/wp-json\/wp\/v2\/media?parent=1176438"}],"wp:term":[{"taxonomy":"category","embeddable":true,"href":"https:\/\/www.europesays.com\/de\/wp-json\/wp\/v2\/categories?post=1176438"},{"taxonomy":"post_tag","embeddable":true,"href":"https:\/\/www.europesays.com\/de\/wp-json\/wp\/v2\/tags?post=1176438"}],"curies":[{"name":"wp","href":"https:\/\/api.w.org\/{rel}","templated":true}]}}