{"id":1176467,"date":"2026-07-18T19:50:20","date_gmt":"2026-07-18T19:50:20","guid":{"rendered":"https:\/\/www.europesays.com\/de\/1176467\/"},"modified":"2026-07-18T19:50:20","modified_gmt":"2026-07-18T19:50:20","slug":"s-bahn-stuttgart-laengste-stammstrecken-sperrung-beginnt-naechste-woche","status":"publish","type":"post","link":"https:\/\/www.europesays.com\/de\/1176467\/","title":{"rendered":"S-Bahn Stuttgart: L\u00e4ngste Stammstrecken-Sperrung beginnt n\u00e4chste Woche"},"content":{"rendered":"<p>Stammstrecke in Stuttgart <\/p>\n<p>S-Bahn so lange wie noch nie gesperrt<\/p>\n<p>Aktualisiert am 18.07.2026 &#8211; 20:52 UhrLesedauer: 2 Min.<\/p>\n<p><a href=\"#focus-0\" class=\"transition-colors block text-current relative\" data-sctrack=\"FocusGalleryImage.Reference\"><img fetchpriority=\"high\" data-testid=\"Opener.Image\"   loading=\"eager\" src=\"https:\/\/www.europesays.com\/de\/wp-content\/uploads\/2026\/07\/reisende-hund-unterirdisch-einfahrende-s-bahn-zug-baureihe-420-in-verkehrsrot-bahnsteig-haltestelle-.jpeg\" alt=\"imago images 0777802684\" title=\"imago images 0777802684\" width=\"4000\" height=\"2250\" class=\"bg-[url:var(--lqipURL)] bg-cover bg-center flex h-full w-full max-w-full\" style=\"--lqipURL:url('https:\/\/images.t-online.de\/2025\/04\/W0lr-Cqdhvf9\/0x100:4000x2250\/fit-in\/150x0\/filters:blur(25)\/reisende-hund-unterirdisch-einfahrende-s-bahn-zug-baureihe-420-in-verkehrsrot-bahnsteig-haltestelle-bahnhof-feuersee-oepnv-bewegungseffekt-stuttgart-baden-wuerttemberg-deutschland-europa-traveller-dog-underground-arriving-s-bahn-train-class-420-in-traffic-red-platform-stop-feuersee-station-public-transport-movement-effect-stuttgart-baden-wuerttemberg-germany-europe-copyright-imagebroker-michaelxweber-iblimw11676145-jpg.jpg')\" decoding=\"async\"\/><img loading=\"lazy\" src=\"https:\/\/stuttgart.t-online.de\/s\/paper\/_next\/static\/media\/zoom-in.f7dae02f.svg\" alt=\"Vergr\u00f6\u00dfern des Bildes\" title=\"Vergr\u00f6\u00dfern des Bildes\" class=\"block h-[calc(var(--height)_\/_16_*_1rem)] w-[calc(var(--width)_\/_16_*_1rem)] max-w-none absolute right-8 bottom-8 rounded-4 bg-snow p-8\" style=\"--width:32;--height:32\" decoding=\"async\"\/><\/a><\/p>\n<p>S-Bahn-Station Feuersee: Die Stammstrecke wird wieder gesperrt. (Quelle: IMAGO\/imageBROKER\/Michael Weber\/imago)<\/p>\n<p><img loading=\"lazy\" src=\"https:\/\/stuttgart.t-online.de\/s\/paper\/_next\/static\/media\/audio-volume.6689034c.svg\" alt=\"\" title=\"\" class=\"block h-[calc(var(--height)_\/_16_*_1rem)] w-[calc(var(--width)_\/_16_*_1rem)] max-w-none group-hover:brightness-0 group-hover:invert\" style=\"--width:16;--height:16\" decoding=\"async\"\/>Vorlesen<\/p>\n<p>Aktuelle Zeit:0:00Gesamtdauer:0:00<\/p>\n<p>1x<\/p>\n<p class=\"text-center\">Jetzt neu bei t-online:<\/p>\n<p class=\"text-center\">Schriftgr\u00f6\u00dfe anpassen!<\/p>\n<p><img loading=\"lazy\" src=\"https:\/\/stuttgart.t-online.de\/s\/paper\/_next\/static\/media\/font-sizes.32942e33.svg\" alt=\"\" title=\"\" class=\"block h-[calc(var(--height)_\/_16_*_1rem)] w-[calc(var(--width)_\/_16_*_1rem)] max-w-none group-hover:hidden group-aria-expanded:hidden\" style=\"--width:16;--height:16\" decoding=\"async\"\/><img loading=\"lazy\" src=\"https:\/\/stuttgart.t-online.de\/s\/paper\/_next\/static\/media\/font-sizes-dark-mode.e382645c.svg\" alt=\"\" title=\"\" class=\"block h-[calc(var(--height)_\/_16_*_1rem)] w-[calc(var(--width)_\/_16_*_1rem)] max-w-none hidden group-hover:block group-aria-expanded:block\" style=\"--width:16;--height:16\" decoding=\"async\"\/><img loading=\"lazy\" src=\"https:\/\/stuttgart.t-online.de\/s\/paper\/_next\/static\/media\/sharing-menu-icon.1eb71368.svg\" alt=\"\" title=\"\" class=\"block h-[calc(var(--height)_\/_16_*_1rem)] w-[calc(var(--width)_\/_16_*_1rem)] max-w-none group-hover:brightness-0 group-hover:invert\" style=\"--width:16;--height:16\" decoding=\"async\"\/>Artikel teilen<\/p>\n<p class=\"font-bold text-18 leading-17 user-text-lg:text-22 user-text-xl:text-24\">Der S-Bahn-Verkehr wird in der Innenstadt wieder komplett lahmgelegt. Und zwar l\u00e4nger denn je.<\/p>\n<p class=\"text-18 leading-17 user-text-lg:text-22 user-text-xl:text-24\">F\u00fcr Hunderttausende Pendlerinnen und Pendler im Gro\u00dfraum Stuttgart wird der t\u00e4gliche Weg in die Innenstadt wieder f\u00fcr Wochen deutlich beschwerlicher. Wegen Bauarbeiten wird die wichtige Stammstrecke der Stuttgarter S-Bahn f\u00fcr mehrere Wochen komplett gesperrt. Dadurch kommt es zu l\u00e4ngeren Fahrzeiten. Viele Pendler m\u00fcssen auf Ersatzbusse umsteigen. <\/p>\n<p class=\"text-18 leading-17 user-text-lg:text-22 user-text-xl:text-24\">Die Sperrung dauert diesmal nach Angaben der Deutschen Bahn (DB) l\u00e4nger als in den Jahren zuvor &#8211; n\u00e4mlich acht Wochen. Von Montag, 20. Juli, bis Samstag, 12. September, fahren auf der Tunnelstrecke zwischen dem Stuttgarter Hauptbahnhof und Vaihingen keine Z\u00fcge. Hinzu kommen im Zeitraum der Sperrung noch weitere k\u00fcrzere Baustellen rund um Stuttgart, die weitere Einschr\u00e4nkungen mit sich bringen. <\/p>\n<p>Betroffen sind laut Bahn diese Haltestellen:<\/p>\n<ul class=\"text-18 leading-17 block pl-24 *:pb-16 *:before:inline-block *:before:size-8 *:before:bg-magenta *:before:mt-0 *:before:mr-12 *:before:mb-2 *:before:-ml-[20px]\">\n<li>Hauptbahnhof (tief),<\/li>\n<li>Stadtmitte,<\/li>\n<li>Feuersee,<\/li>\n<li>Schwabstra\u00dfe,<\/li>\n<li>Universit\u00e4t und<\/li>\n<li>\u00d6sterfeld.<\/li>\n<\/ul>\n<p class=\"text-18 leading-17 user-text-lg:text-22 user-text-xl:text-24\">Die Haltestellen werden in dieser Zeit nicht angefahren. Am Hauptbahnhof enden die Z\u00fcge der S-Bahn im oberirdischen Teil auf den Gleisen 1 bis 4. Von dort aus m\u00fcssen die Fahrg\u00e4ste wegen der Baustelle von <a href=\"https:\/\/www.t-online.de\/themen\/stuttgart-21\/\" class=\"transition-colors cursor-pointer no-underline md:hover:text-magenta md:focus:text-magenta border-b border-solid border-current text-salemsfur md:hover:border-magenta\" data-tracking=\"{&quot;action&quot;:&quot;click&quot;,&quot;category&quot;:&quot;intextLink&quot;,&quot;label&quot;:&quot;https:\/\/www.t-online.de\/themen\/stuttgart-21\/&quot;}\" data-sctrack=\"BodyAnchor\" rel=\"nofollow noopener\" target=\"_blank\">Stuttgart 21<\/a> mit deutlich l\u00e4ngeren Fu\u00dfwegen zu Bussen und zur U-Bahn planen.<\/p>\n<p class=\"text-18 leading-17 user-text-lg:text-22 user-text-xl:text-24\">Ein Ersatzverkehr mit Bussen (SEV1) zwischen Stuttgart Hbf, Arnulf-Klett-Platz und Stuttgart-Vaihingen, ZOB f\u00e4hrt die innerst\u00e4dtischen S-Bahn-Stationen an. Zwischen Stuttgart Hauptbahnhof, Stuttgart-Vaihingen und B\u00f6blingen fahren zus\u00e4tzliche Regionalexpress-Z\u00fcge im Pendelverkehr (RE-Pendel).<\/p>\n<p class=\"text-18 leading-17 user-text-lg:text-22 user-text-xl:text-24\">Die S-Bahnen fahren wie in den vergangenen Jahren im Halbstunden-Takt.<\/p>\n<p>Sechste wochenlange Sperrung in Folge<\/p>\n<p class=\"text-18 leading-17 user-text-lg:text-22 user-text-xl:text-24\">Die Bahn sperrt die Strecke bereits zum sechsten Mal in Folge f\u00fcr mehrere Wochen im Sommer. Grund daf\u00fcr sind auch in diesem Jahr Bauarbeiten im Zuge der Digitalisierung des Stuttgarter Bahnknotens. Zudem gebe es Bauarbeiten zur Anbindung der neuen Stuttgart-21-Strecken an bestehende Gleise, teilte die DB mit. <\/p>\n<p class=\"text-18 leading-17 user-text-lg:text-22 user-text-xl:text-24\">In diesem Jahr erneuert die Bahn auch noch die Gleise in der Wendeschleife der S-Bahn nahe der Haltestelle Schwabstra\u00dfe. Weil diese Arbeiten nicht parallel zu den anderen stattfinden k\u00f6nnen, m\u00fcssen sie vor den Sommerferien erledigt werden, sodass die Sperrung in diesem Jahr acht statt sechs Wochen dauert.<\/p>\n<p>Auch Fern- und Regionalverkehr sind betroffen<\/p>\n<ul class=\"text-18 leading-17 block pl-24 *:pb-16 *:before:inline-block *:before:size-8 *:before:bg-magenta *:before:mt-0 *:before:mr-12 *:before:mb-2 *:before:-ml-[20px]\">\n<li><strong class=\"font-bold\">Kein Halt am Stuttgart Hbf:<\/strong> <a href=\"https:\/\/stuttgart.t-online.de\/region\/stuttgart\/id_101332606\/kein-halt-am-stuttgart-hbf-bahn-streicht-direktzuege-noch-im-juli.html\" class=\"transition-colors cursor-pointer no-underline md:hover:text-magenta md:focus:text-magenta border-b border-solid border-current text-salemsfur md:hover:border-magenta\" data-tracking=\"{&quot;action&quot;:&quot;click&quot;,&quot;category&quot;:&quot;intextLink&quot;,&quot;label&quot;:&quot;\/region\/stuttgart\/id_101332606\/kein-halt-am-stuttgart-hbf-bahn-streicht-direktzuege-noch-im-juli.html&quot;}\" data-sctrack=\"BodyAnchor\" rel=\"nofollow noopener\" target=\"_blank\">Bahn streicht Direktz\u00fcge noch im Juli<\/a><\/li>\n<\/ul>\n<p class=\"text-18 leading-17 user-text-lg:text-22 user-text-xl:text-24\">Neben der S-Bahn sind von der Sperrung auch Z\u00fcge des Fern- und des Regionalverkehrs betroffen. Weil im oberirdischen Teil des Hauptbahnhofs Gleise f\u00fcr die S-Bahn ben\u00f6tigt werden, k\u00f6nnen nicht alle Regional- und Fernz\u00fcge dort halten. Im Fernverkehr halten einige Z\u00fcge nicht in Stuttgart, sondern ersatzweise in Esslingen am Neckar oder Vaihingen (Enz), etwa ICE-Z\u00fcge von Dortmund nach M\u00fcnchen oder von Frankfurt nach Graz.<\/p>\n","protected":false},"excerpt":{"rendered":"Stammstrecke in Stuttgart S-Bahn so lange wie noch nie gesperrt Aktualisiert am 18.07.2026 &#8211; 20:52 UhrLesedauer: 2 Min.&hellip;\n","protected":false},"author":2,"featured_media":1172386,"comment_status":"","ping_status":"","sticky":false,"template":"","format":"standard","meta":{"footnotes":"","_share_on_mastodon":"0"},"categories":[1830],"tags":[229052,1634,23660,5219,3364,2030,29,30,3601,2065,4125,2038,1441,9634,8674,5162,63752],"class_list":["post-1176467","post","type-post","status-publish","format-standard","has-post-thumbnail","category-stuttgart","tag-229052","tag-baden-wuerttemberg","tag-boeblingen","tag-db","tag-de","tag-deutsche-bahn","tag-deutschland","tag-germany","tag-hauptbahnhof","tag-innenstadt","tag-pendler","tag-stammstrecke","tag-stuttgart","tag-stuttgart-21","tag-stuttgart-vaihingen","tag-universitaet","tag-vaihingen"],"share_on_mastodon":{"url":"https:\/\/pubeurope.com\/@de\/116942724674135242","error":""},"_links":{"self":[{"href":"https:\/\/www.europesays.com\/de\/wp-json\/wp\/v2\/posts\/1176467","targetHints":{"allow":["GET"]}}],"collection":[{"href":"https:\/\/www.europesays.com\/de\/wp-json\/wp\/v2\/posts"}],"about":[{"href":"https:\/\/www.europesays.com\/de\/wp-json\/wp\/v2\/types\/post"}],"author":[{"embeddable":true,"href":"https:\/\/www.europesays.com\/de\/wp-json\/wp\/v2\/users\/2"}],"replies":[{"embeddable":true,"href":"https:\/\/www.europesays.com\/de\/wp-json\/wp\/v2\/comments?post=1176467"}],"version-history":[{"count":0,"href":"https:\/\/www.europesays.com\/de\/wp-json\/wp\/v2\/posts\/1176467\/revisions"}],"wp:featuredmedia":[{"embeddable":true,"href":"https:\/\/www.europesays.com\/de\/wp-json\/wp\/v2\/media\/1172386"}],"wp:attachment":[{"href":"https:\/\/www.europesays.com\/de\/wp-json\/wp\/v2\/media?parent=1176467"}],"wp:term":[{"taxonomy":"category","embeddable":true,"href":"https:\/\/www.europesays.com\/de\/wp-json\/wp\/v2\/categories?post=1176467"},{"taxonomy":"post_tag","embeddable":true,"href":"https:\/\/www.europesays.com\/de\/wp-json\/wp\/v2\/tags?post=1176467"}],"curies":[{"name":"wp","href":"https:\/\/api.w.org\/{rel}","templated":true}]}}