{"id":1176546,"date":"2026-07-18T20:45:17","date_gmt":"2026-07-18T20:45:17","guid":{"rendered":"https:\/\/www.europesays.com\/de\/1176546\/"},"modified":"2026-07-18T20:45:17","modified_gmt":"2026-07-18T20:45:17","slug":"die-besten-ferienausfluege-in-wuppertal-und-dem-bergischen","status":"publish","type":"post","link":"https:\/\/www.europesays.com\/de\/1176546\/","title":{"rendered":"Die besten Ferienausfl\u00fcge in Wuppertal und dem Bergischen"},"content":{"rendered":"<p class=\"text_ohne_einzug richtext text-em-55 !leading-serif mx-6 desktop:mx-0\">W\u00e4hrend der Beginn der Ferien f\u00fcr viele Sch\u00fcler, Familien aber auch Paare oder Freunde den Beginn des Urlaubs an nahen oder fernen Zielen darstellt, entscheiden sich mindestens ebenso viele, die eigene Region f\u00fcr Ausfl\u00fcge zu nutzen \u2013 in diesem Fall das Bergische Land. Damit die Zeit nicht f\u00fcr die Suche, sondern f\u00fcr den Ausflug selbst genutzt werden kann, hat die WZ die Recherche \u00fcbernommen. Eine \u00dcbersicht \u00fcber die drei besten \u2026<\/p>\n","protected":false},"excerpt":{"rendered":"W\u00e4hrend der Beginn der Ferien f\u00fcr viele Sch\u00fcler, Familien aber auch Paare oder Freunde den Beginn des Urlaubs&hellip;\n","protected":false},"author":2,"featured_media":1176547,"comment_status":"","ping_status":"","sticky":false,"template":"","format":"standard","meta":{"footnotes":"","_share_on_mastodon":"0"},"categories":[1840],"tags":[3903,5127,15694,8057,3364,29,9210,4532,246182,30,108447,1209,66325,3624,7223,66439,71029,35998,1886,2242,9717,246183,23428,4418,38385,15807,246184],"class_list":["post-1176546","post","type-post","status-publish","format-standard","has-post-thumbnail","category-wuppertal","tag-ausflug","tag-ausfluege","tag-ausflugsziele","tag-besuch","tag-de","tag-deutschland","tag-erwachsene","tag-ferien","tag-ferienausfluege","tag-germany","tag-museumsbesuch","tag-nordrhein-westfalen","tag-odenthal","tag-park","tag-solingen","tag-sommerausflug","tag-spezielle","tag-tagesausflug","tag-tiere","tag-tierpark","tag-uhr","tag-wipptiere","tag-wupper","tag-wuppertal","tag-wuppertalsperre","tag-ziel","tag-zoobesuch"],"share_on_mastodon":{"url":"https:\/\/pubeurope.com\/@de\/116942938328483868","error":""},"_links":{"self":[{"href":"https:\/\/www.europesays.com\/de\/wp-json\/wp\/v2\/posts\/1176546","targetHints":{"allow":["GET"]}}],"collection":[{"href":"https:\/\/www.europesays.com\/de\/wp-json\/wp\/v2\/posts"}],"about":[{"href":"https:\/\/www.europesays.com\/de\/wp-json\/wp\/v2\/types\/post"}],"author":[{"embeddable":true,"href":"https:\/\/www.europesays.com\/de\/wp-json\/wp\/v2\/users\/2"}],"replies":[{"embeddable":true,"href":"https:\/\/www.europesays.com\/de\/wp-json\/wp\/v2\/comments?post=1176546"}],"version-history":[{"count":0,"href":"https:\/\/www.europesays.com\/de\/wp-json\/wp\/v2\/posts\/1176546\/revisions"}],"wp:featuredmedia":[{"embeddable":true,"href":"https:\/\/www.europesays.com\/de\/wp-json\/wp\/v2\/media\/1176547"}],"wp:attachment":[{"href":"https:\/\/www.europesays.com\/de\/wp-json\/wp\/v2\/media?parent=1176546"}],"wp:term":[{"taxonomy":"category","embeddable":true,"href":"https:\/\/www.europesays.com\/de\/wp-json\/wp\/v2\/categories?post=1176546"},{"taxonomy":"post_tag","embeddable":true,"href":"https:\/\/www.europesays.com\/de\/wp-json\/wp\/v2\/tags?post=1176546"}],"curies":[{"name":"wp","href":"https:\/\/api.w.org\/{rel}","templated":true}]}}