{"id":1176551,"date":"2026-07-18T20:48:23","date_gmt":"2026-07-18T20:48:23","guid":{"rendered":"https:\/\/www.europesays.com\/de\/1176551\/"},"modified":"2026-07-18T20:48:23","modified_gmt":"2026-07-18T20:48:23","slug":"a43-bei-bochum-autounfall-mit-sieben-verletzte-darunter-kinder","status":"publish","type":"post","link":"https:\/\/www.europesays.com\/de\/1176551\/","title":{"rendered":"A43 bei Bochum: Autounfall mit Sieben Verletzte, darunter Kinder"},"content":{"rendered":"<p>Mehrere Menschen liegen auf der Fahrbahn, sieben kommen ins Krankenhaus &#8211; zwei sind schwer verletzt. Was ist auf der A43 bei Bochum passiert?<\/p>\n<p>Bei einem Unfall mit drei Autos auf der Autobahn 43 bei Bochum sind sieben Menschen verletzt worden, zwei von ihnen schwer. Unter den Verletzten waren auch zwei Kinder, die leichte Verletzungen erlitten, wie die Feuerwehr mitteilte.<\/p>\n<p>Der Unfall ereignete sich am Nachmittag in Fahrtrichtung M\u00fcnster kurz vor dem Kreuz mit der A40. Beim Eintreffen der Einsatzkr\u00e4fte lagen mehrere Verletzte auf der Fahrbahn. Alle sieben kamen in Krankenh\u00e4user.<\/p>\n<p>\t\t<a href=\"https:\/\/www.ruhrnachrichten.de\/ueberregionales\/frau-aus-nrw-steinfurt-tot-autounfall-oesterreich-von-leitplanke-durchbohrt-w1223047-2002150650\/\" rel=\"nofollow noopener\" aria-hidden=\"true\" tabindex=\"-1\" title=\"Leitplanke durchbohrt Auto Frau aus NRW stirbt bei Unfall in \u00d6sterreich\" aria-label=\"Leitplanke durchbohrt Auto Frau aus NRW stirbt bei Unfall in \u00d6sterreich\" target=\"_blank\"><\/p>\n<p>                <img decoding=\"async\" src=\"https:\/\/www.europesays.com\/de\/wp-content\/uploads\/2026\/07\/630_0900_6545783_-160x160.jpg\"  width=\"160\" height=\"160\" alt=\"Bei einem Verkehrsunfall auf der Westautobahn (A1) prallte ein Auto gegen eine Leitplanke, die sich dabei in das Fahrzeug bohrte.\" loading=\"lazy\"\/><\/p>\n<p>\t\t<\/a><\/p>\n<p>Die Feuerwehr sicherte die Unfallstelle, nahm ausgelaufene Betriebsstoffe auf und deaktivierte ein Elektroauto. Insgesamt waren 35 Einsatzkr\u00e4fte der Berufs- und Freiwilligen Feuerwehr vor Ort. Die Polizei ermittelt zur Unfallursache. Zeitweise war die Autobahn an der Unfallstelle gesperrt.<\/p>\n<p>dpa<\/p>\n<p>\t\t<a href=\"https:\/\/www.ruhrnachrichten.de\/regionales\/autounfall-auto-hauswand-essen-opel-corsa-kueche-w1203639-2002093345\/\" rel=\"nofollow noopener\" aria-hidden=\"true\" tabindex=\"-1\" title=\"19-J\u00e4hriger kracht mit Auto in Hauswand Fahrer in Essen betrunken am Steuer\" aria-label=\"19-J\u00e4hriger kracht mit Auto in Hauswand Fahrer in Essen betrunken am Steuer\" target=\"_blank\"><\/p>\n<p>                <img decoding=\"async\" src=\"https:\/\/www.europesays.com\/de\/wp-content\/uploads\/2026\/07\/630_0900_6315000_-160x160.jpg\"  width=\"160\" height=\"160\" alt=\"Ein Autofahrer ist mit seinem Auto in Essen in eine Hauswand gekracht.\" loading=\"lazy\"\/><\/p>\n<p>\t\t<\/a><\/p>\n","protected":false},"excerpt":{"rendered":"Mehrere Menschen liegen auf der Fahrbahn, sieben kommen ins Krankenhaus &#8211; zwei sind schwer verletzt. Was ist auf&hellip;\n","protected":false},"author":2,"featured_media":1176552,"comment_status":"","ping_status":"","sticky":false,"template":"","format":"standard","meta":{"footnotes":"","_share_on_mastodon":"0"},"categories":[1839],"tags":[4904,1950,7507,3364,29,30,1209],"class_list":["post-1176551","post","type-post","status-publish","format-standard","has-post-thumbnail","category-bochum","tag-autounfall","tag-blaulicht","tag-bochum","tag-de","tag-deutschland","tag-germany","tag-nordrhein-westfalen"],"share_on_mastodon":{"url":"https:\/\/pubeurope.com\/@de\/116942951459449602","error":""},"_links":{"self":[{"href":"https:\/\/www.europesays.com\/de\/wp-json\/wp\/v2\/posts\/1176551","targetHints":{"allow":["GET"]}}],"collection":[{"href":"https:\/\/www.europesays.com\/de\/wp-json\/wp\/v2\/posts"}],"about":[{"href":"https:\/\/www.europesays.com\/de\/wp-json\/wp\/v2\/types\/post"}],"author":[{"embeddable":true,"href":"https:\/\/www.europesays.com\/de\/wp-json\/wp\/v2\/users\/2"}],"replies":[{"embeddable":true,"href":"https:\/\/www.europesays.com\/de\/wp-json\/wp\/v2\/comments?post=1176551"}],"version-history":[{"count":0,"href":"https:\/\/www.europesays.com\/de\/wp-json\/wp\/v2\/posts\/1176551\/revisions"}],"wp:featuredmedia":[{"embeddable":true,"href":"https:\/\/www.europesays.com\/de\/wp-json\/wp\/v2\/media\/1176552"}],"wp:attachment":[{"href":"https:\/\/www.europesays.com\/de\/wp-json\/wp\/v2\/media?parent=1176551"}],"wp:term":[{"taxonomy":"category","embeddable":true,"href":"https:\/\/www.europesays.com\/de\/wp-json\/wp\/v2\/categories?post=1176551"},{"taxonomy":"post_tag","embeddable":true,"href":"https:\/\/www.europesays.com\/de\/wp-json\/wp\/v2\/tags?post=1176551"}],"curies":[{"name":"wp","href":"https:\/\/api.w.org\/{rel}","templated":true}]}}