{"id":1176704,"date":"2026-07-18T22:38:20","date_gmt":"2026-07-18T22:38:20","guid":{"rendered":"https:\/\/www.europesays.com\/de\/1176704\/"},"modified":"2026-07-18T22:38:20","modified_gmt":"2026-07-18T22:38:20","slug":"fussball-wm-spanien-muss-abschlusstraining-vor-finale-absagen","status":"publish","type":"post","link":"https:\/\/www.europesays.com\/de\/1176704\/","title":{"rendered":"Fu\u00dfball-WM: Spanien muss Abschlusstraining vor Finale absagen"},"content":{"rendered":"<p>Endspiel am Sonntag <\/p>\n<p>Vor WM-Finale: Spanien muss Abschlusstraining absagen<\/p>\n<p>18.07.2026 &#8211; 19:23 UhrLesedauer: 2 Min.<\/p>\n<p><a href=\"#focus-0\" class=\"transition-colors block text-current relative\" data-sctrack=\"FocusGalleryImage.Reference\"><img fetchpriority=\"high\" data-testid=\"Opener.Image\"   loading=\"eager\" src=\"https:\/\/www.europesays.com\/de\/wp-content\/uploads\/2026\/07\/lamine-yamal-das-spanische-team-um-den-jungstar-spielt-am-sonntag-um-den-zweiten-wm-titel.jpg\" alt=\"Lamine Yamal: Das spanische Team um den Jungstar spielt am Sonntag um den zweiten WM-Titel.\" title=\"Lamine Yamal: Das spanische Team um den Jungstar spielt am Sonntag um den zweiten WM-Titel.\" width=\"3349\" height=\"1884\" class=\"bg-[url:var(--lqipURL)] bg-cover bg-center flex h-full w-full max-w-full\" style=\"--lqipURL:url('https:\/\/images.t-online.de\/2026\/07\/PpR6fnkZy-D-\/167x44:3349x1884\/fit-in\/150x0\/filters:blur(25)\/lamine-yamal-das-spanische-team-um-den-jungstar-spielt-am-sonntag-um-den-zweiten-wm-titel.jpg')\" decoding=\"async\"\/><img loading=\"lazy\" src=\"https:\/\/www.t-online.de\/s\/paper\/_next\/static\/media\/zoom-in.f7dae02f.svg\" alt=\"Vergr\u00f6\u00dfern des Bildes\" title=\"Vergr\u00f6\u00dfern des Bildes\" class=\"block h-[calc(var(--height)_\/_16_*_1rem)] w-[calc(var(--width)_\/_16_*_1rem)] max-w-none absolute right-8 bottom-8 rounded-4 bg-snow p-8\" style=\"--width:32;--height:32\" decoding=\"async\"\/><\/a><\/p>\n<p>Lamine Yamal: Das spanische Team um den Jungstar spielt am Sonntag um den zweiten WM-Titel. (Quelle: Kyodo News\/imago-images-bilder)<\/p>\n<p><img loading=\"lazy\" src=\"https:\/\/www.t-online.de\/s\/paper\/_next\/static\/media\/audio-volume.6689034c.svg\" alt=\"\" title=\"\" class=\"block h-[calc(var(--height)_\/_16_*_1rem)] w-[calc(var(--width)_\/_16_*_1rem)] max-w-none group-hover:brightness-0 group-hover:invert\" style=\"--width:16;--height:16\" decoding=\"async\"\/>Vorlesen<\/p>\n<p>Aktuelle Zeit:0:00Gesamtdauer:0:00<\/p>\n<p>1x<\/p>\n<p class=\"text-center\">Jetzt neu bei t-online:<\/p>\n<p class=\"text-center\">Schriftgr\u00f6\u00dfe anpassen!<\/p>\n<p><img loading=\"lazy\" src=\"https:\/\/www.t-online.de\/s\/paper\/_next\/static\/media\/font-sizes.32942e33.svg\" alt=\"\" title=\"\" class=\"block h-[calc(var(--height)_\/_16_*_1rem)] w-[calc(var(--width)_\/_16_*_1rem)] max-w-none group-hover:hidden group-aria-expanded:hidden\" style=\"--width:16;--height:16\" decoding=\"async\"\/><img loading=\"lazy\" src=\"https:\/\/www.t-online.de\/s\/paper\/_next\/static\/media\/font-sizes-dark-mode.e382645c.svg\" alt=\"\" title=\"\" class=\"block h-[calc(var(--height)_\/_16_*_1rem)] w-[calc(var(--width)_\/_16_*_1rem)] max-w-none hidden group-hover:block group-aria-expanded:block\" style=\"--width:16;--height:16\" decoding=\"async\"\/><img loading=\"lazy\" src=\"https:\/\/www.t-online.de\/s\/paper\/_next\/static\/media\/sharing-menu-icon.1eb71368.svg\" alt=\"\" title=\"\" class=\"block h-[calc(var(--height)_\/_16_*_1rem)] w-[calc(var(--width)_\/_16_*_1rem)] max-w-none group-hover:brightness-0 group-hover:invert\" style=\"--width:16;--height:16\" decoding=\"async\"\/>Artikel teilen<\/p>\n<p class=\"font-bold text-18 leading-17 user-text-lg:text-22 user-text-xl:text-24\">Am Sonntag will Spanien gegen Titelverteidiger Argentinien den WM-Titel gewinnen. Doch die Vorbereitung l\u00e4uft nicht optimal.<\/p>\n<p class=\"text-18 leading-17 user-text-lg:text-22 user-text-xl:text-24\">Die <a href=\"https:\/\/www.t-online.de\/themen\/nationalmannschaft-spanien\/\" class=\"transition-colors cursor-pointer no-underline md:hover:text-magenta md:focus:text-magenta border-b border-solid border-current text-salemsfur md:hover:border-magenta\" data-tracking=\"{&quot;action&quot;:&quot;click&quot;,&quot;category&quot;:&quot;intextLink&quot;,&quot;label&quot;:&quot;\/themen\/nationalmannschaft-spanien\/&quot;}\" data-sctrack=\"BodyAnchor\" rel=\"nofollow noopener\" target=\"_blank\">spanische Nationalmannschaft<\/a> musste einen Tag vor dem Finale der <a href=\"https:\/\/www.t-online.de\/themen\/fussball-wm-2026\/\" class=\"transition-colors cursor-pointer no-underline md:hover:text-magenta md:focus:text-magenta border-b border-solid border-current text-salemsfur md:hover:border-magenta\" data-tracking=\"{&quot;action&quot;:&quot;click&quot;,&quot;category&quot;:&quot;intextLink&quot;,&quot;label&quot;:&quot;\/themen\/fussball-wm-2026\/&quot;}\" data-sctrack=\"BodyAnchor\" rel=\"nofollow noopener\" target=\"_blank\">Fu\u00dfball-WM<\/a> am Sonntag das Abschlusstraining absagen. Eigentlich sollte die Einheit um 11 Uhr Ortszeit (17 Uhr deutscher Zeit) auf dem fr\u00fcheren Trainingsgel\u00e4nde der New York Red Bulls in Whippany im Bundesstaat New Jersey steigen. Doch ein <a href=\"https:\/\/www.t-online.de\/themen\/unwetter\/\" class=\"transition-colors cursor-pointer no-underline md:hover:text-magenta md:focus:text-magenta border-b border-solid border-current text-salemsfur md:hover:border-magenta\" data-tracking=\"{&quot;action&quot;:&quot;click&quot;,&quot;category&quot;:&quot;intextLink&quot;,&quot;label&quot;:&quot;\/themen\/unwetter\/&quot;}\" data-sctrack=\"BodyAnchor\" rel=\"nofollow noopener\" target=\"_blank\">Unwetter<\/a> in der Gegend verursachte zun\u00e4chst eine Versp\u00e4tung und schlie\u00dflich sogar eine Absage.<\/p>\n<p class=\"text-18 leading-17 user-text-lg:text-22 user-text-xl:text-24\">In den USA gelten strikte Unwetterprotokolle, die w\u00e4hrend des WM-Turniers auch schon Verz\u00f6gerungen bei einigen Spielen ausgel\u00f6st hatten. Wenn Blitze im Umkreis von acht Meilen entdeckt werden, m\u00fcssen die Spiele unterbrochen werden, bis 30 Minuten lang keine Blitze mehr gesichtet werden. Auch das Training von Spaniens Finalgegner Argentinien, das f\u00fcnf Meilen entfernt stattfand, konnte aufgrund des Unwetters nur mit 45-min\u00fctiger Versp\u00e4tung um 12.15 Uhr beginnen.<\/p>\n<p class=\"text-18 leading-17 user-text-lg:text-22 user-text-xl:text-24\">Mit dem letzten Training entf\u00e4llt damit auch der H\u00e4rtetest f\u00fcr Spaniens zuletzt angeschlagenen Jungstar <a href=\"https:\/\/www.t-online.de\/themen\/lamine-yamal\/\" class=\"transition-colors cursor-pointer no-underline md:hover:text-magenta md:focus:text-magenta border-b border-solid border-current text-salemsfur md:hover:border-magenta\" data-tracking=\"{&quot;action&quot;:&quot;click&quot;,&quot;category&quot;:&quot;intextLink&quot;,&quot;label&quot;:&quot;\/themen\/lamine-yamal\/&quot;}\" data-sctrack=\"BodyAnchor\" rel=\"nofollow noopener\" target=\"_blank\">Lamine Yamal<\/a>. Der 19-J\u00e4hrige hatte im Halbfinale gegen Frankreich einen Schlag auf den Oberschenkel bekommen und am Donnerstag nicht trainiert. Nationaltrainer Luis de la Fuente sagte in der Pressekonferenz vor dem Finale, der Barcelona-Star habe am Freitag mit seinen Kollegen auf dem Platz gestanden, betonte aber auch die Wichtigkeit der f\u00fcr Samstag geplanten letzten Einheit. Diesen Test konnte Spanien Yamal und dem ebenfalls angeschlagenen Pedro Porro, der gegen Frankreich das 2:0 erzielt hatte, nun nicht erm\u00f6glichen.<\/p>\n<p>Im Video | Trump l\u00e4sst Fifa-Chef auflaufen<\/p>\n<p><img loading=\"lazy\" src=\"https:\/\/www.t-online.de\/s\/paper\/_next\/static\/media\/loading-indicator-magenta.1f35d8de.svg\" alt=\"Video l\u00e4dt\" title=\"Video l\u00e4dt\" class=\"block h-[calc(var(--height)_\/_16_*_1rem)] w-[calc(var(--width)_\/_16_*_1rem)] max-w-none undefined\" style=\"--width:32;--height:32\" decoding=\"async\"\/>Player wird geladen<\/p>\n<p class=\"text-18 leading-17 user-text-lg:text-22 user-text-xl:text-24\">Das Wettertief mit Gewittern, viel Regen und sinkenden Temperaturen sollte die zuletzt schlechte Luftqualit\u00e4t verbessern und f\u00fcr gute Werte am Final-Spieltag in New Jersey sorgen. Das Spiel beginnt um 21 Uhr deutscher Zeit. Mit diesem Tiefdruckgebiet wurden Winde erwartet, die die seit Tagen \u00fcber der Region h\u00e4ngenden Rauchwolken gen Norden verdr\u00e4ngen k\u00f6nnten, hie\u00df es in der Vorhersage vom nationalen Wetterdienst.<\/p>\n<p class=\"text-18 leading-17 user-text-lg:text-22 user-text-xl:text-24\">Kanadische Waldbr\u00e4nde hatten unter der Woche Rauchschwaden \u00fcber der Metropole heraufziehen lassen. F\u00fcr Sonntag soll es wieder sonnig sein \u2013 bei Temperaturen um 27 Grad Celsius. Am Samstag hatten die Beh\u00f6rden die Luftqualit\u00e4t noch als &#8222;Ungesund f\u00fcr empfindliche Gruppen&#8220; eingestuft, vor allem f\u00fcr Kinder und \u00e4ltere Menschen.<\/p>\n","protected":false},"excerpt":{"rendered":"Endspiel am Sonntag Vor WM-Finale: Spanien muss Abschlusstraining absagen 18.07.2026 &#8211; 19:23 UhrLesedauer: 2 Min. Lamine Yamal: Das&hellip;\n","protected":false},"author":2,"featured_media":1176705,"comment_status":"","ping_status":"","sticky":false,"template":"","format":"standard","meta":{"footnotes":"","_share_on_mastodon":"0"},"categories":[5],"tags":[49473,331,332,12932,3364,29,2362,3058,156,30,13,13015,14,57965,25053,1656,15,12,4026,4028,64,246207,59416,146265],"class_list":["post-1176704","post","type-post","status-publish","format-standard","has-post-thumbnail","category-nachrichten","tag-abschlusstraining","tag-aktuelle-nachrichten","tag-aktuelle-news","tag-argentinien","tag-de","tag-deutschland","tag-endspiel","tag-england","tag-frankreich","tag-germany","tag-headlines","tag-lamine-yamal","tag-nachrichten","tag-nationalmannschaft-spanien","tag-new-jersey","tag-new-york-red-bulls","tag-news","tag-schlagzeilen","tag-spanien","tag-unwetter","tag-usa","tag-whippany","tag-wm-2026","tag-wm-finale"],"share_on_mastodon":{"url":"https:\/\/pubeurope.com\/@de\/116943384686906645","error":""},"_links":{"self":[{"href":"https:\/\/www.europesays.com\/de\/wp-json\/wp\/v2\/posts\/1176704","targetHints":{"allow":["GET"]}}],"collection":[{"href":"https:\/\/www.europesays.com\/de\/wp-json\/wp\/v2\/posts"}],"about":[{"href":"https:\/\/www.europesays.com\/de\/wp-json\/wp\/v2\/types\/post"}],"author":[{"embeddable":true,"href":"https:\/\/www.europesays.com\/de\/wp-json\/wp\/v2\/users\/2"}],"replies":[{"embeddable":true,"href":"https:\/\/www.europesays.com\/de\/wp-json\/wp\/v2\/comments?post=1176704"}],"version-history":[{"count":0,"href":"https:\/\/www.europesays.com\/de\/wp-json\/wp\/v2\/posts\/1176704\/revisions"}],"wp:featuredmedia":[{"embeddable":true,"href":"https:\/\/www.europesays.com\/de\/wp-json\/wp\/v2\/media\/1176705"}],"wp:attachment":[{"href":"https:\/\/www.europesays.com\/de\/wp-json\/wp\/v2\/media?parent=1176704"}],"wp:term":[{"taxonomy":"category","embeddable":true,"href":"https:\/\/www.europesays.com\/de\/wp-json\/wp\/v2\/categories?post=1176704"},{"taxonomy":"post_tag","embeddable":true,"href":"https:\/\/www.europesays.com\/de\/wp-json\/wp\/v2\/tags?post=1176704"}],"curies":[{"name":"wp","href":"https:\/\/api.w.org\/{rel}","templated":true}]}}