{"id":1177019,"date":"2026-07-19T02:17:15","date_gmt":"2026-07-19T02:17:15","guid":{"rendered":"https:\/\/www.europesays.com\/de\/1177019\/"},"modified":"2026-07-19T02:17:15","modified_gmt":"2026-07-19T02:17:15","slug":"fortuna-duesseldorf-transfer-von-mainz-profi-im-schnellverfahren","status":"publish","type":"post","link":"https:\/\/www.europesays.com\/de\/1177019\/","title":{"rendered":"Fortuna D\u00fcsseldorf: Transfer von Mainz-Profi im Schnellverfahren"},"content":{"rendered":"<p class=\"text_ohne_einzug richtext text-em-55 !leading-serif mx-6 desktop:mx-0\">In Bad Leonfelden genie\u00dft er das neue Umfeld sichtlich, Lasse Rie\u00df verspr\u00fcht im Trainingslager in Ober\u00f6sterreich eine gute Stimmung. Ihm ist im Grunde in jeder Trainingseinheit anzumerken, dass er sich so richtig auf die Chance freut, sich Woche f\u00fcr Woche zeigen zu k\u00f6nnen. Das ist der Plan der neuen Nummer eins f\u00fcr seine Saison in D\u00fcsseldorf \u2013 und auch das, was sich Trainer Alexander Ende und Samir Arabi von der Leihe erhoffen. Gemeinsam mit dem neuen Torwarttrainer Fynn M\u00fcller \u00fcberzeugten sie den 24-J\u00e4hrigen, in die Dritte Liga zu wechseln. Dann kam es zum Wechsel im Schnellverfahren.<\/p>\n","protected":false},"excerpt":{"rendered":"In Bad Leonfelden genie\u00dft er das neue Umfeld sichtlich, Lasse Rie\u00df verspr\u00fcht im Trainingslager in Ober\u00f6sterreich eine gute&hellip;\n","protected":false},"author":2,"featured_media":1177020,"comment_status":"","ping_status":"","sticky":false,"template":"","format":"standard","meta":{"footnotes":"","_share_on_mastodon":"0"},"categories":[1831],"tags":[3364,29,3405,17659,71691,30,10920,19763,1209,9872,246257,9387,223324,230176,5421],"class_list":["post-1177019","post","type-post","status-publish","format-standard","has-post-thumbnail","category-duesseldorf","tag-de","tag-deutschland","tag-duesseldorf","tag-eins","tag-erfahren","tag-germany","tag-kastenmeier","tag-leihe","tag-nordrhein-westfalen","tag-nummer","tag-riess","tag-saison","tag-samir-arabi","tag-schnellverfahren","tag-wechsel"],"share_on_mastodon":{"url":"","error":""},"_links":{"self":[{"href":"https:\/\/www.europesays.com\/de\/wp-json\/wp\/v2\/posts\/1177019","targetHints":{"allow":["GET"]}}],"collection":[{"href":"https:\/\/www.europesays.com\/de\/wp-json\/wp\/v2\/posts"}],"about":[{"href":"https:\/\/www.europesays.com\/de\/wp-json\/wp\/v2\/types\/post"}],"author":[{"embeddable":true,"href":"https:\/\/www.europesays.com\/de\/wp-json\/wp\/v2\/users\/2"}],"replies":[{"embeddable":true,"href":"https:\/\/www.europesays.com\/de\/wp-json\/wp\/v2\/comments?post=1177019"}],"version-history":[{"count":0,"href":"https:\/\/www.europesays.com\/de\/wp-json\/wp\/v2\/posts\/1177019\/revisions"}],"wp:featuredmedia":[{"embeddable":true,"href":"https:\/\/www.europesays.com\/de\/wp-json\/wp\/v2\/media\/1177020"}],"wp:attachment":[{"href":"https:\/\/www.europesays.com\/de\/wp-json\/wp\/v2\/media?parent=1177019"}],"wp:term":[{"taxonomy":"category","embeddable":true,"href":"https:\/\/www.europesays.com\/de\/wp-json\/wp\/v2\/categories?post=1177019"},{"taxonomy":"post_tag","embeddable":true,"href":"https:\/\/www.europesays.com\/de\/wp-json\/wp\/v2\/tags?post=1177019"}],"curies":[{"name":"wp","href":"https:\/\/api.w.org\/{rel}","templated":true}]}}