{"id":1177033,"date":"2026-07-19T02:24:23","date_gmt":"2026-07-19T02:24:23","guid":{"rendered":"https:\/\/www.europesays.com\/de\/1177033\/"},"modified":"2026-07-19T02:24:23","modified_gmt":"2026-07-19T02:24:23","slug":"comeback-der-clubszene-warum-auf-der-muenchner-leopoldstrasse-wieder-nachts-gefeiert-wird","status":"publish","type":"post","link":"https:\/\/www.europesays.com\/de\/1177033\/","title":{"rendered":"Comeback der Clubszene? Warum auf der M\u00fcnchner Leopoldstra\u00dfe wieder nachts gefeiert wird"},"content":{"rendered":"<p>Die <a href=\"https:\/\/www.abendzeitung-muenchen.de\/thema\/leopoldstrasse\/\" rel=\"nofollow noopener\" target=\"_blank\">Leopoldstra\u00dfe<\/a> war einst eine der wichtigsten Ausgehadressen M\u00fcnchens. In den 80er-Jahren reihten sich Kneipen, Musikbars und Nachtlokale aneinander. Diese Zeiten sind l\u00e4ngst vorbei \u2013 doch nun versucht ein neues Konzept, wieder Leben in die Nacht der Schwabinger Meile zu bringen.<\/p>\n<p>Einen Club zu er\u00f6ffnen, ist heutzutage ein mutiger Schritt. Die gro\u00dfen Diskotheken vergangener Jahrzehnte sind verschwunden, viele Kellerlokale haben geschlossen. Die neuen Betreiber des Frida in der Leopoldstra\u00dfe 16 wollten die R\u00e4ume im Untergeschoss trotzdem nicht ungenutzt lassen. Am vergangenen Wochenende er\u00f6ffneten sie dort den Xolo-Club.<\/p>\n<p>Neuer\u00f6ffnung an der Leopoldstra\u00dfe &#8222;Ein Platz f\u00fcr jedermann&#8220;<\/p>\n<p>Bereits Anfang des Jahres \u00fcbernahm Sandra Gulati (Abasto Hotels) das ehemalige Tijuana in der Leopoldstra\u00dfe 13. Ihre Idee: ein Ort, der m\u00f6glichst viele Menschen zusammenbringt. &#8222;Wir haben uns gew\u00fcnscht, dass es hier auf der Leopoldstra\u00dfe wieder einen Platz gibt, der ein bisschen f\u00fcr jedermann ist&#8220;, sagt Gulati.<\/p>\n<p>      <img decoding=\"async\" loading=\"lazy\" src=\"https:\/\/www.europesays.com\/de\/wp-content\/uploads\/2026\/07\/1715069_leopoldstrae-gastro-10726-008-foto-sigi-muller_artikelbild-100proz_1GmWee_TxBJ8S.jpg\" alt=\"Sarbast Hassan Ali (l.) ist Betriebsleiter im Frida und DJ Andr\u00e6 entwickelte das Konzept f\u00fcr den Club Xolo.\" title=\"Sarbast Hassan Ali (l.) ist Betriebsleiter im Frida und DJ Andr\u00e6 entwickelte das Konzept f\u00fcr den Club Xolo.\" width=\"812\" height=\"541\"\/><\/p>\n<p>      Sarbast Hassan Ali (l.) ist Betriebsleiter im Frida und DJ Andr\u00e6 entwickelte das Konzept f\u00fcr den Club Xolo.<br \/>\n      \u00a9 Sigi M\u00fcller<\/p>\n<p>    Sarbast Hassan Ali (l.) ist Betriebsleiter im Frida und DJ Andr\u00e6 entwickelte das Konzept f\u00fcr den Club Xolo.<\/p>\n<p>von Sigi M\u00fcller <\/p>\n<p>&#8222;}&#8220;&gt; <\/p>\n<p>Das mexikanische Konzept des Vorg\u00e4ngers blieb in Teilen erhalten, wurde aber um weitere s\u00fcdamerikanische Einfl\u00fcsse erg\u00e4nzt. Auf der Karte stehen etwa dreierlei Tacos mit &#8222;Pulled Chicken&#8220; f\u00fcr 17 Euro oder argentinisches Rinderfilet mit Salat f\u00fcr 32 Euro.<\/p>\n<p>&#8222;Wir sind weder klassischer Mexikaner noch Shisha-Bar, Asiate oder High Society&#8220;, sagt Gulati. Der Name Frida Kahlo stehe f\u00fcr Weltoffenheit und Vielfalt. Genau dieses Gef\u00fchl wolle man auch im Lokal vermitteln.<\/p>\n<p>Gro\u00dfe Terrasse mit 300 Pl\u00e4tzen<\/p>\n<p>Mit seiner gro\u00dfen Terrasse bringt das Frida eine Besonderheit an die Leopoldstra\u00dfe: Rund 300 G\u00e4ste finden dort Platz. Gulati sieht darin auch eine Chance f\u00fcr die Stra\u00dfe, die ihrer Meinung nach in den vergangenen Jahren an Attraktivit\u00e4t verloren habe. Zu viele Shisha-Bars und austauschbare Konzepte h\u00e4tten das Bild gepr\u00e4gt.<\/p>\n<blockquote>\n<p>Wir wollen die Schwabinger wieder zur\u00fcckholen<\/p>\n<\/blockquote>\n<p>Nun wolle man die Menschen wieder zur\u00fcck auf die gro\u00dfe Meile holen. &#8222;Wir wollen die Schwabinger, die sich inzwischen alle in den Seitenstra\u00dfen aufhalten, wieder zur\u00fcckholen&#8220;, sagt auch Gulati. Gleichzeitig beobachte sie bereits eine positive Entwicklung. Neue Gastronomiekonzepte k\u00f6nnten helfen, das Vertrauen der Anwohner zur\u00fcckzugewinnen.<\/p>\n<p>Neuer Club f\u00fcr die Leopoldstra\u00dfe<\/p>\n<p>Dazu geh\u00f6rt auch das Nachtleben. W\u00e4hrend die Vorg\u00e4nger des Tijuana die R\u00e4ume im Untergeschoss nur f\u00fcr einzelne Veranstaltungen nutzten, setzt die Betreiberfamilie Gulati nun auf einen festen Clubbetrieb.<\/p>\n<p>      <img decoding=\"async\" loading=\"lazy\" src=\"https:\/\/www.europesays.com\/de\/wp-content\/uploads\/2026\/07\/1715070_leopoldstrae-gastro-10726-006-foto-sigi-muller_artikelbild-100proz_1Gmtyo_F8Kx0H.jpg\" alt=\"Auf der Karte des Fridas stehen etwa dreierlei Tacos mit \u201ePulled Chicken\u201c f\u00fcr 17 Euro.\" title=\"Auf der Karte des Fridas stehen etwa dreierlei Tacos mit \u201ePulled Chicken\u201c f\u00fcr 17 Euro.\" width=\"812\" height=\"541\"\/><\/p>\n<p>      Auf der Karte des Fridas stehen etwa dreierlei Tacos mit \u201ePulled Chicken\u201c f\u00fcr 17 Euro.<br \/>\n      \u00a9 Sigi M\u00fcller<\/p>\n<p>    Auf der Karte des Fridas stehen etwa dreierlei Tacos mit \u201ePulled Chicken\u201c f\u00fcr 17 Euro.<\/p>\n<p>von Sigi M\u00fcller <\/p>\n<p>&#8222;}&#8220;&gt; <\/p>\n<p>&#8222;Die Fl\u00e4che bietet sich an und die Konzession ist da&#8220;, sagt Gulati. Dass es in der Leopoldstra\u00dfe inzwischen nur noch wenige Clubs gibt, sieht sie als Chance. &#8222;Das war fr\u00fcher mal anders&#8220;, sagt die Gastronomin. &#8222;Und das kann ja auch wieder so werden.&#8220;<\/p>\n","protected":false},"excerpt":{"rendered":"Die Leopoldstra\u00dfe war einst eine der wichtigsten Ausgehadressen M\u00fcnchens. In den 80er-Jahren reihten sich Kneipen, Musikbars und Nachtlokale&hellip;\n","protected":false},"author":2,"featured_media":1177034,"comment_status":"","ping_status":"","sticky":false,"template":"","format":"standard","meta":{"footnotes":"","_share_on_mastodon":"0"},"categories":[1827],"tags":[772,5238,29,24396,30,8177,1268,810],"class_list":["post-1177033","post","type-post","status-publish","format-standard","has-post-thumbnail","category-muenchen","tag-bayern","tag-club","tag-deutschland","tag-feiern","tag-germany","tag-leopoldstrasse","tag-muenchen","tag-musik"],"share_on_mastodon":{"url":"https:\/\/pubeurope.com\/@de\/116944272847935419","error":""},"_links":{"self":[{"href":"https:\/\/www.europesays.com\/de\/wp-json\/wp\/v2\/posts\/1177033","targetHints":{"allow":["GET"]}}],"collection":[{"href":"https:\/\/www.europesays.com\/de\/wp-json\/wp\/v2\/posts"}],"about":[{"href":"https:\/\/www.europesays.com\/de\/wp-json\/wp\/v2\/types\/post"}],"author":[{"embeddable":true,"href":"https:\/\/www.europesays.com\/de\/wp-json\/wp\/v2\/users\/2"}],"replies":[{"embeddable":true,"href":"https:\/\/www.europesays.com\/de\/wp-json\/wp\/v2\/comments?post=1177033"}],"version-history":[{"count":0,"href":"https:\/\/www.europesays.com\/de\/wp-json\/wp\/v2\/posts\/1177033\/revisions"}],"wp:featuredmedia":[{"embeddable":true,"href":"https:\/\/www.europesays.com\/de\/wp-json\/wp\/v2\/media\/1177034"}],"wp:attachment":[{"href":"https:\/\/www.europesays.com\/de\/wp-json\/wp\/v2\/media?parent=1177033"}],"wp:term":[{"taxonomy":"category","embeddable":true,"href":"https:\/\/www.europesays.com\/de\/wp-json\/wp\/v2\/categories?post=1177033"},{"taxonomy":"post_tag","embeddable":true,"href":"https:\/\/www.europesays.com\/de\/wp-json\/wp\/v2\/tags?post=1177033"}],"curies":[{"name":"wp","href":"https:\/\/api.w.org\/{rel}","templated":true}]}}