{"id":1177081,"date":"2026-07-19T02:55:12","date_gmt":"2026-07-19T02:55:12","guid":{"rendered":"https:\/\/www.europesays.com\/de\/1177081\/"},"modified":"2026-07-19T02:55:12","modified_gmt":"2026-07-19T02:55:12","slug":"eintracht-braunschweig-gewinnt-testspiel-gegen-tsv-havelse-niedersachsen","status":"publish","type":"post","link":"https:\/\/www.europesays.com\/de\/1177081\/","title":{"rendered":"Eintracht Braunschweig gewinnt Testspiel gegen TSV Havelse | Niedersachsen"},"content":{"rendered":"<p>Es war der erste H\u00e4rtetest f\u00fcr Eintracht Braunschweig in der Vorbereitung auf die 2. Bundesliga. Mit etwas M\u00fche gewinnt der Favorit. Zwei Neuzug\u00e4nge treffen.<\/p>\n<p id=\"absatz1\" class=\"em_text\">Fu\u00dfball-Zweitligist Eintracht Braunschweig hat auch das dritte Vorbereitungsspiel auf die neue Saison gewonnen. Gegen den Drittligisten TSV Havelse gewannen die Niedersachsen in Wolfenb\u00fcttel mit 2:1 (1:1). Zuvor hatte das Team von Trainer Lars Kornetka bereits gegen zwei unterklassige Mannschaften deutlich gewonnen.<\/p>\n<p id=\"absatz2\" class=\"em_text\">Die Neuzugang Yann Sturm (16.) und Jan Urbich (58.) trafen f\u00fcr die Braunschweiger. Den zwischenzeitlichen Ausgleich hatte Kevin Schumacher (38.) markiert.<\/p>\n<p id=\"absatz4\" class=\"em_text\">Die Eintracht geht am Donnerstag f\u00fcr eine Woche ins Trainingslager ins \u00f6sterreichische Windischgarsten. Dort bestreitet der Club am Samstag (18.00 Uhr) ein Testspiel gegen den \u00f6sterreichischen Zweitligisten BW Linz. <\/p>\n","protected":false},"excerpt":{"rendered":"Es war der erste H\u00e4rtetest f\u00fcr Eintracht Braunschweig in der Vorbereitung auf die 2. Bundesliga. Mit etwas M\u00fche&hellip;\n","protected":false},"author":2,"featured_media":1177082,"comment_status":"","ping_status":"","sticky":false,"template":"","format":"standard","meta":{"footnotes":"","_share_on_mastodon":"0"},"categories":[1850],"tags":[6429,3364,29,8704,548,663,3934,347,30,13,191742,14,15,1411,12,11460,27050,57305,18738],"class_list":["post-1177081","post","type-post","status-publish","format-standard","has-post-thumbnail","category-braunschweig","tag-braunschweig","tag-de","tag-deutschland","tag-eintracht-braunschweig","tag-eu","tag-europa","tag-europe","tag-fussball","tag-germany","tag-headlines","tag-lars-kornetka","tag-nachrichten","tag-news","tag-niedersachsen","tag-schlagzeilen","tag-testspiel","tag-tsv-havelse","tag-vorbereitungsspiel","tag-wolfenbuettel"],"share_on_mastodon":{"url":"https:\/\/pubeurope.com\/@de\/116944393113418385","error":""},"_links":{"self":[{"href":"https:\/\/www.europesays.com\/de\/wp-json\/wp\/v2\/posts\/1177081","targetHints":{"allow":["GET"]}}],"collection":[{"href":"https:\/\/www.europesays.com\/de\/wp-json\/wp\/v2\/posts"}],"about":[{"href":"https:\/\/www.europesays.com\/de\/wp-json\/wp\/v2\/types\/post"}],"author":[{"embeddable":true,"href":"https:\/\/www.europesays.com\/de\/wp-json\/wp\/v2\/users\/2"}],"replies":[{"embeddable":true,"href":"https:\/\/www.europesays.com\/de\/wp-json\/wp\/v2\/comments?post=1177081"}],"version-history":[{"count":0,"href":"https:\/\/www.europesays.com\/de\/wp-json\/wp\/v2\/posts\/1177081\/revisions"}],"wp:featuredmedia":[{"embeddable":true,"href":"https:\/\/www.europesays.com\/de\/wp-json\/wp\/v2\/media\/1177082"}],"wp:attachment":[{"href":"https:\/\/www.europesays.com\/de\/wp-json\/wp\/v2\/media?parent=1177081"}],"wp:term":[{"taxonomy":"category","embeddable":true,"href":"https:\/\/www.europesays.com\/de\/wp-json\/wp\/v2\/categories?post=1177081"},{"taxonomy":"post_tag","embeddable":true,"href":"https:\/\/www.europesays.com\/de\/wp-json\/wp\/v2\/tags?post=1177081"}],"curies":[{"name":"wp","href":"https:\/\/api.w.org\/{rel}","templated":true}]}}