{"id":1177192,"date":"2026-07-19T04:21:19","date_gmt":"2026-07-19T04:21:19","guid":{"rendered":"https:\/\/www.europesays.com\/de\/1177192\/"},"modified":"2026-07-19T04:21:19","modified_gmt":"2026-07-19T04:21:19","slug":"thomas-gottschalk-ueber-das-leben-nach-der-krebserkrankung-ich-muss-meine-zaehne-mit-der-linken-hand-putzen","status":"publish","type":"post","link":"https:\/\/www.europesays.com\/de\/1177192\/","title":{"rendered":"Thomas Gottschalk \u00fcber das Leben nach der Krebserkrankung \u2013 \u201eIch muss meine Z\u00e4hne mit der linken Hand putzen\u201c"},"content":{"rendered":"<p>Nach monatelanger Auszeit wegen seiner Krebserkrankung meldet sich Thomas Gottschalk zu Wort. Er sei aktuell krebsfrei und k\u00f6nne trainieren. Die B\u00fchne vermisse er nicht.<\/p>\n<p class=\"is-first-paragraph\" data-external=\"Article.FirstParagraph\">TV-Legende Thomas Gottschalk ist nach seiner schweren Krebserkrankung offenbar auf dem Weg der Genesung. \u201eNach Auskunft der \u00c4rzte bin ich momentan krebsfrei\u201c, sagte der 76-J\u00e4hrige der \u201eBild\u201c-Zeitung. Seine letzte Untersuchung habe ergeben, dass er keinerlei Krebszellen mehr im K\u00f6rper habe. \u201eDas ist eine gute Nachricht, und ich bin nat\u00fcrlich entsprechend froh, dass ich diese Auskunft geben kann.\u201c<\/p>\n<p>Laut des Berichts habe sich Gottschalk bislang zwei mehrst\u00fcndigen Operationen und 33 Bestrahlungen unterziehen m\u00fcssen. Medikamente nehme er derzeit keine, bekomme allerdings alle zwei Wochen eine spezielle Impfung.<\/p>\n<p>Gottschalk, der am 18. Mai 76 Jahre alt wurde, hatte Ende November vergangenen Jahres bekanntgegeben, an <a class=\"is-link c-block-items__link c-link--rich-text-renderer\" href=\"https:\/\/www.welt.de\/themen\/krebs\/\" data-internal-tracking-enabled=\"true\" data-internal-tracking=\"{&quot;action&quot;:&quot;click&quot;,&quot;label&quot;:&quot;link&quot;,&quot;name&quot;:&quot;Inline Element&quot;,&quot;data&quot;:{&quot;source&quot;:&quot;&quot;,&quot;target&quot;:&quot;https:\/\/www.welt.de\/themen\/krebs\/&quot;,&quot;trackingName&quot;:&quot;&quot;,&quot;trackingLabel&quot;:&quot;&quot;}}\" rel=\"nofollow noopener\" target=\"_blank\">Krebs<\/a> erkrankt zu sein. Er hatte die Diagnose \u00f6ffentlich gemacht, nachdem er bei der Verleihung der Romy-Gala in Kitzb\u00fchel wie zuvor schon bei der Bambi-Verleihung in M\u00fcnchen einen unsicheren Eindruck hinterlassen und damit f\u00fcr Irritationen gesorgt hatte.<\/p>\n<p>Seine Krebsdiagnose hatte weithin Betroffenheit ausgel\u00f6st. Im Dezember verabschiedete er sich von der RTL-Show \u201eDenn sie wissen nicht, was passiert\u201c \u2013 und zugleich von der TV-B\u00fchne.<\/p>\n<p>Ehefrau Karina immer an seiner Seite<\/p>\n<p>Gottschalk-Ehefrau Karina war laut dem Bericht bei jedem Arzttermin dabei, bei jeder Bestrahlung. \u201eIch habe ihn nie allein gelassen, keine Sekunde\u201c, berichtet sie in dem \u201eBild\u201c-Interview. Inzwischen trainiert Gottschalk wieder. \u201eIch mache Krafttraining, zwei- bis dreimal pro Woche kommt ein Personal Trainer. Karina und ich gehen viel spazieren und schwimmen in unserem Pool. Ich muss die Z\u00e4hne mit der linken Hand putzen, weil es gut f\u00fcr die Koordination des Hirns und des Stehverm\u00f6gens ist. Ich folge den \u00c4rzten und meinem Personal Trainer, wo es geht.\u201c<\/p>\n<p>Angst habe er in all der Zeit keine gehabt. \u201eEs hat keinen Sinn, den Tod herbeizuzitieren oder in irgendeiner Form zu f\u00fcrchten. Ich bin da entspannt, wie Karina auch. Ich habe mir nie Gedanken gemacht, wie es mit mir enden k\u00f6nnte\u201c, sagte Gottschalk.<\/p>\n<p>Monatelang war nichts von Gottschalk zu h\u00f6ren gewesen. Ende April war eine f\u00fcr den 9. Mai geplante Verleihung des \u201eGoldenen Ochsensepp\u201c an \u00d6sterreichs fr\u00fcheren Bundeskanzler Sebastian Kurz, die Gottschalk h\u00e4tte moderieren sollen, auf den 5. September verschoben worden. Dem \u201eSpiegel\u201c schrieb Gottschalk damals dazu: \u201eIch werde mich vor dem Herbst nicht \u00f6ffentlich auf die B\u00fchne stellen, weder f\u00fcr Kurz noch f\u00fcr jemanden anderen! Danach schauen wir mal, was die Gesundheit macht.\u201c<\/p>\n<p>Die B\u00fchne vermisse Gottschalk nicht. \u201eMir fehlt gar nichts\u201c, sagte er. Und weiter: \u201eIch habe mich nie so richtig wichtig genommen. Ich habe nie so das Gef\u00fchl gehabt: Ohne mich geht es nicht. \u201aWetten, dass..?\u2018 war im Grunde f\u00fcr mich ein Spa\u00df, den ich mir regelm\u00e4\u00dfig geg\u00f6nnt habe.\u201c<\/p>\n<p>luwi mit dpa<\/p>\n","protected":false},"excerpt":{"rendered":"Nach monatelanger Auszeit wegen seiner Krebserkrankung meldet sich Thomas Gottschalk zu Wort. Er sei aktuell krebsfrei und k\u00f6nne&hellip;\n","protected":false},"author":2,"featured_media":1177193,"comment_status":"","ping_status":"","sticky":false,"template":"","format":"standard","meta":{"footnotes":"","_share_on_mastodon":"0"},"categories":[155],"tags":[29,214,30,104535,1080,145855,110,45,138481,215],"class_list":["post-1177192","post","type-post","status-publish","format-standard","has-post-thumbnail","category-unterhaltung","tag-deutschland","tag-entertainment","tag-germany","tag-gottschalk","tag-krebs","tag-krebsarten","tag-newsteam","tag-texttospeech","tag-thomas-showmaster","tag-unterhaltung"],"share_on_mastodon":{"url":"https:\/\/pubeurope.com\/@de\/116944731258604032","error":""},"_links":{"self":[{"href":"https:\/\/www.europesays.com\/de\/wp-json\/wp\/v2\/posts\/1177192","targetHints":{"allow":["GET"]}}],"collection":[{"href":"https:\/\/www.europesays.com\/de\/wp-json\/wp\/v2\/posts"}],"about":[{"href":"https:\/\/www.europesays.com\/de\/wp-json\/wp\/v2\/types\/post"}],"author":[{"embeddable":true,"href":"https:\/\/www.europesays.com\/de\/wp-json\/wp\/v2\/users\/2"}],"replies":[{"embeddable":true,"href":"https:\/\/www.europesays.com\/de\/wp-json\/wp\/v2\/comments?post=1177192"}],"version-history":[{"count":0,"href":"https:\/\/www.europesays.com\/de\/wp-json\/wp\/v2\/posts\/1177192\/revisions"}],"wp:featuredmedia":[{"embeddable":true,"href":"https:\/\/www.europesays.com\/de\/wp-json\/wp\/v2\/media\/1177193"}],"wp:attachment":[{"href":"https:\/\/www.europesays.com\/de\/wp-json\/wp\/v2\/media?parent=1177192"}],"wp:term":[{"taxonomy":"category","embeddable":true,"href":"https:\/\/www.europesays.com\/de\/wp-json\/wp\/v2\/categories?post=1177192"},{"taxonomy":"post_tag","embeddable":true,"href":"https:\/\/www.europesays.com\/de\/wp-json\/wp\/v2\/tags?post=1177192"}],"curies":[{"name":"wp","href":"https:\/\/api.w.org\/{rel}","templated":true}]}}