{"id":117721,"date":"2025-05-17T12:37:10","date_gmt":"2025-05-17T12:37:10","guid":{"rendered":"https:\/\/www.europesays.com\/de\/117721\/"},"modified":"2025-05-17T12:37:10","modified_gmt":"2025-05-17T12:37:10","slug":"stadt-markiert-in-der-naechsten-woche-fahrradstreifen-am-augustusplatz-%c2%b7-leipziger-zeitung","status":"publish","type":"post","link":"https:\/\/www.europesays.com\/de\/117721\/","title":{"rendered":"Stadt markiert in der n\u00e4chsten Woche Fahrradstreifen am Augustusplatz \u00b7 Leipziger Zeitung"},"content":{"rendered":"<p>Die Verbesserung der Radfahrbedingungen rund um den Promenadenring geht weiter. Auf rund 170 Metern markiert die Stadt ab Mitte kommender Woche einen weiteren Abschnitt des Radfahrstreifens entlang des Promenadenrings. Konkret geht es um den Bereich vom Augustusplatz auf der inneren Ringfahrbahn entlang des Gewandhauses bis zum Anschluss an die Lenn\u00e9-Anlage. Radfahrerinnen und Radfahrer, die aus Richtung Hauptbahnhof oder Johannisplatz kommen, k\u00f6nnen dann k\u00fcnftig \u00f6stlich am Gewandhaus vorbeifahren.<\/p>\n<p>Sie m\u00fcssen nicht mehr quer \u00fcber den Augustusplatz und an der Moritzbastei vorbei in Richtung Schillerstra\u00dfe fahren. An der Engstelle zwischen dem Kulturzentrum und dem City-Hochhaus \u2013 dem Kurt-Masur-Platz \u2013 kommt es immer wieder zu Konflikten zwischen Fu\u00dfg\u00e4ngerinnen und Radfahrern. Die neue Verkehrsf\u00fchrung soll hier Abhilfe schaffen, betont das Mobilit\u00e4ts- und Tiefbauamt.<\/p>\n<p>F\u00fcr den neuen Radfahrstreifen wird eine der drei Fahrspuren des Kfz-Verkehrs eingezogen. Derzeit nutzen Autos aus den Richtungen Grimmaischer Steinweg sowie Georgiring lediglich jeweils zwei Fahrspuren, die auch fortgef\u00fchrt werden. Durch die neue Verkehrsf\u00fchrung seien daher keine Einschr\u00e4nkungen f\u00fcr Autofahrerinnen und Autofahrer zu erwarten, die Abbiegespur in die Innenstadt bleibt erhalten, betont das MTA.<\/p>\n<p>Um mehr Aufmerksamkeit auf die Radfahrerinnen und Radfahrer zu lenken und die neue Radverkehrsanlage optisch von den rein dem Autoverkehr vorbehaltenen Fahrspuren zu trennen, wird der Asphalt im Farbton \u201eVerkehrsgr\u00fcn\u201c eingef\u00e4rbt.<\/p>\n<p>Dies habe sich bereits auf anderen Abschnitten des Promenadenrings bew\u00e4hrt. Vor den reinen Markierungsarbeiten wurden in den vergangenen Tagen zun\u00e4chst die Anschl\u00fcsse baulich angepasst und die Fahrbahndecke in dem Abschnitt saniert.<\/p>\n<p><img loading=\"lazy\" decoding=\"async\" class=\"size-full wp-image-624476\" src=\"https:\/\/www.europesays.com\/de\/wp-content\/uploads\/2025\/05\/augustus.jpg\" alt=\"Auf diesem Ringabschnitt am Augustusplatz werden in der n\u00e4chsten Woche Fahrradstreifen aufgetragen. Foto: Ralf Julke\" width=\"2250\" height=\"1502\"  \/>Auf diesem Ringabschnitt am Augustusplatz werden in der n\u00e4chsten Woche Fahrradstreifen aufgetragen. Foto: Ralf Julke<\/p>\n<p>Die Bauma\u00dfnahme kostet insgesamt rund 100.000 Euro und soll bis zum 27. Mai abgeschlossen sein. Dies ist jedoch witterungsabh\u00e4ngig: F\u00fcr fachgerechtes Arbeiten mit der gr\u00fcnen Reibeplastik sind trockenes Wetter und weiterhin milde Temperaturen n\u00f6tig.<\/p>\n<p>Eine Verl\u00e4ngerung des neuen Radfahrstreifens in Richtung Neues Rathaus ist vorgesehen, zun\u00e4chst muss jedoch die bestehende Ampel vor der Universit\u00e4tsstra\u00dfe umfangreich neuprogrammiert werden. Entlang der Lenn\u00e9-Anlage f\u00fchrt aktuell ein gemeinsamer Geh- und Radweg, der an den neuen Radfahrstreifen anschlie\u00dft.<\/p>\n<p>Hintergrund auch f\u00fcr diese Ma\u00dfnahme: Nach einem Urteil des Oberverwaltungsgerichts <a href=\"http:\/\/www.leipzig.de\/radfahren-promenadenring\" target=\"_blank\" rel=\"noopener\">war der Promenadenring 2021 erstmals seit 1975 wieder auf einem Abschnitt f\u00fcr den Radverkehr ge\u00f6ffnet worden<\/a>. Dies ist zudem ein Baustein, um die vom Stadtrat beschlossene Mobilit\u00e4tsstrategie 2030 umzusetzen.<\/p>\n","protected":false},"excerpt":{"rendered":"Die Verbesserung der Radfahrbedingungen rund um den Promenadenring geht weiter. Auf rund 170 Metern markiert die Stadt ab&hellip;\n","protected":false},"author":2,"featured_media":117722,"comment_status":"","ping_status":"","sticky":false,"template":"","format":"standard","meta":{"footnotes":""},"categories":[1832],"tags":[3364,29,30,71,45226,8733,859],"class_list":{"0":"post-117721","1":"post","2":"type-post","3":"status-publish","4":"format-standard","5":"has-post-thumbnail","7":"category-leipzig","8":"tag-de","9":"tag-deutschland","10":"tag-germany","11":"tag-leipzig","12":"tag-promenadenring","13":"tag-radweg","14":"tag-sachsen"},"share_on_mastodon":{"url":"https:\/\/pubeurope.com\/@de\/114523212727840916","error":""},"_links":{"self":[{"href":"https:\/\/www.europesays.com\/de\/wp-json\/wp\/v2\/posts\/117721","targetHints":{"allow":["GET"]}}],"collection":[{"href":"https:\/\/www.europesays.com\/de\/wp-json\/wp\/v2\/posts"}],"about":[{"href":"https:\/\/www.europesays.com\/de\/wp-json\/wp\/v2\/types\/post"}],"author":[{"embeddable":true,"href":"https:\/\/www.europesays.com\/de\/wp-json\/wp\/v2\/users\/2"}],"replies":[{"embeddable":true,"href":"https:\/\/www.europesays.com\/de\/wp-json\/wp\/v2\/comments?post=117721"}],"version-history":[{"count":0,"href":"https:\/\/www.europesays.com\/de\/wp-json\/wp\/v2\/posts\/117721\/revisions"}],"wp:featuredmedia":[{"embeddable":true,"href":"https:\/\/www.europesays.com\/de\/wp-json\/wp\/v2\/media\/117722"}],"wp:attachment":[{"href":"https:\/\/www.europesays.com\/de\/wp-json\/wp\/v2\/media?parent=117721"}],"wp:term":[{"taxonomy":"category","embeddable":true,"href":"https:\/\/www.europesays.com\/de\/wp-json\/wp\/v2\/categories?post=117721"},{"taxonomy":"post_tag","embeddable":true,"href":"https:\/\/www.europesays.com\/de\/wp-json\/wp\/v2\/tags?post=117721"}],"curies":[{"name":"wp","href":"https:\/\/api.w.org\/{rel}","templated":true}]}}