{"id":1177282,"date":"2026-07-19T05:28:18","date_gmt":"2026-07-19T05:28:18","guid":{"rendered":"https:\/\/www.europesays.com\/de\/1177282\/"},"modified":"2026-07-19T05:28:18","modified_gmt":"2026-07-19T05:28:18","slug":"muss-der-bvb-bangen-topklub-jagt-wunschspieler-karetsas","status":"publish","type":"post","link":"https:\/\/www.europesays.com\/de\/1177282\/","title":{"rendered":"Muss der BVB bangen? Topklub jagt Wunschspieler Karetsas"},"content":{"rendered":"<p><a href=\"https:\/\/www.fussballdaten.de\/vereine\/borussia-dortmund\/\" title=\"Profil von Borussia Dortmund\" rel=\"nofollow noopener\" target=\"_blank\">Borussia Dortmund<\/a> arbeitet weiterhin mit Hochdruck an einer Verpflichtung von <a href=\"https:\/\/www.fussballdaten.de\/person\/konstantinos-karetsas\/\" title=\"Profil von Konstantinos Karetsas\" rel=\"nofollow noopener\" target=\"_blank\">Konstantinos Karetsas<\/a>. Der 18 Jahre alte Offensivspieler vom KRC <a href=\"https:\/\/www.fussballdaten.de\/vereine\/rc-genk\/\" title=\"Profil von RC Genk\" rel=\"nofollow noopener\" target=\"_blank\">Genk<\/a> gilt intern als Wunschl\u00f6sung f\u00fcr die Nachfolge des abl\u00f6sefrei verabschiedeten Julian Brandt. Allerdings bekommt der BVB im Werben um das griechische Top-Talent nun prominente Konkurrenz.<\/p>\n<p>AC Mailand greift nach Konstantinos Karetsas<\/p>\n<p class=\"mb20 mt30\">Nach Informationen der \u201eBild\u201c hat sich inzwischen auch die <a href=\"https:\/\/www.fussballdaten.de\/vereine\/ac-mailand\/\" title=\"Profil von AC Mailand\" rel=\"nofollow noopener\" target=\"_blank\">AC Mailand<\/a> in den Transferpoker eingeschaltet. Demnach soll insbesondere der neue Trainer Ruben Amorim gro\u00dfes Interesse an einer Verpflichtung des kreativen Mittelfeldspielers haben. Die Rossoneri sollen bereits Kontakt zur Spielerseite aufgenommen haben und bereiten offenbar die n\u00e4chsten Schritte vor.<\/p>\n<p class=\"mb20 mt30\">Trotzdem darf sich Dortmund weiterhin gute Chancen ausrechnen. Zwischen dem Bundesligisten und Karetsas soll laut Informationen von \u201eSky\u201c bereits weitgehend Einigkeit herrschen. Ausschlaggebend daf\u00fcr ist offenbar die intensive Beobachtung des Spielers in den vergangenen zwei Jahren. Immer wieder schickte der BVB Scouts nach Belgien, was beim Talent Eindruck hinterlassen haben soll. Karetsas selbst soll einen Wechsel nach Dortmund bevorzugen, auch seine Familie unterst\u00fctzt diesen Schritt. Neben der r\u00e4umlichen N\u00e4he zu Genk sollen vor allem das sportliche Konzept und die finanziellen Rahmenbedingungen \u00fcberzeugen.<\/p>\n<p class=\"mb20 mt30\">Die gr\u00f6\u00dfte H\u00fcrde bleibt jedoch die Abl\u00f6se. Mehrere Dortmunder Angebote wurden von Genk bereits abgelehnt. Zuletzt sollen die Westfalen rund 30 Millionen Euro geboten haben, w\u00e4hrend der belgische Erstligist weiterhin auf rund 35 Millionen Euro besteht.<\/p>\n<p class=\"mb20 mt30\">Genks Technischer Direktor Dimitri De Cond\u00e9 machte zuletzt gegen\u00fcber \u201evoetbalkrant.com\u201c deutlich, dass sein Verein keinen Preisnachlass plant. \u201eWir haben aber nat\u00fcrlich auch unsere Position, und die basiert haupts\u00e4chlich auf unseren Werten. Wir wissen, was wir an ihm haben, und er hat zudem einen langfristigen Vertrag. Das spielt alles eine Rolle.\u201c<\/p>\n<p>Zukunft von BVB-Wunschspieler Karetsas offen<\/p>\n<p class=\"mb20 mt30\">Mit Blick auf die Zukunft des Youngsters wollte sich der Funktion\u00e4r dennoch nicht festlegen: \u201eWir werden sehen, was wir bis zum Ende der Transferperiode erreichen.\u201c Ob Dortmund am Ende den Zuschlag erh\u00e4lt oder ein anderer Verein den BVB noch \u00fcberholt, d\u00fcrfte sich in den kommenden Wochen entscheiden.<\/p>\n<p><img loading=\"lazy\" decoding=\"async\" src=\"https:\/\/www.europesays.com\/de\/wp-content\/uploads\/2026\/07\/b7a5133a10cd4ea4a22b78616fd3f2cc.gif\" width=\"1\" height=\"1\" alt=\"\" class=\"mb20 mt30\"\/><\/p>\n","protected":false},"excerpt":{"rendered":"Borussia Dortmund arbeitet weiterhin mit Hochdruck an einer Verpflichtung von Konstantinos Karetsas. Der 18 Jahre alte Offensivspieler vom&hellip;\n","protected":false},"author":2,"featured_media":1177283,"comment_status":"","ping_status":"","sticky":false,"template":"","format":"standard","meta":{"footnotes":"","_share_on_mastodon":"0"},"categories":[1833],"tags":[14697,888,299,3364,29,217,30,246333,1209,246332],"class_list":["post-1177282","post","type-post","status-publish","format-standard","has-post-thumbnail","category-dortmund","tag-ac-mailand","tag-borussia-dortmund","tag-bundesliga","tag-de","tag-deutschland","tag-dortmund","tag-germany","tag-konstantinos-karetsas","tag-nordrhein-westfalen","tag-rc-genk"],"share_on_mastodon":{"url":"https:\/\/pubeurope.com\/@de\/116944994667674113","error":""},"_links":{"self":[{"href":"https:\/\/www.europesays.com\/de\/wp-json\/wp\/v2\/posts\/1177282","targetHints":{"allow":["GET"]}}],"collection":[{"href":"https:\/\/www.europesays.com\/de\/wp-json\/wp\/v2\/posts"}],"about":[{"href":"https:\/\/www.europesays.com\/de\/wp-json\/wp\/v2\/types\/post"}],"author":[{"embeddable":true,"href":"https:\/\/www.europesays.com\/de\/wp-json\/wp\/v2\/users\/2"}],"replies":[{"embeddable":true,"href":"https:\/\/www.europesays.com\/de\/wp-json\/wp\/v2\/comments?post=1177282"}],"version-history":[{"count":0,"href":"https:\/\/www.europesays.com\/de\/wp-json\/wp\/v2\/posts\/1177282\/revisions"}],"wp:featuredmedia":[{"embeddable":true,"href":"https:\/\/www.europesays.com\/de\/wp-json\/wp\/v2\/media\/1177283"}],"wp:attachment":[{"href":"https:\/\/www.europesays.com\/de\/wp-json\/wp\/v2\/media?parent=1177282"}],"wp:term":[{"taxonomy":"category","embeddable":true,"href":"https:\/\/www.europesays.com\/de\/wp-json\/wp\/v2\/categories?post=1177282"},{"taxonomy":"post_tag","embeddable":true,"href":"https:\/\/www.europesays.com\/de\/wp-json\/wp\/v2\/tags?post=1177282"}],"curies":[{"name":"wp","href":"https:\/\/api.w.org\/{rel}","templated":true}]}}