{"id":1177316,"date":"2026-07-19T05:48:14","date_gmt":"2026-07-19T05:48:14","guid":{"rendered":"https:\/\/www.europesays.com\/de\/1177316\/"},"modified":"2026-07-19T05:48:14","modified_gmt":"2026-07-19T05:48:14","slug":"fuenf-jahre-humboldt-forum-in-berlin-zwischen-erfolg-und-kritik","status":"publish","type":"post","link":"https:\/\/www.europesays.com\/de\/1177316\/","title":{"rendered":"F\u00fcnf Jahre Humboldt Forum in Berlin: Zwischen Erfolg und Kritik"},"content":{"rendered":"<p>F\u00fcnf Jahre sp\u00e4ter sehen nicht alle, dass die Versprechen schon eingel\u00f6st wurden. F\u00fcr Volker Hassemer, ehemaliger Berliner CDU-Kultursenator und heute bei der Stiftung Zukunft Berlin aktiv, fehlt dem Ort die internationale Relevanz. &#8222;Die eigentliche Idee, die Vision des Humboldt Forums, ging dar\u00fcber hinaus&#8220;, sagt er. Es sollte nicht nur Kulturen pr\u00e4sentieren, sondern auch aktivieren. &#8222;Das passiert im Augenblick in dieser Stringenz nicht. Die Kulturen der Welt f\u00fchlen sich nicht aufgerufen, hier zu Wort zu kommen.&#8220; Er w\u00fcnscht sich einen kulturellen Debattenraum von internationaler Relevanz.<\/p>\n<p>Gemeinsam mit der Stiftung Zukunft Berlin, ein Zusammenschluss f\u00fcr b\u00fcrgerschaftliches Engagement, fordert er deshalb einen klareren politischen Auftrag f\u00fcr das Humboldt Forum und eine klarere F\u00fchrungsstruktur. Das Humboldt Forum ist ein Kooperationsverbund der Humboldt-Universit\u00e4t, der Stadt Berlin und der Stiftung Preu\u00dfischer Kulturbesitz unter Leitung der Stiftung Humboldt Forum, die aber nicht letztverantwortlich entscheiden kann.<\/p>\n<p>Auch der amtierende Kulturstaatsminister, Wolfram Weimer (parteilos), \u00e4u\u00dferte sich anl\u00e4sslich des Jubil\u00e4ums. Gegen\u00fcber der dpa sagte Weimer, dass das f\u00fcnf Jahre alte Humboldt Forum zwar generell ein Erfolg sei, aber auch eine Z\u00e4sur. &#8222;Die Phasen der Gr\u00fcndung und des Aufbaus sind vollendet. Jetzt beginnt die anspruchsvollere Aufgabe.&#8220; Nun k\u00f6nne sich das Haus zu einer &#8222;Institution mit einem gemeinsamen Selbstverst\u00e4ndnis&#8220; entwickeln. In Weimers Aussagen spiegelt sich zumindest der Wille nach Ver\u00e4nderung wider.<\/p>\n","protected":false},"excerpt":{"rendered":"F\u00fcnf Jahre sp\u00e4ter sehen nicht alle, dass die Versprechen schon eingel\u00f6st wurden. F\u00fcr Volker Hassemer, ehemaliger Berliner CDU-Kultursenator&hellip;\n","protected":false},"author":2,"featured_media":1177317,"comment_status":"","ping_status":"","sticky":false,"template":"","format":"standard","meta":{"footnotes":"","_share_on_mastodon":"0"},"categories":[1825],"tags":[296,29,30,240073,134296],"class_list":["post-1177316","post","type-post","status-publish","format-standard","has-post-thumbnail","category-berlin","tag-berlin","tag-deutschland","tag-germany","tag-rbb24museum","tag-rbb24tagesschau"],"share_on_mastodon":{"url":"https:\/\/pubeurope.com\/@de\/116945073420054193","error":""},"_links":{"self":[{"href":"https:\/\/www.europesays.com\/de\/wp-json\/wp\/v2\/posts\/1177316","targetHints":{"allow":["GET"]}}],"collection":[{"href":"https:\/\/www.europesays.com\/de\/wp-json\/wp\/v2\/posts"}],"about":[{"href":"https:\/\/www.europesays.com\/de\/wp-json\/wp\/v2\/types\/post"}],"author":[{"embeddable":true,"href":"https:\/\/www.europesays.com\/de\/wp-json\/wp\/v2\/users\/2"}],"replies":[{"embeddable":true,"href":"https:\/\/www.europesays.com\/de\/wp-json\/wp\/v2\/comments?post=1177316"}],"version-history":[{"count":0,"href":"https:\/\/www.europesays.com\/de\/wp-json\/wp\/v2\/posts\/1177316\/revisions"}],"wp:featuredmedia":[{"embeddable":true,"href":"https:\/\/www.europesays.com\/de\/wp-json\/wp\/v2\/media\/1177317"}],"wp:attachment":[{"href":"https:\/\/www.europesays.com\/de\/wp-json\/wp\/v2\/media?parent=1177316"}],"wp:term":[{"taxonomy":"category","embeddable":true,"href":"https:\/\/www.europesays.com\/de\/wp-json\/wp\/v2\/categories?post=1177316"},{"taxonomy":"post_tag","embeddable":true,"href":"https:\/\/www.europesays.com\/de\/wp-json\/wp\/v2\/tags?post=1177316"}],"curies":[{"name":"wp","href":"https:\/\/api.w.org\/{rel}","templated":true}]}}