{"id":1177340,"date":"2026-07-19T06:02:23","date_gmt":"2026-07-19T06:02:23","guid":{"rendered":"https:\/\/www.europesays.com\/de\/1177340\/"},"modified":"2026-07-19T06:02:23","modified_gmt":"2026-07-19T06:02:23","slug":"andrew-und-tristan-tate-influencer-andrew-und-tristan-tate-in-miami-festgenommen","status":"publish","type":"post","link":"https:\/\/www.europesays.com\/de\/1177340\/","title":{"rendered":"Andrew und Tristan Tate: Influencer Andrew und Tristan Tate in Miami festgenommen"},"content":{"rendered":"<p class=\"paragraph article__item\">Die als frauenverachtende <a href=\"https:\/\/www.zeit.de\/campus\/2019-05\/influencer-politischer-einfluss-soziale-netzwerke-youtube\" target=\"_blank\" rel=\"nofollow noopener\">Influencer<\/a> bekannten Br\u00fcder Andrew und Tristan Tate sind in den USA festgenommen worden. Die beiden in Gro\u00dfbritannien im Zusammenhang mit mutma\u00dflichen Sexualdelikten gesuchten M\u00e4nner seien in <a class=\"rtr-entity\" href=\"https:\/\/www.zeit.de\/thema\/miami\" rel=\"nofollow noopener\" target=\"_blank\">Miami<\/a> im US-Bundesstaat Florida gefasst worden, wie britische und US-amerikanische Beh\u00f6rden \u00fcbereinstimmend best\u00e4tigten. US-Medienberichten zufolge sollen sie kommende Woche vor einem Bundesgericht in Miami erscheinen.\n<\/p>\n<p class=\"paragraph article__item\">Die britische Staatsanwaltschaft wird eigenen Angaben zufolge die Auslieferung der beiden M\u00e4nner beantragen. Gegen die beiden l\u00e4uft ein <a href=\"https:\/\/www.zeit.de\/gesellschaft\/zeitgeschehen\/2026-03\/andrew-tate-ermittlungen-vergewaltigung-misogynie-gxe\" target=\"_blank\" rel=\"nofollow noopener\">Strafverfahren in Gro\u00dfbritannien<\/a>.  Die britischen Beh\u00f6rden teilten mit, sie werden weitere Anklagen gegen die Br\u00fcder erheben. Dabei gehe es unter anderem um \u00bbVergewaltigung, das Organisieren oder Erleichtern von <a href=\"https:\/\/www.google.com\/url?sa=t&amp;source=web&amp;rct=j&amp;opi=89978449&amp;url=https:\/\/www.zeit.de\/thema\/menschenhandel&amp;ved=2ahUKEwjZtbie192VAxV1jokEHcGmHdcQFnoECB0QAQ&amp;usg=AOvVaw13LSs1QEHd92NR2dRlh4l4\" target=\"_blank\" rel=\"nofollow noopener\">Menschenhandel<\/a> zum Zweck der sexuellen Ausbeutung sowie Straftaten im Zusammenhang mit kinderpornografischen Inhalten\u00ab, sagte Malcolm McHaffie, Leiter der Abteilung f\u00fcr besondere Straftaten.\n<\/p>\n<p class=\"paragraph article__item\">Die Vorw\u00fcrfe beziehen sich auf mutma\u00dfliche Taten, die sich den Angaben zufolge im Zeitraum von Juli 2010 bis August 2017 ereignet haben. Im M\u00e4rz hatte die britische Polizei Ermittlungen wegen Vergewaltigungs- und Missbrauchsvorw\u00fcrfen gegen Andrew Tate aus den Jahren 2014 und 2015 wieder aufgenommen. Er muss sich noch dieses Jahr in <a class=\"rtr-entity\" href=\"https:\/\/www.zeit.de\/thema\/grossbritannien\" rel=\"nofollow noopener\" target=\"_blank\">Gro\u00dfbritannien<\/a> in einem Zivilverfahren verantworten. Vier Frauen werfen ihm k\u00f6rperliche und sexuelle Misshandlung vor.\n<\/p>\n<p>            Ermittlungen auch in Rum\u00e4nien            <\/p>\n<p class=\"paragraph article__item\">Ein Anwalt der Br\u00fcder, Joseph McBride, kritisierte gegen\u00fcber dem Sender CNN die beantragte Auslieferung. Er sagte, es gebe eine Vereinbarung<br \/>\nzwischen der britischen und der rum\u00e4nischen Regierung, wonach<br \/>\nGro\u00dfbritannien keine Auslieferung beantragen w\u00fcrde, solange noch ein<br \/>\nVerfahren in Rum\u00e4nien anh\u00e4ngig sei. Andrew und Tristan Tate wurden dort 2022 wegen Vorw\u00fcrfen sexueller Ausbeutung von Frauen festgenommen. Wie auch heute bestritten die Tates damals die Anschuldigungen.\n<\/p>\n<p>                            \u00a9\u00a0Lea Dohle<\/p>\n<p>\n                                        Newsletter<br \/>\n                                        Was jetzt? \u2013 Der t\u00e4gliche Morgen\u00fcberblick<\/p>\n<p class=\"newsletter-signup__text\">Starten Sie mit unserem kurzen Nachrichten-Newsletter in den Tag. Erhalten Sie zudem freitags das digitale Magazin ZEIT am Wochenende.<\/p>\n<p class=\"newsletter-signup__datapolicy\" hidden=\"\">\n            Mit Ihrer Registrierung nehmen Sie die <a href=\"https:\/\/datenschutz.zeit.de\/zon#Newsletter\" target=\"_blank\" rel=\"nofollow noopener\">Datenschutzerkl\u00e4rung<\/a> zur Kenntnis.\n        <\/p>\n<p>    Vielen Dank! Wir haben Ihnen eine E-Mail geschickt.<\/p>\n<p>Pr\u00fcfen Sie Ihr Postfach und best\u00e4tigen Sie das Newsletter-Abonnement.<\/p>\n<p class=\"paragraph article__item\">Die in den <a class=\"rtr-entity\" href=\"https:\/\/www.zeit.de\/thema\/usa\" rel=\"nofollow noopener\" target=\"_blank\">USA<\/a> geborenen und n\u00f6rdlich von London aufgewachsenen Tates waren 2016 nach Rum\u00e4nien gezogen. Andrew Tate, ein ehemaliger Kickboxer, erreichte mit frauenverachtenden Aussagen in sozialen Netzwerken Millionen Jugendliche und junge M\u00e4nner. Sein Bruder Tristan half ihm dabei.\n<\/p>\n<p>Mehr zum Thema<\/p>\n<p>            Andrew Tate        <\/p>\n<p>                <a href=\"https:\/\/www.zeit.de\/zeit-magazin\/unterhaltung\/2022-12\/andrew-tate-greta-thunberg-twitter-reaktion-penis\" data-ct-label=\"Andrew Tate: Der Penis als Ma\u00df aller Dinge\" data-uuid=\"36f0a530-0c11-4567-890f-b8e291aa88dc\" rel=\"nofollow noopener\" target=\"_blank\"><\/p>\n<p>        Z+ (abopflichtiger Inhalt);<\/p>\n<p>    Andrew Tate:<br \/>\n                        Der Penis als Ma\u00df aller Dinge<\/p>\n<p>                <\/a><\/p>\n<p>                <a href=\"https:\/\/www.zeit.de\/2023\/18\/alpha-maenner-andrew-tate-maennlichkeit-coaching\" data-ct-label=\"Alpham\u00e4nner: Meine Maskulinit\u00e4t und ich\" data-uuid=\"f2538f55-e572-42af-9ae9-b7fa4962fc97\" rel=\"nofollow noopener\" target=\"_blank\"><\/p>\n<p>        Z+ (abopflichtiger Inhalt);<\/p>\n<p>    Alpham\u00e4nner:<br \/>\n                        Meine Maskulinit\u00e4t und ich<\/p>\n<p>                <\/a><\/p>\n<p>                <a href=\"https:\/\/www.zeit.de\/2023\/15\/andrew-tate-influencer-jugend-frauenverachtung\" data-ct-label=\"Andrew Tate: Der Frauenfeind, den viele junge M\u00e4nner verehren\" data-uuid=\"86cfa623-f434-4f9a-a055-476fa610cffa\" rel=\"nofollow noopener\" target=\"_blank\"><\/p>\n<p>        Z+ (abopflichtiger Inhalt);<\/p>\n<p>    Andrew Tate:<br \/>\n                        Der Frauenfeind, den viele junge M\u00e4nner verehren<\/p>\n<p>                <\/a><\/p>\n","protected":false},"excerpt":{"rendered":"Die als frauenverachtende Influencer bekannten Br\u00fcder Andrew und Tristan Tate sind in den USA festgenommen worden. Die beiden&hellip;\n","protected":false},"author":2,"featured_media":1177341,"comment_status":"","ping_status":"","sticky":false,"template":"","format":"standard","meta":{"footnotes":"","_share_on_mastodon":"0"},"categories":[3],"tags":[74293,246341,6784,1724,551,13,153,1980,17580,14,15,12,15210,10,8,9,11,246342,64,103,104],"class_list":["post-1177340","post","type-post","status-publish","format-standard","has-post-thumbnail","category-welt","tag-andrew-tate","tag-andrew-und-tristan-tate","tag-florida","tag-gesellschaft","tag-grossbritannien","tag-headlines","tag-influencer","tag-mann","tag-miami","tag-nachrichten","tag-news","tag-schlagzeilen","tag-sexualdelikt","tag-top-news","tag-top-meldungen","tag-topmeldungen","tag-topnews","tag-tristan-tate","tag-usa","tag-welt","tag-world"],"share_on_mastodon":{"url":"https:\/\/pubeurope.com\/@de\/116945128418443741","error":""},"_links":{"self":[{"href":"https:\/\/www.europesays.com\/de\/wp-json\/wp\/v2\/posts\/1177340","targetHints":{"allow":["GET"]}}],"collection":[{"href":"https:\/\/www.europesays.com\/de\/wp-json\/wp\/v2\/posts"}],"about":[{"href":"https:\/\/www.europesays.com\/de\/wp-json\/wp\/v2\/types\/post"}],"author":[{"embeddable":true,"href":"https:\/\/www.europesays.com\/de\/wp-json\/wp\/v2\/users\/2"}],"replies":[{"embeddable":true,"href":"https:\/\/www.europesays.com\/de\/wp-json\/wp\/v2\/comments?post=1177340"}],"version-history":[{"count":0,"href":"https:\/\/www.europesays.com\/de\/wp-json\/wp\/v2\/posts\/1177340\/revisions"}],"wp:featuredmedia":[{"embeddable":true,"href":"https:\/\/www.europesays.com\/de\/wp-json\/wp\/v2\/media\/1177341"}],"wp:attachment":[{"href":"https:\/\/www.europesays.com\/de\/wp-json\/wp\/v2\/media?parent=1177340"}],"wp:term":[{"taxonomy":"category","embeddable":true,"href":"https:\/\/www.europesays.com\/de\/wp-json\/wp\/v2\/categories?post=1177340"},{"taxonomy":"post_tag","embeddable":true,"href":"https:\/\/www.europesays.com\/de\/wp-json\/wp\/v2\/tags?post=1177340"}],"curies":[{"name":"wp","href":"https:\/\/api.w.org\/{rel}","templated":true}]}}